{"id":1115,"date":"2024-10-01T10:26:54","date_gmt":"2024-10-01T10:26:54","guid":{"rendered":"https:\/\/vicusalbus.org\/?p=1115"},"modified":"2024-10-28T11:02:21","modified_gmt":"2024-10-28T11:02:21","slug":"ambroz-un-pueblo-madrileno-desaparecido","status":"publish","type":"post","link":"https:\/\/vicusalbus.org\/?p=1115","title":{"rendered":"Ambroz, un pueblo madrile\u00f1o desaparecido"},"content":{"rendered":"\n<div data-wp-interactive=\"core\/file\" class=\"wp-block-file\"><object data-wp-bind--hidden=\"!state.hasPdfPreview\" hidden class=\"wp-block-file__embed\" data=\"https:\/\/vicusalbus.org\/wp-content\/uploads\/2024\/10\/articulo_Ambroz_Madrid_Historico_2024.pdf\" type=\"application\/pdf\" style=\"width:100%;height:600px\" aria-label=\"Incrustado de articulo_Ambroz_Madrid_Historico_2024.\"><\/object><a id=\"wp-block-file--media-9609070a-f8bf-4fcc-bc23-dfc3271e4388\" href=\"https:\/\/vicusalbus.org\/wp-content\/uploads\/2024\/10\/articulo_Ambroz_Madrid_Historico_2024.pdf\">articulo_Ambroz_Madrid_Historico_2024<\/a><a href=\"https:\/\/vicusalbus.org\/wp-content\/uploads\/2024\/10\/articulo_Ambroz_Madrid_Historico_2024.pdf\" class=\"wp-block-file__button wp-element-button\" download aria-describedby=\"wp-block-file--media-9609070a-f8bf-4fcc-bc23-dfc3271e4388\">Descarga<\/a><\/div>\n\n\n\n<p>Os compartimos un nuevo trabajo de miembros de esta entidad. Nuestro socio Agust\u00edn Fern\u00e1ndez escudero, uno de nuestros investigadores m\u00e1s activos, acaba de publicar su \u00faltima investigaci\u00f3n sobre Ambroz, <a target='_blank' href=\"https:\/\/vicusalbus.org\/?p=50\" rel=\"noopener\">un despoblado cuyo t\u00e9rmino forma parte de Vic\u00e1lvaro en la actualidad<\/a>. La publicaci\u00f3n est\u00e1 siponible en formato papel en el <a target='_blank' href=\"https:\/\/edicioneslalibreria.com\/tienda\/revista-madrid-historico-no-113-digital\" rel=\"noopener\">n\u00famero 113 de la revista Madrid Hist\u00f3rico<\/a> con el apoyo de su inseparable asesor Valent\u00edn Gonz\u00e1lez.<\/p>\n\n\n\n<p>Escudero, A. F., &amp; G\u00e1lvez, V. G. (2024). Ambroz, un pueblo madrile\u00f1o desaparecido.&nbsp;<em>Madrid hist\u00f3rico<\/em>, (113), 62-72.<\/p>\n\n\n\n<p><\/p>\n","protected":false},"excerpt":{"rendered":"<p>Os compartimos un nuevo trabajo de miembros de esta entidad. Nuestro socio Agust\u00edn Fern\u00e1ndez escudero, uno de nuestros investigadores m\u00e1s activos, acaba de publicar su \u00faltima investigaci\u00f3n sobre Ambroz, un despoblado cuyo t\u00e9rmino forma parte de Vic\u00e1lvaro en la actualidad. La publicaci\u00f3n est\u00e1 siponible en formato papel en el n\u00famero 113 de la revista Madrid &hellip; <\/p>\n<p class=\"link-more\"><a href=\"https:\/\/vicusalbus.org\/?p=1115\" class=\"more-link\">Leer m\u00e1s<span class=\"screen-reader-text\"> \u00abAmbroz, un pueblo madrile\u00f1o desaparecido\u00bb<\/span><\/a><\/p>\n","protected":false},"author":2,"featured_media":1121,"comment_status":"open","ping_status":"open","sticky":false,"template":"","format":"standard","meta":{"two_page_speed":[],"footnotes":""},"categories":[32],"tags":[34],"class_list":["post-1115","post","type-post","status-publish","format-standard","has-post-thumbnail","hentry","category-noticias-de-2024","tag-ambroz"],"yoast_head":"<!-- This site is optimized with the Yoast SEO plugin v27.5 - https:\/\/yoast.com\/product\/yoast-seo-wordpress\/ -->\n<title>Ambroz, un pueblo madrile\u00f1o desaparecido - Asociaci\u00f3n Vicus Albus<\/title>\n<meta name=\"robots\" content=\"index, follow, max-snippet:-1, max-image-preview:large, max-video-preview:-1\" \/>\n<link rel=\"canonical\" href=\"https:\/\/vicusalbus.org\/?p=1115\" \/>\n<meta property=\"og:locale\" content=\"es_ES\" \/>\n<meta property=\"og:type\" content=\"article\" \/>\n<meta property=\"og:title\" content=\"Ambroz, un pueblo madrile\u00f1o desaparecido - Asociaci\u00f3n Vicus Albus\" \/>\n<meta property=\"og:description\" content=\"Os compartimos un nuevo trabajo de miembros de esta entidad. Nuestro socio Agust\u00edn Fern\u00e1ndez escudero, uno de nuestros investigadores m\u00e1s activos, acaba de publicar su \u00faltima investigaci\u00f3n sobre Ambroz, un despoblado cuyo t\u00e9rmino forma parte de Vic\u00e1lvaro en la actualidad. La publicaci\u00f3n est\u00e1 siponible en formato papel en el n\u00famero 113 de la revista Madrid &hellip; Leer m\u00e1s \u00abAmbroz, un pueblo madrile\u00f1o desaparecido\u00bb\" \/>\n<meta property=\"og:url\" content=\"https:\/\/vicusalbus.org\/?p=1115\" \/>\n<meta property=\"og:site_name\" content=\"Asociaci\u00f3n Vicus Albus\" \/>\n<meta property=\"article:published_time\" content=\"2024-10-01T10:26:54+00:00\" \/>\n<meta property=\"article:modified_time\" content=\"2024-10-28T11:02:21+00:00\" \/>\n<meta property=\"og:image\" content=\"https:\/\/vicusalbus.org\/wp-content\/uploads\/2024\/10\/20240925-Ambroz-Madrid-historico-1-scaled.jpg\" \/>\n\t<meta property=\"og:image:width\" content=\"1989\" \/>\n\t<meta property=\"og:image:height\" content=\"2560\" \/>\n\t<meta property=\"og:image:type\" content=\"image\/jpeg\" \/>\n<meta name=\"author\" content=\"Vicus Albus\" \/>\n<meta name=\"twitter:card\" content=\"summary_large_image\" \/>\n<meta name=\"twitter:label1\" content=\"Escrito por\" \/>\n\t<meta name=\"twitter:data1\" content=\"Vicus Albus\" \/>\n\t<meta name=\"twitter:label2\" content=\"Tiempo de lectura\" \/>\n\t<meta name=\"twitter:data2\" content=\"1 minuto\" \/>\n<script type=\"application\/ld+json\" class=\"yoast-schema-graph\">{\"@context\":\"https:\\\/\\\/schema.org\",\"@graph\":[{\"@type\":\"Article\",\"@id\":\"https:\\\/\\\/vicusalbus.org\\\/?p=1115#article\",\"isPartOf\":{\"@id\":\"https:\\\/\\\/vicusalbus.org\\\/?p=1115\"},\"author\":{\"name\":\"Vicus Albus\",\"@id\":\"https:\\\/\\\/vicusalbus.org\\\/#\\\/schema\\\/person\\\/0f457e642a2752fe3866b4bd8949205b\"},\"headline\":\"Ambroz, un pueblo madrile\u00f1o desaparecido\",\"datePublished\":\"2024-10-01T10:26:54+00:00\",\"dateModified\":\"2024-10-28T11:02:21+00:00\",\"mainEntityOfPage\":{\"@id\":\"https:\\\/\\\/vicusalbus.org\\\/?p=1115\"},\"wordCount\":105,\"commentCount\":0,\"publisher\":{\"@id\":\"https:\\\/\\\/vicusalbus.org\\\/#organization\"},\"image\":{\"@id\":\"https:\\\/\\\/vicusalbus.org\\\/?p=1115#primaryimage\"},\"thumbnailUrl\":\"https:\\\/\\\/vicusalbus.org\\\/wp-content\\\/uploads\\\/2024\\\/10\\\/20240925-Ambroz-Madrid-historico-1-scaled.jpg\",\"keywords\":[\"Ambroz\"],\"articleSection\":[\"Noticias de 2024\"],\"inLanguage\":\"es\",\"potentialAction\":[{\"@type\":\"CommentAction\",\"name\":\"Comment\",\"target\":[\"https:\\\/\\\/vicusalbus.org\\\/?p=1115#respond\"]}]},{\"@type\":\"WebPage\",\"@id\":\"https:\\\/\\\/vicusalbus.org\\\/?p=1115\",\"url\":\"https:\\\/\\\/vicusalbus.org\\\/?p=1115\",\"name\":\"Ambroz, un pueblo madrile\u00f1o desaparecido - Asociaci\u00f3n Vicus Albus\",\"isPartOf\":{\"@id\":\"https:\\\/\\\/vicusalbus.org\\\/#website\"},\"primaryImageOfPage\":{\"@id\":\"https:\\\/\\\/vicusalbus.org\\\/?p=1115#primaryimage\"},\"image\":{\"@id\":\"https:\\\/\\\/vicusalbus.org\\\/?p=1115#primaryimage\"},\"thumbnailUrl\":\"https:\\\/\\\/vicusalbus.org\\\/wp-content\\\/uploads\\\/2024\\\/10\\\/20240925-Ambroz-Madrid-historico-1-scaled.jpg\",\"datePublished\":\"2024-10-01T10:26:54+00:00\",\"dateModified\":\"2024-10-28T11:02:21+00:00\",\"breadcrumb\":{\"@id\":\"https:\\\/\\\/vicusalbus.org\\\/?p=1115#breadcrumb\"},\"inLanguage\":\"es\",\"potentialAction\":[{\"@type\":\"ReadAction\",\"target\":[\"https:\\\/\\\/vicusalbus.org\\\/?p=1115\"]}]},{\"@type\":\"ImageObject\",\"inLanguage\":\"es\",\"@id\":\"https:\\\/\\\/vicusalbus.org\\\/?p=1115#primaryimage\",\"url\":\"https:\\\/\\\/vicusalbus.org\\\/wp-content\\\/uploads\\\/2024\\\/10\\\/20240925-Ambroz-Madrid-historico-1-scaled.jpg\",\"contentUrl\":\"https:\\\/\\\/vicusalbus.org\\\/wp-content\\\/uploads\\\/2024\\\/10\\\/20240925-Ambroz-Madrid-historico-1-scaled.jpg\",\"width\":1989,\"height\":2560,\"caption\":\"289\"},{\"@type\":\"BreadcrumbList\",\"@id\":\"https:\\\/\\\/vicusalbus.org\\\/?p=1115#breadcrumb\",\"itemListElement\":[{\"@type\":\"ListItem\",\"position\":1,\"name\":\"Portada\",\"item\":\"https:\\\/\\\/vicusalbus.org\\\/\"},{\"@type\":\"ListItem\",\"position\":2,\"name\":\"Ambroz, un pueblo madrile\u00f1o desaparecido\"}]},{\"@type\":\"WebSite\",\"@id\":\"https:\\\/\\\/vicusalbus.org\\\/#website\",\"url\":\"https:\\\/\\\/vicusalbus.org\\\/\",\"name\":\"Asociaci\u00f3n Vicus Albus\",\"description\":\"\",\"publisher\":{\"@id\":\"https:\\\/\\\/vicusalbus.org\\\/#organization\"},\"potentialAction\":[{\"@type\":\"SearchAction\",\"target\":{\"@type\":\"EntryPoint\",\"urlTemplate\":\"https:\\\/\\\/vicusalbus.org\\\/?s={search_term_string}\"},\"query-input\":{\"@type\":\"PropertyValueSpecification\",\"valueRequired\":true,\"valueName\":\"search_term_string\"}}],\"inLanguage\":\"es\"},{\"@type\":\"Organization\",\"@id\":\"https:\\\/\\\/vicusalbus.org\\\/#organization\",\"name\":\"Asociaci\u00f3n Vicus Albus\",\"url\":\"https:\\\/\\\/vicusalbus.org\\\/\",\"logo\":{\"@type\":\"ImageObject\",\"inLanguage\":\"es\",\"@id\":\"https:\\\/\\\/vicusalbus.org\\\/#\\\/schema\\\/logo\\\/image\\\/\",\"url\":\"https:\\\/\\\/vicusalbus.org\\\/wp-content\\\/uploads\\\/2024\\\/06\\\/cropped-logo_oficial_vicus.jpg\",\"contentUrl\":\"https:\\\/\\\/vicusalbus.org\\\/wp-content\\\/uploads\\\/2024\\\/06\\\/cropped-logo_oficial_vicus.jpg\",\"width\":496,\"height\":100,\"caption\":\"Asociaci\u00f3n Vicus Albus\"},\"image\":{\"@id\":\"https:\\\/\\\/vicusalbus.org\\\/#\\\/schema\\\/logo\\\/image\\\/\"}},{\"@type\":\"Person\",\"@id\":\"https:\\\/\\\/vicusalbus.org\\\/#\\\/schema\\\/person\\\/0f457e642a2752fe3866b4bd8949205b\",\"name\":\"Vicus Albus\",\"image\":{\"@type\":\"ImageObject\",\"inLanguage\":\"es\",\"@id\":\"https:\\\/\\\/secure.gravatar.com\\\/avatar\\\/feb2a4b4ce1c54eafcc6886aa4ecbed6f4c5da2acff48eebe049931f3265aad8?s=96&d=mm&r=g\",\"url\":\"https:\\\/\\\/secure.gravatar.com\\\/avatar\\\/feb2a4b4ce1c54eafcc6886aa4ecbed6f4c5da2acff48eebe049931f3265aad8?s=96&d=mm&r=g\",\"contentUrl\":\"https:\\\/\\\/secure.gravatar.com\\\/avatar\\\/feb2a4b4ce1c54eafcc6886aa4ecbed6f4c5da2acff48eebe049931f3265aad8?s=96&d=mm&r=g\",\"caption\":\"Vicus Albus\"},\"url\":\"https:\\\/\\\/vicusalbus.org\\\/?author=2\"}]}<\/script>\n<!-- \/ Yoast SEO plugin. -->","yoast_head_json":{"title":"Ambroz, un pueblo madrile\u00f1o desaparecido - Asociaci\u00f3n Vicus Albus","robots":{"index":"index","follow":"follow","max-snippet":"max-snippet:-1","max-image-preview":"max-image-preview:large","max-video-preview":"max-video-preview:-1"},"canonical":"https:\/\/vicusalbus.org\/?p=1115","og_locale":"es_ES","og_type":"article","og_title":"Ambroz, un pueblo madrile\u00f1o desaparecido - Asociaci\u00f3n Vicus Albus","og_description":"Os compartimos un nuevo trabajo de miembros de esta entidad. Nuestro socio Agust\u00edn Fern\u00e1ndez escudero, uno de nuestros investigadores m\u00e1s activos, acaba de publicar su \u00faltima investigaci\u00f3n sobre Ambroz, un despoblado cuyo t\u00e9rmino forma parte de Vic\u00e1lvaro en la actualidad. La publicaci\u00f3n est\u00e1 siponible en formato papel en el n\u00famero 113 de la revista Madrid &hellip; Leer m\u00e1s \u00abAmbroz, un pueblo madrile\u00f1o desaparecido\u00bb","og_url":"https:\/\/vicusalbus.org\/?p=1115","og_site_name":"Asociaci\u00f3n Vicus Albus","article_published_time":"2024-10-01T10:26:54+00:00","article_modified_time":"2024-10-28T11:02:21+00:00","og_image":[{"width":1989,"height":2560,"url":"https:\/\/vicusalbus.org\/wp-content\/uploads\/2024\/10\/20240925-Ambroz-Madrid-historico-1-scaled.jpg","type":"image\/jpeg"}],"author":"Vicus Albus","twitter_card":"summary_large_image","twitter_misc":{"Escrito por":"Vicus Albus","Tiempo de lectura":"1 minuto"},"schema":{"@context":"https:\/\/schema.org","@graph":[{"@type":"Article","@id":"https:\/\/vicusalbus.org\/?p=1115#article","isPartOf":{"@id":"https:\/\/vicusalbus.org\/?p=1115"},"author":{"name":"Vicus Albus","@id":"https:\/\/vicusalbus.org\/#\/schema\/person\/0f457e642a2752fe3866b4bd8949205b"},"headline":"Ambroz, un pueblo madrile\u00f1o desaparecido","datePublished":"2024-10-01T10:26:54+00:00","dateModified":"2024-10-28T11:02:21+00:00","mainEntityOfPage":{"@id":"https:\/\/vicusalbus.org\/?p=1115"},"wordCount":105,"commentCount":0,"publisher":{"@id":"https:\/\/vicusalbus.org\/#organization"},"image":{"@id":"https:\/\/vicusalbus.org\/?p=1115#primaryimage"},"thumbnailUrl":"https:\/\/vicusalbus.org\/wp-content\/uploads\/2024\/10\/20240925-Ambroz-Madrid-historico-1-scaled.jpg","keywords":["Ambroz"],"articleSection":["Noticias de 2024"],"inLanguage":"es","potentialAction":[{"@type":"CommentAction","name":"Comment","target":["https:\/\/vicusalbus.org\/?p=1115#respond"]}]},{"@type":"WebPage","@id":"https:\/\/vicusalbus.org\/?p=1115","url":"https:\/\/vicusalbus.org\/?p=1115","name":"Ambroz, un pueblo madrile\u00f1o desaparecido - Asociaci\u00f3n Vicus Albus","isPartOf":{"@id":"https:\/\/vicusalbus.org\/#website"},"primaryImageOfPage":{"@id":"https:\/\/vicusalbus.org\/?p=1115#primaryimage"},"image":{"@id":"https:\/\/vicusalbus.org\/?p=1115#primaryimage"},"thumbnailUrl":"https:\/\/vicusalbus.org\/wp-content\/uploads\/2024\/10\/20240925-Ambroz-Madrid-historico-1-scaled.jpg","datePublished":"2024-10-01T10:26:54+00:00","dateModified":"2024-10-28T11:02:21+00:00","breadcrumb":{"@id":"https:\/\/vicusalbus.org\/?p=1115#breadcrumb"},"inLanguage":"es","potentialAction":[{"@type":"ReadAction","target":["https:\/\/vicusalbus.org\/?p=1115"]}]},{"@type":"ImageObject","inLanguage":"es","@id":"https:\/\/vicusalbus.org\/?p=1115#primaryimage","url":"https:\/\/vicusalbus.org\/wp-content\/uploads\/2024\/10\/20240925-Ambroz-Madrid-historico-1-scaled.jpg","contentUrl":"https:\/\/vicusalbus.org\/wp-content\/uploads\/2024\/10\/20240925-Ambroz-Madrid-historico-1-scaled.jpg","width":1989,"height":2560,"caption":"289"},{"@type":"BreadcrumbList","@id":"https:\/\/vicusalbus.org\/?p=1115#breadcrumb","itemListElement":[{"@type":"ListItem","position":1,"name":"Portada","item":"https:\/\/vicusalbus.org\/"},{"@type":"ListItem","position":2,"name":"Ambroz, un pueblo madrile\u00f1o desaparecido"}]},{"@type":"WebSite","@id":"https:\/\/vicusalbus.org\/#website","url":"https:\/\/vicusalbus.org\/","name":"Asociaci\u00f3n Vicus Albus","description":"","publisher":{"@id":"https:\/\/vicusalbus.org\/#organization"},"potentialAction":[{"@type":"SearchAction","target":{"@type":"EntryPoint","urlTemplate":"https:\/\/vicusalbus.org\/?s={search_term_string}"},"query-input":{"@type":"PropertyValueSpecification","valueRequired":true,"valueName":"search_term_string"}}],"inLanguage":"es"},{"@type":"Organization","@id":"https:\/\/vicusalbus.org\/#organization","name":"Asociaci\u00f3n Vicus Albus","url":"https:\/\/vicusalbus.org\/","logo":{"@type":"ImageObject","inLanguage":"es","@id":"https:\/\/vicusalbus.org\/#\/schema\/logo\/image\/","url":"https:\/\/vicusalbus.org\/wp-content\/uploads\/2024\/06\/cropped-logo_oficial_vicus.jpg","contentUrl":"https:\/\/vicusalbus.org\/wp-content\/uploads\/2024\/06\/cropped-logo_oficial_vicus.jpg","width":496,"height":100,"caption":"Asociaci\u00f3n Vicus Albus"},"image":{"@id":"https:\/\/vicusalbus.org\/#\/schema\/logo\/image\/"}},{"@type":"Person","@id":"https:\/\/vicusalbus.org\/#\/schema\/person\/0f457e642a2752fe3866b4bd8949205b","name":"Vicus Albus","image":{"@type":"ImageObject","inLanguage":"es","@id":"https:\/\/secure.gravatar.com\/avatar\/feb2a4b4ce1c54eafcc6886aa4ecbed6f4c5da2acff48eebe049931f3265aad8?s=96&d=mm&r=g","url":"https:\/\/secure.gravatar.com\/avatar\/feb2a4b4ce1c54eafcc6886aa4ecbed6f4c5da2acff48eebe049931f3265aad8?s=96&d=mm&r=g","contentUrl":"https:\/\/secure.gravatar.com\/avatar\/feb2a4b4ce1c54eafcc6886aa4ecbed6f4c5da2acff48eebe049931f3265aad8?s=96&d=mm&r=g","caption":"Vicus Albus"},"url":"https:\/\/vicusalbus.org\/?author=2"}]}},"_links":{"self":[{"href":"https:\/\/vicusalbus.org\/index.php?rest_route=\/wp\/v2\/posts\/1115","targetHints":{"allow":["GET"]}}],"collection":[{"href":"https:\/\/vicusalbus.org\/index.php?rest_route=\/wp\/v2\/posts"}],"about":[{"href":"https:\/\/vicusalbus.org\/index.php?rest_route=\/wp\/v2\/types\/post"}],"author":[{"embeddable":true,"href":"https:\/\/vicusalbus.org\/index.php?rest_route=\/wp\/v2\/users\/2"}],"replies":[{"embeddable":true,"href":"https:\/\/vicusalbus.org\/index.php?rest_route=%2Fwp%2Fv2%2Fcomments&post=1115"}],"version-history":[{"count":5,"href":"https:\/\/vicusalbus.org\/index.php?rest_route=\/wp\/v2\/posts\/1115\/revisions"}],"predecessor-version":[{"id":1143,"href":"https:\/\/vicusalbus.org\/index.php?rest_route=\/wp\/v2\/posts\/1115\/revisions\/1143"}],"wp:featuredmedia":[{"embeddable":true,"href":"https:\/\/vicusalbus.org\/index.php?rest_route=\/wp\/v2\/media\/1121"}],"wp:attachment":[{"href":"https:\/\/vicusalbus.org\/index.php?rest_route=%2Fwp%2Fv2%2Fmedia&parent=1115"}],"wp:term":[{"taxonomy":"category","embeddable":true,"href":"https:\/\/vicusalbus.org\/index.php?rest_route=%2Fwp%2Fv2%2Fcategories&post=1115"},{"taxonomy":"post_tag","embeddable":true,"href":"https:\/\/vicusalbus.org\/index.php?rest_route=%2Fwp%2Fv2%2Ftags&post=1115"}],"curies":[{"name":"wp","href":"https:\/\/api.w.org\/{rel}","templated":true}]}}