{"id":114,"date":"2015-10-24T17:21:17","date_gmt":"2015-10-24T17:21:17","guid":{"rendered":"https:\/\/vicusalbus.org\/wordpress\/?p=114"},"modified":"2025-12-28T16:48:33","modified_gmt":"2025-12-28T16:48:33","slug":"un-vicalvareno-recibe-el-premio-princesa-de-asturias-de-las-letras","status":"publish","type":"post","link":"https:\/\/vicusalbus.org\/?p=114","title":{"rendered":"Un &#8220;vicalvare\u00f1o&#8221; recibe el premio Princesa de Asturias"},"content":{"rendered":"<p style=\"text-align: center;\"><img decoding=\"async\" src=\"images\/Elledo_Premios.jpg\" alt=\"\" \/><\/p>\n<p style=\"text-align: center;\">\u00a0<\/p>\n<p>\u00a0\u00a0\u00a0 Como ya hemos publicado en anteriores ocasiones desde esta web, el acad\u00e9mico D. Emilio Lled\u00f3 aun conserva en su memoria los recuerdos de su infancia que pas\u00f3 en Vic\u00e1lvaro, coincidiendo con la Guerra Civil de 1936. En numerosas ocasiones ha hecho referencia a su maestro Don Francisco\u00a0de Vic\u00e1lvaro, que \u00e9l considera\u00a0el germen de su\u00a0amor a las letras;<\/p>\n<p style=\"padding-left: 90px;\"><em>&lt;&lt;&#8230;Sin embargo, repito, ese maestro consigui\u00f3 hacerme feliz. A\u00fan tengo su imagen clar\u00edsima:<strong> era un muchacho alto, no creo que tuviese m\u00e1s de 30 a\u00f1os, uno de esos maestros de la Rep\u00fablica, de las Misiones Pedag\u00f3gicas<\/strong>. Nos hac\u00eda leer varias veces por semana unas p\u00e1ginas de distintos libros. Hubo muchas lecturas, pero yo recuerdo el <strong>\u201cQuijote\u201d<\/strong> porque ah\u00ed naci\u00f3 mi amor por una novela que he le\u00eddo m\u00e1s de 12 veces. Ese maestro nos hablaba a ni\u00f1os de 10 a\u00f1os de sugerencias de lectura y esa frase no la he olvidado nunca. Era una frase que abr\u00eda nuestras mentes. \u00bfQu\u00e9 nos pod\u00eda inspirar \u201cDon Quijote\u201d, a nuestra edad, en el caos aquel de la guerra? Pues all\u00ed, con nuestros lapiceros, nos pon\u00edamos a escribir sobre <strong>las sugerencias que nos despertaba don Miguel de Cervantes<\/strong>.&gt;&gt; <\/em><em><sub>(Extra\u00eddo de la Entrevista a Emilio Lled\u00f3 hecha por Enma Rodriguez, <\/sub><strong><sub>revista cultural \u201cTuria\u201d Nums. 109-110, a\u00f1o 2014).<\/sub><\/strong><\/em><sub>\u00a0<\/sub><\/p>\n<p>\u00a0\u00a0\u00a0\u00a0Esta ilustre persona, fue reconocida con el Premio Princesa de Asturias de Comunicaci\u00f3n y Humanidades de 2015 el pasado mes de mayo,\u00a0por su trayectoria y como referente intelectual y \u00e9tico. El pasado 23 de octubre de 2015, tuvo lugar en Oviedo la entrega del premio, que el fil\u00f3sofo recogi\u00f3 de manos de S.M.\u00a0el Rey Don Felipe VI.<\/p>\n<table style=\"margin-right: auto; margin-left: auto;\">\n<tbody>\n<tr>\n<td><em><img loading=\"lazy\" decoding=\"async\" src=\"images\/elledo_elpais.jpg\" alt=\"\" width=\"289\" height=\"500\" \/><sub>\u00a0<\/sub><\/em><\/td>\n<td><sub><em><img loading=\"lazy\" decoding=\"async\" src=\"images\/culturalElMundo2015.jpg\" alt=\"\" width=\"414\" height=\"560\" \/>\u00a0<\/em><\/sub><\/td>\n<\/tr>\n<tr>\n<td>\u00a0<\/td>\n<td><sub><em>Suplemento Cultural del Diario El Mundo &#8211; 22\/10\/2015<\/em><\/sub><\/td>\n<\/tr>\n<\/tbody>\n<\/table>\n<p style=\"text-align: justify;\">\u00a0\u00a0\u00a0\u00a0Emilio Lled\u00f3\u00a0visit\u00f3 el museo\u00a0de <a href=\"index.php?option=com_content&amp;view=article&amp;id=72;visita-de-don-emilio-lledo&amp;catid=15;2009&amp;Itemid=6\" target=\"_blank\" rel=\"noopener\"><span style=\"text-decoration: underline;\"><span style=\"color: #0066cc;\"> Vicus Albus<\/span><\/span>\u00a0en 2009<\/a> y tambi\u00e9n tuvimos el honor de que volviese a participar en la presentaci\u00f3n del libro <a href=\"index.php?option=com_content&amp;view=article&amp;id=95;presentacion2011&amp;catid=20;2011&amp;Itemid=6\" target=\"_blank\" rel=\"noopener\"><span style=\"text-decoration: underline;\"><span style=\"color: #0066cc;\">&#8220;Vic\u00e1lvaro 1890-1975&#8221;<\/span><\/span><\/a> en noviembre de 2011. A principios de 2014\u00a0fue la \u00faltima vez que estuvo en Vic\u00e1lvaro\u00a0para impartiendo una <span style=\"text-decoration: underline;\"><a title=\"Emilio Lled\u00f3 vuelve a Vic\u00e1lvaro\" href=\"index.php?option=com_content&amp;view=article&amp;id=4;visita-de-d-emilio-lledo&amp;catid=10&amp;Itemid=108\" target=\"_blank\" rel=\"noopener\">conferencia<\/a><\/span>,\u00a0a la que aludi\u00f3\u00a0el diario &#8220;El Pa\u00eds&#8221; en su edici\u00f3n del 14 de enero de 2014.<br \/>\u00a0<\/p>\n<table style=\"margin-right: auto; margin-left: auto;\">\n<tbody>\n<tr>\n<td>\u00a0<img loading=\"lazy\" decoding=\"async\" src=\"images\/elledo.jpg\" alt=\"\" width=\"255\" height=\"191\" border=\"0\" \/><\/td>\n<td>\u00a0<\/td>\n<td><img loading=\"lazy\" decoding=\"async\" title=\"Emilio Lled\u00f3 en Vic\u00e1lvaro\" src=\"images\/stories\/e_lledo2014.jpg\" alt=\"Visita de Emilio Lled\u00f3 a Vic\u00e1lvaro\" width=\"312\" height=\"500\" border=\"0\" \/>\u00a0<\/td>\n<\/tr>\n<\/tbody>\n<\/table>\n<p>\u00a0<\/p>\n<p>\u00a0<\/p>\n<p>\u00a0<\/p>\n<p>\u00a0<\/p>\n","protected":false},"excerpt":{"rendered":"<p>\u00a0 \u00a0\u00a0\u00a0 Como ya hemos publicado en anteriores ocasiones desde esta web, el acad\u00e9mico D. Emilio Lled\u00f3 aun conserva en su memoria los recuerdos de su infancia que pas\u00f3 en Vic\u00e1lvaro, coincidiendo con la Guerra Civil de 1936. En numerosas ocasiones ha hecho referencia a su maestro Don Francisco\u00a0de Vic\u00e1lvaro, que \u00e9l considera\u00a0el germen de &hellip; <\/p>\n<p class=\"link-more\"><a href=\"https:\/\/vicusalbus.org\/?p=114\" class=\"more-link\">Leer m\u00e1s<span class=\"screen-reader-text\"> \u00abUn &#8220;vicalvare\u00f1o&#8221; recibe el premio Princesa de Asturias\u00bb<\/span><\/a><\/p>\n","protected":false},"author":2,"featured_media":0,"comment_status":"open","ping_status":"open","sticky":false,"template":"","format":"standard","meta":{"two_page_speed":[],"footnotes":""},"categories":[22],"tags":[],"class_list":["post-114","post","type-post","status-publish","format-standard","hentry","category-noticias-2015"],"yoast_head":"<!-- This site is optimized with the Yoast SEO plugin v27.5 - https:\/\/yoast.com\/product\/yoast-seo-wordpress\/ -->\n<title>Un &quot;vicalvare\u00f1o&quot; recibe el premio Princesa de Asturias - Asociaci\u00f3n Vicus Albus<\/title>\n<meta name=\"robots\" content=\"index, follow, max-snippet:-1, max-image-preview:large, max-video-preview:-1\" \/>\n<link rel=\"canonical\" href=\"https:\/\/vicusalbus.org\/?p=114\" \/>\n<meta property=\"og:locale\" content=\"es_ES\" \/>\n<meta property=\"og:type\" content=\"article\" \/>\n<meta property=\"og:title\" content=\"Un &quot;vicalvare\u00f1o&quot; recibe el premio Princesa de Asturias - Asociaci\u00f3n Vicus Albus\" \/>\n<meta property=\"og:description\" content=\"\u00a0 \u00a0\u00a0\u00a0 Como ya hemos publicado en anteriores ocasiones desde esta web, el acad\u00e9mico D. Emilio Lled\u00f3 aun conserva en su memoria los recuerdos de su infancia que pas\u00f3 en Vic\u00e1lvaro, coincidiendo con la Guerra Civil de 1936. En numerosas ocasiones ha hecho referencia a su maestro Don Francisco\u00a0de Vic\u00e1lvaro, que \u00e9l considera\u00a0el germen de &hellip; Leer m\u00e1s \u00abUn &#8220;vicalvare\u00f1o&#8221; recibe el premio Princesa de Asturias\u00bb\" \/>\n<meta property=\"og:url\" content=\"https:\/\/vicusalbus.org\/?p=114\" \/>\n<meta property=\"og:site_name\" content=\"Asociaci\u00f3n Vicus Albus\" \/>\n<meta property=\"article:published_time\" content=\"2015-10-24T17:21:17+00:00\" \/>\n<meta property=\"article:modified_time\" content=\"2025-12-28T16:48:33+00:00\" \/>\n<meta name=\"author\" content=\"Vicus Albus\" \/>\n<meta name=\"twitter:card\" content=\"summary_large_image\" \/>\n<meta name=\"twitter:label1\" content=\"Escrito por\" \/>\n\t<meta name=\"twitter:data1\" content=\"Vicus Albus\" \/>\n\t<meta name=\"twitter:label2\" content=\"Tiempo de lectura\" \/>\n\t<meta name=\"twitter:data2\" content=\"2 minutos\" \/>\n<script type=\"application\/ld+json\" class=\"yoast-schema-graph\">{\"@context\":\"https:\\\/\\\/schema.org\",\"@graph\":[{\"@type\":\"Article\",\"@id\":\"https:\\\/\\\/vicusalbus.org\\\/?p=114#article\",\"isPartOf\":{\"@id\":\"https:\\\/\\\/vicusalbus.org\\\/?p=114\"},\"author\":{\"name\":\"Vicus Albus\",\"@id\":\"https:\\\/\\\/vicusalbus.org\\\/#\\\/schema\\\/person\\\/0f457e642a2752fe3866b4bd8949205b\"},\"headline\":\"Un &#8220;vicalvare\u00f1o&#8221; recibe el premio Princesa de Asturias\",\"datePublished\":\"2015-10-24T17:21:17+00:00\",\"dateModified\":\"2025-12-28T16:48:33+00:00\",\"mainEntityOfPage\":{\"@id\":\"https:\\\/\\\/vicusalbus.org\\\/?p=114\"},\"wordCount\":371,\"commentCount\":0,\"publisher\":{\"@id\":\"https:\\\/\\\/vicusalbus.org\\\/#organization\"},\"articleSection\":[\"Noticias de 2015\"],\"inLanguage\":\"es\",\"potentialAction\":[{\"@type\":\"CommentAction\",\"name\":\"Comment\",\"target\":[\"https:\\\/\\\/vicusalbus.org\\\/?p=114#respond\"]}]},{\"@type\":\"WebPage\",\"@id\":\"https:\\\/\\\/vicusalbus.org\\\/?p=114\",\"url\":\"https:\\\/\\\/vicusalbus.org\\\/?p=114\",\"name\":\"Un \\\"vicalvare\u00f1o\\\" recibe el premio Princesa de Asturias - Asociaci\u00f3n Vicus Albus\",\"isPartOf\":{\"@id\":\"https:\\\/\\\/vicusalbus.org\\\/#website\"},\"datePublished\":\"2015-10-24T17:21:17+00:00\",\"dateModified\":\"2025-12-28T16:48:33+00:00\",\"breadcrumb\":{\"@id\":\"https:\\\/\\\/vicusalbus.org\\\/?p=114#breadcrumb\"},\"inLanguage\":\"es\",\"potentialAction\":[{\"@type\":\"ReadAction\",\"target\":[\"https:\\\/\\\/vicusalbus.org\\\/?p=114\"]}]},{\"@type\":\"BreadcrumbList\",\"@id\":\"https:\\\/\\\/vicusalbus.org\\\/?p=114#breadcrumb\",\"itemListElement\":[{\"@type\":\"ListItem\",\"position\":1,\"name\":\"Portada\",\"item\":\"https:\\\/\\\/vicusalbus.org\\\/\"},{\"@type\":\"ListItem\",\"position\":2,\"name\":\"Un &#8220;vicalvare\u00f1o&#8221; recibe el premio Princesa de Asturias\"}]},{\"@type\":\"WebSite\",\"@id\":\"https:\\\/\\\/vicusalbus.org\\\/#website\",\"url\":\"https:\\\/\\\/vicusalbus.org\\\/\",\"name\":\"Asociaci\u00f3n Vicus Albus\",\"description\":\"\",\"publisher\":{\"@id\":\"https:\\\/\\\/vicusalbus.org\\\/#organization\"},\"potentialAction\":[{\"@type\":\"SearchAction\",\"target\":{\"@type\":\"EntryPoint\",\"urlTemplate\":\"https:\\\/\\\/vicusalbus.org\\\/?s={search_term_string}\"},\"query-input\":{\"@type\":\"PropertyValueSpecification\",\"valueRequired\":true,\"valueName\":\"search_term_string\"}}],\"inLanguage\":\"es\"},{\"@type\":\"Organization\",\"@id\":\"https:\\\/\\\/vicusalbus.org\\\/#organization\",\"name\":\"Asociaci\u00f3n Vicus Albus\",\"url\":\"https:\\\/\\\/vicusalbus.org\\\/\",\"logo\":{\"@type\":\"ImageObject\",\"inLanguage\":\"es\",\"@id\":\"https:\\\/\\\/vicusalbus.org\\\/#\\\/schema\\\/logo\\\/image\\\/\",\"url\":\"https:\\\/\\\/vicusalbus.org\\\/wp-content\\\/uploads\\\/2024\\\/06\\\/cropped-logo_oficial_vicus.jpg\",\"contentUrl\":\"https:\\\/\\\/vicusalbus.org\\\/wp-content\\\/uploads\\\/2024\\\/06\\\/cropped-logo_oficial_vicus.jpg\",\"width\":496,\"height\":100,\"caption\":\"Asociaci\u00f3n Vicus Albus\"},\"image\":{\"@id\":\"https:\\\/\\\/vicusalbus.org\\\/#\\\/schema\\\/logo\\\/image\\\/\"}},{\"@type\":\"Person\",\"@id\":\"https:\\\/\\\/vicusalbus.org\\\/#\\\/schema\\\/person\\\/0f457e642a2752fe3866b4bd8949205b\",\"name\":\"Vicus Albus\",\"image\":{\"@type\":\"ImageObject\",\"inLanguage\":\"es\",\"@id\":\"https:\\\/\\\/secure.gravatar.com\\\/avatar\\\/feb2a4b4ce1c54eafcc6886aa4ecbed6f4c5da2acff48eebe049931f3265aad8?s=96&d=mm&r=g\",\"url\":\"https:\\\/\\\/secure.gravatar.com\\\/avatar\\\/feb2a4b4ce1c54eafcc6886aa4ecbed6f4c5da2acff48eebe049931f3265aad8?s=96&d=mm&r=g\",\"contentUrl\":\"https:\\\/\\\/secure.gravatar.com\\\/avatar\\\/feb2a4b4ce1c54eafcc6886aa4ecbed6f4c5da2acff48eebe049931f3265aad8?s=96&d=mm&r=g\",\"caption\":\"Vicus Albus\"},\"url\":\"https:\\\/\\\/vicusalbus.org\\\/?author=2\"}]}<\/script>\n<!-- \/ Yoast SEO plugin. -->","yoast_head_json":{"title":"Un \"vicalvare\u00f1o\" recibe el premio Princesa de Asturias - Asociaci\u00f3n Vicus Albus","robots":{"index":"index","follow":"follow","max-snippet":"max-snippet:-1","max-image-preview":"max-image-preview:large","max-video-preview":"max-video-preview:-1"},"canonical":"https:\/\/vicusalbus.org\/?p=114","og_locale":"es_ES","og_type":"article","og_title":"Un \"vicalvare\u00f1o\" recibe el premio Princesa de Asturias - Asociaci\u00f3n Vicus Albus","og_description":"\u00a0 \u00a0\u00a0\u00a0 Como ya hemos publicado en anteriores ocasiones desde esta web, el acad\u00e9mico D. Emilio Lled\u00f3 aun conserva en su memoria los recuerdos de su infancia que pas\u00f3 en Vic\u00e1lvaro, coincidiendo con la Guerra Civil de 1936. En numerosas ocasiones ha hecho referencia a su maestro Don Francisco\u00a0de Vic\u00e1lvaro, que \u00e9l considera\u00a0el germen de &hellip; Leer m\u00e1s \u00abUn &#8220;vicalvare\u00f1o&#8221; recibe el premio Princesa de Asturias\u00bb","og_url":"https:\/\/vicusalbus.org\/?p=114","og_site_name":"Asociaci\u00f3n Vicus Albus","article_published_time":"2015-10-24T17:21:17+00:00","article_modified_time":"2025-12-28T16:48:33+00:00","author":"Vicus Albus","twitter_card":"summary_large_image","twitter_misc":{"Escrito por":"Vicus Albus","Tiempo de lectura":"2 minutos"},"schema":{"@context":"https:\/\/schema.org","@graph":[{"@type":"Article","@id":"https:\/\/vicusalbus.org\/?p=114#article","isPartOf":{"@id":"https:\/\/vicusalbus.org\/?p=114"},"author":{"name":"Vicus Albus","@id":"https:\/\/vicusalbus.org\/#\/schema\/person\/0f457e642a2752fe3866b4bd8949205b"},"headline":"Un &#8220;vicalvare\u00f1o&#8221; recibe el premio Princesa de Asturias","datePublished":"2015-10-24T17:21:17+00:00","dateModified":"2025-12-28T16:48:33+00:00","mainEntityOfPage":{"@id":"https:\/\/vicusalbus.org\/?p=114"},"wordCount":371,"commentCount":0,"publisher":{"@id":"https:\/\/vicusalbus.org\/#organization"},"articleSection":["Noticias de 2015"],"inLanguage":"es","potentialAction":[{"@type":"CommentAction","name":"Comment","target":["https:\/\/vicusalbus.org\/?p=114#respond"]}]},{"@type":"WebPage","@id":"https:\/\/vicusalbus.org\/?p=114","url":"https:\/\/vicusalbus.org\/?p=114","name":"Un \"vicalvare\u00f1o\" recibe el premio Princesa de Asturias - Asociaci\u00f3n Vicus Albus","isPartOf":{"@id":"https:\/\/vicusalbus.org\/#website"},"datePublished":"2015-10-24T17:21:17+00:00","dateModified":"2025-12-28T16:48:33+00:00","breadcrumb":{"@id":"https:\/\/vicusalbus.org\/?p=114#breadcrumb"},"inLanguage":"es","potentialAction":[{"@type":"ReadAction","target":["https:\/\/vicusalbus.org\/?p=114"]}]},{"@type":"BreadcrumbList","@id":"https:\/\/vicusalbus.org\/?p=114#breadcrumb","itemListElement":[{"@type":"ListItem","position":1,"name":"Portada","item":"https:\/\/vicusalbus.org\/"},{"@type":"ListItem","position":2,"name":"Un &#8220;vicalvare\u00f1o&#8221; recibe el premio Princesa de Asturias"}]},{"@type":"WebSite","@id":"https:\/\/vicusalbus.org\/#website","url":"https:\/\/vicusalbus.org\/","name":"Asociaci\u00f3n Vicus Albus","description":"","publisher":{"@id":"https:\/\/vicusalbus.org\/#organization"},"potentialAction":[{"@type":"SearchAction","target":{"@type":"EntryPoint","urlTemplate":"https:\/\/vicusalbus.org\/?s={search_term_string}"},"query-input":{"@type":"PropertyValueSpecification","valueRequired":true,"valueName":"search_term_string"}}],"inLanguage":"es"},{"@type":"Organization","@id":"https:\/\/vicusalbus.org\/#organization","name":"Asociaci\u00f3n Vicus Albus","url":"https:\/\/vicusalbus.org\/","logo":{"@type":"ImageObject","inLanguage":"es","@id":"https:\/\/vicusalbus.org\/#\/schema\/logo\/image\/","url":"https:\/\/vicusalbus.org\/wp-content\/uploads\/2024\/06\/cropped-logo_oficial_vicus.jpg","contentUrl":"https:\/\/vicusalbus.org\/wp-content\/uploads\/2024\/06\/cropped-logo_oficial_vicus.jpg","width":496,"height":100,"caption":"Asociaci\u00f3n Vicus Albus"},"image":{"@id":"https:\/\/vicusalbus.org\/#\/schema\/logo\/image\/"}},{"@type":"Person","@id":"https:\/\/vicusalbus.org\/#\/schema\/person\/0f457e642a2752fe3866b4bd8949205b","name":"Vicus Albus","image":{"@type":"ImageObject","inLanguage":"es","@id":"https:\/\/secure.gravatar.com\/avatar\/feb2a4b4ce1c54eafcc6886aa4ecbed6f4c5da2acff48eebe049931f3265aad8?s=96&d=mm&r=g","url":"https:\/\/secure.gravatar.com\/avatar\/feb2a4b4ce1c54eafcc6886aa4ecbed6f4c5da2acff48eebe049931f3265aad8?s=96&d=mm&r=g","contentUrl":"https:\/\/secure.gravatar.com\/avatar\/feb2a4b4ce1c54eafcc6886aa4ecbed6f4c5da2acff48eebe049931f3265aad8?s=96&d=mm&r=g","caption":"Vicus Albus"},"url":"https:\/\/vicusalbus.org\/?author=2"}]}},"_links":{"self":[{"href":"https:\/\/vicusalbus.org\/index.php?rest_route=\/wp\/v2\/posts\/114","targetHints":{"allow":["GET"]}}],"collection":[{"href":"https:\/\/vicusalbus.org\/index.php?rest_route=\/wp\/v2\/posts"}],"about":[{"href":"https:\/\/vicusalbus.org\/index.php?rest_route=\/wp\/v2\/types\/post"}],"author":[{"embeddable":true,"href":"https:\/\/vicusalbus.org\/index.php?rest_route=\/wp\/v2\/users\/2"}],"replies":[{"embeddable":true,"href":"https:\/\/vicusalbus.org\/index.php?rest_route=%2Fwp%2Fv2%2Fcomments&post=114"}],"version-history":[{"count":1,"href":"https:\/\/vicusalbus.org\/index.php?rest_route=\/wp\/v2\/posts\/114\/revisions"}],"predecessor-version":[{"id":1252,"href":"https:\/\/vicusalbus.org\/index.php?rest_route=\/wp\/v2\/posts\/114\/revisions\/1252"}],"wp:attachment":[{"href":"https:\/\/vicusalbus.org\/index.php?rest_route=%2Fwp%2Fv2%2Fmedia&parent=114"}],"wp:term":[{"taxonomy":"category","embeddable":true,"href":"https:\/\/vicusalbus.org\/index.php?rest_route=%2Fwp%2Fv2%2Fcategories&post=114"},{"taxonomy":"post_tag","embeddable":true,"href":"https:\/\/vicusalbus.org\/index.php?rest_route=%2Fwp%2Fv2%2Ftags&post=114"}],"curies":[{"name":"wp","href":"https:\/\/api.w.org\/{rel}","templated":true}]}}