{"id":152,"date":"2018-06-27T22:00:00","date_gmt":"2018-06-27T22:00:00","guid":{"rendered":"https:\/\/vicusalbus.org\/wordpress\/?p=152"},"modified":"2025-12-28T16:48:08","modified_gmt":"2025-12-28T16:48:08","slug":"vicalvarada","status":"publish","type":"post","link":"https:\/\/vicusalbus.org\/?p=152","title":{"rendered":"La Vicalvarada"},"content":{"rendered":"<table id=\"table1\" style=\"width: 100%;\" border=\"0\" width=\"100%\" cellspacing=\"0\" cellpadding=\"0\">\n<tbody>\n<tr>\n<td style=\"text-align: justify;\" valign=\"top\">\n<p style=\"text-align: justify;\">\u00a0 \u00a0Publicamos este art\u00edculo con motivo del aniversario de la Vicalvarada, denominaci\u00f3n que se le dio a una serie de acontecimientos producidos en el verano de 1854, con origen en un pronunciamiento militar cuyo escenario inicial fue nuestro pueblo.<\/p>\n<p><center><img decoding=\"async\" src=\"images\/Batalla_de_Vicalvaro.jpg\" alt=\"Fuente: WikiCommos\" \/><\/center><\/p>\n<p style=\"text-align: center;\">Grabado de la Batalla de Vic\u00e1lvaro (fuente: <a href=\"https:\/\/commons.wikimedia.org\/wiki\/File:La_revoluci%C3%B3n_de_Julio_en_Madrid,_1854_Batalla_de_Vic%C3%A1lvaro_(3524531057).jpg\" target=\"_blank\" rel=\"noopener noreferrer\">Wikicommons<\/a>)<\/p>\n<p style=\"text-align: justify;\">\u00a0\u00a0\u00a0 En este periodo de transici\u00f3n entre el antiguo r\u00e9gimen y las actuales democracias representativas, la monarqu\u00eda espa\u00f1ola ten\u00eda un talante muy conservador, y la joven reina Isabell II, hered\u00f3 de su madre un concepto patrimonialista del trono, y la fobia al progresismo identificado con los peligros revolucionarios de la entonces reciente Revoluci\u00f3n Francesa. Por ello la monarqu\u00eda apoy\u00f3 preferiblemente a los moderados coartando el acceso al poder de los progresistas siempre que pudo, y para ello nunca se permiti\u00f3 el libre ejercicio de la democracia a trav\u00e9s del sufragio, sino que en la pr\u00e1ctica la monarca era qui\u00e9n eleg\u00eda realmente los gobiernos.<\/p>\n<p style=\"text-align: justify;\">\u00a0\u00a0\u00a0 La Vicalvarada, empez\u00f3 como un pronunciamiento militar m\u00e1s de entre todos los producidos a lo largo del siglo XIX, cuando las conspiraciones en los m\u00e1s altos resortes del poder, eran la herramienta para obligar a la Corona a deponer e instaurar gobiernos, puesto que el sufragio era a menudo un simple formalismo ama\u00f1ado para enmascarar los cambios de poder por la fuerza de una parte de la clase dominante, en los que el pueblo era a menudo un mero espectador, o s\u00f3lo participaba canalizando el descontento contra el gobierno de turno.<\/p>\n<p style=\"text-align: justify;\">\u00a0 \u00a0 Pero la singularidad de este pronunciamiento reside en que la iniciativa\u00a0 popular determin\u00f3 la respuesta de la reina a la situaci\u00f3n y no la simple voluntad de los insurrectos, que tambi\u00e9n debieron adaptar sus planes iniciales a las exigencias de los ciudadanos, que en ciudades como Madrid, a trav\u00e9s de su burgues\u00eda ejercieron un poder en cierto modo soberano sin la tutela del poder establecido.<\/p>\n<p><center><img decoding=\"async\" src=\"images\/monolito_vicalvarada.jpg\" alt=\"\" \/><\/center><\/p>\n<p style=\"text-align: justify;\">\u00a0 \u00a0 La Vicalvarada adem\u00e1s situ\u00f3 por vez primera a Vic\u00e1lvaro en los mapas a nivel internacional, pues desencaden\u00f3 una de las revoluciones sociales m\u00e1s destacadas de la crisis europea de mediados del siglo XIX, que atrajo la atenci\u00f3n de la opini\u00f3n p\u00fablica m\u00e1s all\u00e1 de nuestras fronteras nacionales. Sin ir m\u00e1s lejos, un periodista llamado Karl Marx se interes\u00f3 por este tema, en aquellos tiempos de actualidad, y dio argumento para sus art\u00edculos sobre la Espa\u00f1a Revolucionaria en el \u00a0New York Daily Tribune entre julio de 1854 y junio de 1857. Como sabemos, sus posteriores an\u00e1lisis y reflexiones le convirtieron en uno de los m\u00e1s influyentes fil\u00f3sofos del siglo XX como padre del comunismo, por lo que los acontecimientos de Vic\u00e1lvaro bien pudieron ser uno de los g\u00e9rmenes de sus teor\u00edas.<\/p>\n<p><center><img decoding=\"async\" src=\"images\/placa_Vicalvarada.jpg\" alt=\"\" \/><\/center><\/p>\n<p style=\"text-align: justify;\">\u00a0\u00a0\u00a0 El presente trabajo no aporta datos in\u00e9ditos, puesto que la Vicalvarada y la revoluci\u00f3n posterior han sido perfectamente analizadas, y abundan publicaciones al respecto con estudios muy completos. Desde aqu\u00ed simplemente hemos recopilado los hechos y los exponemos lo mejor posible, para difundir el conocimiento de los mismos entre los interesados en el tema, principalmente los vecinos del pueblo de Vic\u00e1lvaro, como parte de los fines para los que se constituy\u00f3 la Asociaci\u00f3n Vicus Albus, poniendo de relieve el protagonismo de Vic\u00e1lvaro como escenario del origen de tan trascendentes hechos, como ya ha hecho en anteriores ocasiones, por ejemplo participando en el ciclo de conferencias promovido por el Centro de Estudios Superiores,Sociales y Jur\u00eddicos Ram\u00f3n Carande (hoy integrado en la Universidad Rey Juan Carlos), con motivo del 140\u00ba Aniversario de la Vicalvarada, en 1994,\u00a0en cuyo recuerdo se coloc\u00f3 la placa conmemorativa que aun puede verse en la\u00a0 fachada del principal edificio del campus universitario de Vic\u00e1lvaro.\u00a0<\/p>\n<p class=\"MsoNormal\" style=\"text-align: justify;\"><span style=\"text-decoration: underline;\"><strong>Antecedentes y contexto pol\u00edtico<\/strong><\/span><\/p>\n<p class=\"MsoNormal\" style=\"text-align: justify;\">\u00a0 \u00a0 \u00a0El siglo XIX en Espa\u00f1a comenz\u00f3 con la Guerra de la Independencia, como respuesta a la invasi\u00f3n napole\u00f3nica. Los opositores al invasor franc\u00e9s, en ausencia del Rey, establecieron una regencia para preservar la soberan\u00eda del pa\u00eds, y promulgaron una constituci\u00f3n de corte liberal que regulase la convivencia ciudadana, con intenci\u00f3n de que tuviese vigencia cuando el curso de los acontecimientos diese paso a una situaci\u00f3n de paz y permitiese el autogobierno de la naci\u00f3n.<\/p>\n<p class=\"MsoNormal\" style=\"text-align: justify;\">\u00a0 \u00a0 Acabada la guerra y expulsado el invasor franc\u00e9s en 1814, regres\u00f3 el rey Fernando VII. El monarca nunca se hab\u00eda posicionado sobre sus intenciones, sobre todo con respecto a las pautas marcadas por la nueva constituci\u00f3n que establec\u00eda una soberan\u00eda compartida entre el monarca y las cortes. Simult\u00e1neamente aparecieron movimientos de tendencia realista y af\u00edn al Antiguo R\u00e9gimen, entre los que se encontraba una clase nobiliaria conservadora, el ej\u00e9rcito, el clero y parte del pueblo llano: en las ciudades los gremios profesionales se exasperaban por la presi\u00f3n fiscal y no ve\u00edan con buenos ojos la libertad de industria, \u00a0en el \u00e1mbito rural los campesinos se sintieron perjudicados por la abolici\u00f3n de los se\u00f1or\u00edos, dado que hac\u00eda necesario arrendar las tierras y pagar impuestos por ellas, el lugar del pago de un usufructo al noble como antiguamente.<\/p>\n<p style=\"text-align: justify;\">\u00a0\u00a0\u00a0 Pronto empez\u00f3 a o\u00edrse el lema &#8220;\u00a1Vivan las Ca[d]enas!&#8221;\u00a0 en boca de los que apoyaban la vuelta al Antiguo R\u00e9gimen encarnado en la persona del Rey.<\/p>\n<p style=\"text-align: justify;\">\u00a0\u00a0\u00a0 Cuando el Rey puso pie en tierra espa\u00f1ola, 69 diputados de tendencia realista redactaron y firmaron el \u201cManifiesto de los persas\u201d, en que reivindicaban la vuelta al Antiguo R\u00e9gimen, que presentaron al Rey, que se vali\u00f3 de ello para no acatar la Constituci\u00f3n y establecer una monarqu\u00eda absoluta, polarizando la sociedad y la pol\u00edtica, creando lo que a menudo conocemos como el fen\u00f3meno de \u201clas dos Espa\u00f1as\u201d, cuyas consecuencias a\u00fan est\u00e1n vigentes en muchos aspectos.<\/p>\n<p style=\"text-align: justify;\">\u00a0\u00a0\u00a0 En 1833 tras el reinado de Fernando VII, le sucedi\u00f3 su hija mayor, nacida tres a\u00f1os antes, con el nombre de Isabel II. El g\u00e9nero femenino de la nueva monarca, era un impedimento para el acceso al trono seg\u00fan la pragm\u00e1tica sanci\u00f3n de 1713, que su padre hubo de derogar en la etapa final de su vida para que pudiese ser reina. El testamento del rey dispon\u00eda que su esposa la reina consorte Mar\u00eda Cristina, ser\u00eda la regente durante la minor\u00eda de edad de la soberana.<\/p>\n<p style=\"text-align: justify;\">\u00a0 \u00a0 \u00a0La reina regente, hasta ahora, \u00a0hab\u00eda sido proclive a los absolutistas (conocidos como apost\u00f3licos), pero el conservadurismo ideol\u00f3gico de los mismos no aceptaba que una mujer ocupase el trono, por lo que se agruparon en torno al hermano del Rey, el infante Carlos Mar\u00eda Isidro, constituyendo el nacimiento del Carlismo. Dadas las circunstancias la monarca regente no tuvo m\u00e1s remedio que aliarse con los antagonistas del absolutismo para defender el trono de su hija.<\/p>\n<p style=\"text-align: justify;\">\u00a0 \u00a0 \u00a0Muestra del acercamiento de la regente a los liberales, fue una cierta renuncia por parte de la corona al poder exclusivo. En enero del 1834 encarga a Mart\u00ednez de la Rosa formar un nuevo gabinete y elaborar un r\u00e9gimen constitucional aceptable. Mart\u00ednez de la Rosa era un liberal doctrinario muy influenciado por el pensamiento franc\u00e9s, y en su mandato se adopt\u00f3 el Estatuto Real de 1834 como norma fundamental del estado, emulando la carta otorgada que rigi\u00f3 en Francia la Monarqu\u00eda de Luis XVIII.<\/p>\n<p style=\"text-align: justify;\">\u00a0 \u00a0 Los liberales m\u00e1s progresistas, mayormente el grupo de los Exaltados<a href=\"#nota1\" name=\"Ref1\"><sup>1<\/sup><\/a>, se opon\u00edan al Estatuto Real por no reconocer el principio de la soberan\u00eda nacional, y pugnaban por la restauraci\u00f3n de la Constituci\u00f3n de 1812 proponiendo una serie de reformas que consideraban necesarias.<\/p>\n<p style=\"text-align: justify;\">\u00a0 \u00a0 \u00a0En agosto de 1836 el mot\u00edn de La Granja de San Ildefonso, oblig\u00f3 a la regente Mar\u00eda Cristina a restablecer la Constituci\u00f3n de 1812 y a formar un gobierno progresista, presidido por Jos\u00e9 Mar\u00eda Calatrava, aunque en la pr\u00e1ctica Juan \u00c1lvarez Mendiz\u00e1bal lo lideraba desde el Ministerio de Hacienda. Acto seguido se celebraron elecciones a Cortes Constituyentes para reformar el texto constitucional de C\u00e1diz. La intenci\u00f3n de los l\u00edderes progresistas, era que la Constituci\u00f3n fuera de consenso con los moderados para que les permitiera alternarse en el poder sin necesidad de modificarla cada vez que hubiera un cambio de gobierno.<\/p>\n<p style=\"text-align: justify;\">\u00a0 \u00a0 \u00a0Los acontecimientos no resultaban favorables, una epidemia de c\u00f3lera desatada en todo el pa\u00eds, desat\u00f3 la inestabilidad social, y las \u00e9lites locales se sent\u00edan descontentos con la reforma de los ayuntamientos que les restaba poder en los mismos. Los exaltados capitalizaron el descontento y se fueron radicalizando. Por otro lado los carlistas agotaron financieramente los recursos del estado, y llegaron a situarse a las puertas de Madrid, avanzando desde Segovia por el norte, y acanton\u00e1ndose en Vallecas y Arganda por el sureste ese mismo verano. Un intento de golpe de estado en enero de 1835 y otro intento de voto de censura hicieron que finalmente Mart\u00ednez de la Rosa dimitiera y le sustituyera el Conde de Toreno, anta\u00f1o un radical, pero que en este momento pas\u00f3 a ser una marioneta de la impopular reina regente.<\/p>\n<p style=\"text-align: justify;\">\u00a0 \u00a0 \u00a0 En julio de 1835 estallaron unos motines anticlericales en Catalu\u00f1a, (donde el movimiento obrero comenzaba a ser notable a trav\u00e9s de los trabajadores de algod\u00f3n<a href=\"#nota2\" name=\"Ref2\"><sup>2<\/sup><\/a> que protagonizaron numerosos incidentes), que fueron seguidos de revueltas liberales y anticarlistas que se extendieron por todo el pa\u00eds y que fueron acompa\u00f1adas por la formaci\u00f3n de Juntas que ostentar\u00edan el poder en nombre de la reina Isabel II cuyo trono consideraban usurpado por la camarilla que la rodeaba.<\/p>\n<p style=\"text-align: justify;\">\u00a0 \u00a0 \u00a0La extensi\u00f3n del movimiento juntero por todo el pa\u00eds provoc\u00f3 la ca\u00edda del \u00faltimo gobierno del Conde de Toreno el 14 de septiembre, dando paso al gobierno exaltado de Mendiz\u00e1bal. El nuevo gobierno es a\u00fan muy recordado por su pol\u00edtica de desamortizaciones que no logr\u00f3 sanear las cuentas del estado seg\u00fan lo previsto, y adem\u00e1s de granje\u00f3 el descontento del ej\u00e9rcito y el clero, aumentando las simpat\u00edas hacia el carlismo.<\/p>\n<p style=\"text-align: justify;\">\u00a0 \u00a0 La regente temerosa junto a los procuradores de las reformas excesivamente progresistas del gobierno, sustituy\u00f3 a Mendiz\u00e1bal por Ist\u00fariz en mayo de 1836, pero no obtuvo la confianza de las cortes. La regente reaccion\u00f3 autoriz\u00e1ndole a disolver las cortes y convocar nuevas elecciones que gan\u00f3 Ist\u00fariz, pues en esta \u00e9poca era habitual que el gobierno recurriese a los mecanismos disponibles para decantar los resultados a su favor. La respuesta de los progresistas fue iniciar una serie de revueltas populares en diversas ciudades que se extendieron por todo el pa\u00eds, hasta que el d\u00eda 13 de agosto de 1836\u00a0se produjo un\u00a0pronunciamiento de la Milicia Nacional<a href=\"#nota3\" name=\"Ref3\"><sup>3<\/sup><\/a> en Madrid, con apoyo militar.<\/p>\n<p style=\"text-align: justify;\">\u00a0 \u00a0 \u00a0 Este ambiente enrarecido desemboc\u00f3 en el Mot\u00edn de La Granja de San Ildefonso del 12 de agosto, en el que un grupo de sargentos de la guarnici\u00f3n de Segovia y de la misma Guardia Real se sublevaron en el palacio real de la localidad, donde se encontraba Mar\u00eda Cristina, a quien obligaron\u00a0a acatar la Constituci\u00f3n de 1812, y a nombrar un gobierno liberal progresista. El nuevo presidente fue Jos\u00e9 Mar\u00eda Calatrava, pero con Mendiz\u00e1bal de nuevo en la cartera de Hacienda.\u00a0<\/p>\n<p style=\"text-align: justify;\">\u00a0 \u00a0 \u00a0 \u00a0A partir del 1 de septiembre de 1840 volvieron a estallar revueltas progresistas por toda Espa\u00f1a en las que se formaron &#8220;juntas revolucionarias\u201d. La oposici\u00f3n a la Ley de Ayuntamientos parece ser de nuevo una de las principales fuentes de descontento. La primera Junta Revolucionaria en constituirse fue la de Madrid, a expensas del propio Ayuntamiento que public\u00f3 un manifiesto en el que justificaba su rebeli\u00f3n como una defensa de Constituci\u00f3n de 1837.<\/p>\n<p style=\"text-align: justify;\">\u00a0 \u00a0 \u00a0 El 5 de septiembre Mar\u00eda Cristina recurri\u00f3 al general Espartero para sofocar la rebeli\u00f3n, pero \u00e9ste se neg\u00f3 diplom\u00e1ticamente poniendo condiciones como revisar la ley de Ayuntamientos entre otras exigencias contrarias al \u00faltimo gobierno moderado<a href=\"#nota4\" name=\"Ref4\"><sup>4<\/sup><\/a>.\u00a0<\/p>\n<p style=\"text-align: justify;\">\u00a0 \u00a0 \u00a0 Espartero fue nombrado presidente del gobierno, y volvi\u00f3 a Madrid donde negoci\u00f3 con la Junta Central el final de la rebeli\u00f3n y a continuaci\u00f3n viaj\u00f3 a Valencia para informar a la regente acerca de la composici\u00f3n de su nuevo gobierno y las nuevas pol\u00edticas que pretend\u00eda llevar a cabo. Tras esta reuni\u00f3n la regente cedi\u00f3 la regencia a Espartero y abandon\u00f3 el pa\u00eds.<\/p>\n<p style=\"text-align: justify;\">\u00a0 \u00a0 \u00a0Durante la Regencia de Espartero tienen lugar cuatro elecciones, en 1840, 1841 y 1843 (febrero y septiembre), lo que da muestra de la permanencia de la inestabilidad a pesar de la nueva situaci\u00f3n.<\/p>\n<p style=\"text-align: justify;\">\u00a0 \u00a0 \u00a0Fueron a\u00f1os de continuos enfrentamientos entre moderados y liberales. Mar\u00eda Cristina mientras tanto desde Par\u00eds conspiraba en favor de los moderados.<\/p>\n<p style=\"text-align: justify;\">\u00a0 \u00a0 \u00a0La noche del 7 de octubre de 1841 se produce un asalto al Palacio Real, ordenado por los generales Diego de Le\u00f3n, Concha y Pezuela, que persigue secuestrar a la reina ni\u00f1a Isabel. El golpe fracasa gracias a la r\u00e1pida intervenci\u00f3n de Espartero. El 15 de octubre de 1841 es fusilado el general Diego de Le\u00f3n. En este momento se fraccionan los progresistas, y as\u00ed lo relejan los resultados de las elecciones de 1841.<\/p>\n<p style=\"text-align: justify;\">\u00a0 \u00a0 \u00a0El 13 de noviembre de 1842 estall\u00f3 en Barcelona una revuelta a la que se sum\u00f3 la milicia y en pocas horas la ciudad se llen\u00f3 de barricadas. El detonante de la misma fue la noticia de que el gobierno se dispon\u00eda a firmar un acuerdo comercial librecambista con Gran Breta\u00f1a que rebajar\u00eda los aranceles a los productos textiles ingleses lo que supondr\u00eda la ruina para la naciente industria algodonera catalana. La chispa inicial, sin embargo, fue por un tumulto que se produjo en el Portal del \u00c1ngel en relaci\u00f3n con el impuesto de los consumos el 13 de noviembre, un domingo por la tarde.<\/p>\n<p style=\"text-align: justify;\">\u00a0 \u00a0 \u00a0La crispaci\u00f3n por parte de los progresistas desde la oposici\u00f3n llev\u00f3 a Espartero a disolver el Congreso el 26 de mayo de 1843, una vez m\u00e1s. A la crisis pol\u00edtica sucede la insurrecci\u00f3n en varias ciudades.<\/p>\n<p style=\"text-align: justify;\">\u00a0 \u00a0 \u00a0 La legislatura de 1843-1844 apenas dura unos meses, en los cuales la joven reina Isabel II, jura la Constituci\u00f3n de 1837 en el Palacio del Senado, y se adelanta su mayor\u00eda de edad, como medida estabilizadora.\u00a0<\/p>\n<p style=\"text-align: justify;\">\u00a0 \u00a0 \u00a0El gobierno de Luis Gonzalez Bravo encamina el paso al moderantismo. Disuelve la Milicia Nacional, e impone una severa censura de prensa aumentando las tensiones frente a la oposici\u00f3n.<\/p>\n<p style=\"text-align: justify;\">\u00a0 \u00a0 \u00a0La victoria de los moderados en enero de 1844 provoc\u00f3 levantamientos en varias provincias en febrero y marzo denunciando la manipulaci\u00f3n del gobierno de los resultados, a lo que el gobierno reaccion\u00f3 con autoritarismo hacia los l\u00edderes progresistas.<\/p>\n<p style=\"text-align: justify;\">\u00a0 \u00a0 \u00a0El 22 de julio tuvo lugar cerca de Madrid la Batalla de Torrej\u00f3n de Ardoz en la que se enfrentaron las tropas gubernamentales mandadas por el general Antonio Seoane, fiel a Espartero, procedentes de Arag\u00f3n, y las tropas sublevadas a las \u00f3rdenes del general Narv\u00e1ez, que ven\u00edan de Valencia. Las tropas de Seoane se pasaron al bando rebelde, nada m\u00e1s comenzar la batalla y el 23 de julio Narv\u00e1ez hac\u00eda su entrada en Madrid y restablec\u00eda a Joaqu\u00edn Mar\u00eda L\u00f3pez como presidente del gobierno.<\/p>\n<p style=\"text-align: justify;\">\u00a0 \u00a0 \u00a0En mayo el general Narv\u00e1ez se convierte en nuevo presidente de gobierno, dando paso a la D\u00e9cada moderada (1844-1854), pues el\u00a0 Partido Moderado estuvo respaldado por la Corona apartando a los progresistas del acceso al poder.<\/p>\n<p style=\"text-align: justify;\">\u00a0 \u00a0 El gobierno de Narv\u00e1ez crea, por Real Decreto de 23 de marzo de 1844, un cuerpo de organizaci\u00f3n militar pero con funciones civiles con el duque de Ahumada como gran impulsor, con el objetivo de promover el orden p\u00fablico, y proteger a las personas y sus propiedades, denominado Guardia Civil, y que podr\u00eda interpretarse como maniobra para restar protagonismo a la Milicia Nacional, por un cuerpo dependiente del gobierno. El cuartel de Vic\u00e1lvaro fue elegido para instalar en \u00e9l el primer cuartel de caballer\u00eda de este cuerpo.\u00a0<\/p>\n<p style=\"text-align: justify;\">\u00a0 \u00a0 \u00a0Las divergencias surgidas en el seno del Partido Moderado agravaron la inestabilidad pol\u00edtica que se manifest\u00f3 en los continuos cambios en la presidencia del gobierno, que comenzaron con el cese de Narv\u00e1ez el 11 de febrero de 1846, asociado al conflictivo matrimonio que se pact\u00f3 para la Reina.\u00a0 El 4 de octubre de 1847\u00a0 Narv\u00e1ez recupera el gobierno, intentando un acercamiento a los progresistas, ofreciendo un sistema de turnos de poder, entre partidos fieles a la reina.\u00a0<\/p>\n<p style=\"text-align: justify;\">\u00a0 \u00a0 En el contexto internacional daba comienzo la Revoluci\u00f3n de 1848 que recorr\u00eda toda Europa, protagonizada por el movimiento obrero y la burgues\u00eda m\u00e1s liberal. El poder adquisitivo de la poblaci\u00f3n se hab\u00eda reducido dr\u00e1sticamente a causa de las oscilaciones de precios y salarios. La industria sufri\u00f3 una crisis de cr\u00e9dito y una crisis agr\u00edcola t\u00edpica del antiguo modo de producci\u00f3n, que increment\u00f3 la pobreza del campesinado. Singular fue el caso de Irlanda, desde donde los cultivos de patatas sufrieron importantes plagas que diezmaron las cosechas y adem\u00e1s expandieron las enfermedades por el norte de Europa a trav\u00e9s de las exportaciones, siendo uno de las causas de la hambruna y la crisis econ\u00f3mica, pues la patata se hab\u00eda convertido en la base de la alimentaci\u00f3n de las clases m\u00e1s humildes de las poblaciones del viejo continente.<\/p>\n<p style=\"text-align: justify;\">\u00a0 \u00a0 Los gobiernos empezaron a aplicar medidas restrictivas para paliar la escasez en las arcas p\u00fablicas, soportadas por la ciudadan\u00eda. En el caso espa\u00f1ol podemos ver la manifestaci\u00f3n de la crisis en el cese de notables obras p\u00fablicas como la construcci\u00f3n de las nuevas l\u00edneas de ferrocarril tan en boga en este periodo, o la imposibilidad de terminar el proyecto del Canal de Isabel II para conducir el agua a Madrid, como estaba previsto. El cese de estas actividades conllevar\u00eda un mayor aumento del desempleo como es l\u00f3gico.<\/p>\n<p style=\"text-align: justify;\">\u00a0 \u00a0 \u00a0Las dificultades econ\u00f3micas tambi\u00e9n se extendieron a Espa\u00f1a, que dieron lujar a tumultos, duramente reprimidos. Los Carlistas volvieron a reaparecer en 1845 aprovechando el descontento social con respecto a la clase pol\u00edtica y la situaci\u00f3n econ\u00f3mica<sup><a href=\"#nota5\" name=\"Ref5\">5<\/a><\/sup>. Las sospechas de que Gran Breta\u00f1a podr\u00eda estar apoyando e instigando los movimientos carlistas en la denominada Guerra dels Matiners, produjo una ruptura de relaciones diplom\u00e1ticas. Narv\u00e1ez dur\u00f3 en el gobierno hasta el 10 de enero de 1851 cuando fue sustituido por Juan Bravo Murillo.<\/p>\n<p style=\"text-align: justify;\">\u00a0 \u00a0 \u00a0En el \u00e1mbito pol\u00edtico espa\u00f1ol, Bravo Murillo fue acusado de no respetar el orden parlamentario, por lo que se vio obligado a formar sucesivos gobiernos presididos por Roncali, Lersundi y el Conde de San Luis que respond\u00edan \u00fanicamente ante la reina quien los designaba sin legitimaci\u00f3n parlamentaria. A dichas irregularidades se sum\u00f3 la acusaci\u00f3n de corrupci\u00f3n, como la concesi\u00f3n arbitraria de licencias para el trazado de l\u00edneas ferroviarias sin la correspondiente autorizaci\u00f3n parlamentaria, en los que estuvieron implicados la reina Madre y su c\u00f3nyuge.<\/p>\n<p><center><img decoding=\"async\" src=\"images\/Leopoldo_ODonnell.jpg\" alt=\"\" \/><\/center><\/p>\n<p style=\"text-align: center;\">General Leopoldo O&#8217;Donnell (Fuente: <a href=\"https:\/\/commons.wikimedia.org\/wiki\/File:Leopoldo_ODonnell.jpg\" target=\"_blank\" rel=\"noopener noreferrer\">Wikicommos<\/a>)<\/p>\n<p style=\"text-align: justify;\">\u00a0 \u00a0 \u00a0La interferencia de la Corona\u00a0 en el normal funcionamiento parlamentario, propici\u00f3 un acercamiento entre los moderados de Narv\u00e1ez y los moderados &#8220;puritanos&#8221; con los progresistas, constituyendo el germen \u201cUni\u00f3n Liberal\u201d que de la mano del general O\u2019Donnell, se convertir\u00eda en un nuevo partido de centro mon\u00e1rquico en 1858.<\/p>\n<p style=\"text-align: justify;\"><span style=\"text-decoration: underline;\"><strong>El desarrollo del pronunciamiento de la Vicalvarada<\/strong><\/span><\/p>\n<p style=\"text-align: justify;\">\u00a0 \u00a0 La falta de respuestas a los graves problemas que se iban planteando, por parte de los ef\u00edmeros e ineficaces gobiernos, nombrados por la reina y sin respaldo parlamentario alguno, fue aumentando la crispaci\u00f3n hasta hacerla insostenible. A los problemas econ\u00f3micos derivados en gran parte la situaci\u00f3n coyuntural internacional, se sumaba una emergencia sanitaria motivada por una grave epidemia de c\u00f3lera<a href=\"#nota6\" name=\"Ref6\"><sup>6<\/sup><\/a>. Muestra de la gravedad de la situaci\u00f3n es que el gobierno decidi\u00f3 trasladar a la Familia Real al Palacio del Pardo, para alejarla de la epidemia que asolaba Madrid. El descontento generalizado marc\u00f3 el momento propicio para una nueva insurrecci\u00f3n que favoreciese la ca\u00edda del gobierno de Luis Jos\u00e9 Sartorius, quien hab\u00eda recibido de la reina el t\u00edtulo de conde de San Lu\u00eds.<\/p>\n<p style=\"text-align: justify;\">\u00a0 \u00a0 \u00a0Pero en este caso la revoluci\u00f3n no consist\u00eda meramente en un alzamiento contra el mencionado gobierno, el problema radicaba en la descomposici\u00f3n del partido moderado. Isabel Burdiel opina que la monarqu\u00eda se hab\u00eda distanciado del partido, en que se apoy\u00f3 durante diez a\u00f1os. Llevando a muchos moderados a moverse hacia la filas progresistas, como fue el caso de nuestro convecino el <a href=\"index.php?option=com_content&amp;view=article&amp;id=52;el-duque-de-sevillano&amp;catid=21;reportajes&amp;Itemid=115&amp;highlight=WyJkdXF1ZSIsImRlbCIsInNldmlsbGFubyIsImR1cXVlIGRlbCIsImR1cXVlIGRlbCBzZXZpbGxhbm8iLCJkZWwgc2V2aWxsYW5vIl0=\" target=\"_blank\" rel=\"noopener noreferrer\">Duque del Sevillano<\/a>, que hab\u00eda sido perseguido por el gobierno, ocasionando su reconversi\u00f3n en revolucionario, llegando a ser uno de los financiadores de la revoluci\u00f3n, como atestiguan autores como Isabel Burdiel, Agust\u00edn Fern\u00e1ndez Escudero y Pablo Herce Montiel.<\/p>\n<p><center><img decoding=\"async\" src=\"images\/duque.jpg\" \/><\/center><br \/>Duque del Sevillano<\/p>\n<p style=\"text-align: justify;\">\u00a0 \u00a0 En algunos c\u00edrculos se contempl\u00f3 por primera vez la abolici\u00f3n de la monarqu\u00eda o la sustituci\u00f3n din\u00e1stica, pero la clase dominante no aceptar\u00eda una rep\u00fablica excesivamente progresista, ni exist\u00eda consenso internacional para designar ning\u00fan monarca procedente de alguna de las casas reales europeas.<\/p>\n<p style=\"text-align: justify;\">\u00a0 \u00a0 Isabel II salv\u00f3 el trono, y tuvo la suerte de que ambas facciones en lucha, se intentaron apropiar de la autoridad real para respaldar sus respectivas causas. Sin embargo la actitud de la reina fue muy relevante en el desarrollo de los acontecimientos, lo que la situ\u00f3 en una posici\u00f3n bastante comprometida.\u00a0\u00a0<\/p>\n<p style=\"text-align: justify;\">\u00a0 \u00a0 \u00a0 O&#8217;Donnell, unido a militares progresistas, como los generales Dulce y Ros de Olano, pusieron en marcha su plan para imponer, a la reina Isabel II, la sustituci\u00f3n del gobierno del Conde de San Luis por otro de &#8220;uni\u00f3n liberal&#8221;, que convocase unas elecciones constituyentes y redactase una nueva constituci\u00f3n consensuada que estabilizase la situaci\u00f3n pol\u00edtica, mediante una tercera v\u00eda alternativa a los dos partidos tradicionales.<\/p>\n<p style=\"text-align: justify;\">\u00a0 \u00a0 Las pol\u00edticas desamortizadoras de d\u00e9cadas precedentes, hab\u00eda reconvertido los edificios universitarios de la ciudad de Alcal\u00e1 de Henares en cuarteles que albergaban los batallones del Regimiento de la Princesa, al mando de O&#8217;Donnell, que se unieron a los del general Dulce, que vino con numerosos efectivos desde los cuarteles establecidos entonces en el t\u00e9rmino del actual distrito madrile\u00f1o de Chamber\u00ed. Desde all\u00ed emprendieron su marcha hacia Madrid el d\u00eda 28 de junio.<\/p>\n<p style=\"text-align: justify;\">\u00a0 \u00a0 \u00a0Al hilo de estos acontecimientos la reina regresaba precipitadamente desde El Escorial a la capital, desde donde envi\u00f3 tropas fieles al gobierno al mando del general Blaser, ministro de la Guerra, convencida por el gobierno de que los sublevados ten\u00edan intenciones de acabar tambi\u00e9n con su trono.<\/p>\n<p style=\"text-align: justify;\">\u00a0 \u00a0 \u00a0Las tropas rebeldes\u00a0avanzaron hasta Canillejas, y desde all\u00ed\u00a0se dirigieron a\u00a0Vic\u00e1lvaro. Un descendiente del general Dulce, biografiando a su antepasado\u00a0hace referencia a estos acontecimientos, indicando que los generales comieron en la casa del Duque del Sevillano antes de la batalla, e incluso cita a un <em>periodista an\u00f3nimo, <\/em>quien aseguraba haber estado presente, y que dej\u00f3 tan interesante detalle en su cr\u00f3nica:\u00a0 \u00a0 \u00a0<\/p>\n<p style=\"text-align: justify; padding-left: 120px; padding-right: 120px;\"><em>&#8220;&#8230;nos informa haberse enterado, nada menos, de lo que en Vic\u00e1lvaro comieron los generales:\u00a0<\/em><em>un puchero con arroz y menudillos de gallina.&#8221;<sup><a href=\"#nota7\" name=\"Ref7\">7<\/a><\/sup><\/em><\/p>\n<p style=\"text-align: justify;\">\u00a0 \u00a0 \u00a0 El periodista al que hace referencia se llama Rafael del Castillo, que adem\u00e1s de periodista fue un notable autor literario, y autor de una biograf\u00eda del general O&#8217;Donnell<sup><a href=\"#nota8\" name=\"Ref8\">8<\/a><\/sup>, en la que nos aporta una interesante cr\u00f3nica de los acontecimientos:<\/p>\n<p style=\"text-align: justify; padding-left: 120px; padding-right: 120px;\"><i>&#8220;&#8230;El teniente coronel a quien hab\u00eda sido presentado, hizo conducir al autor de estas lineas al cuartel general situado a uno de los extremos\u00a0<\/i><i>del pueblo en una casa de buena apariencia, que oy\u00f3 llamar la Casa de Sevillano, si la memoria no le enga\u00f1a. Aquella casa se compon\u00eda de un cuerpo de edificio y de dos alas que avanzaban a la altura de la puerta principal; de modo que formaba delante de \u00e9sta un patiecillo cuadrado, cuyo pavimento nos parece aun ver cubierto de yerba y salpicado\u00a0de florecillas. El ala derecha serv\u00eda de cuartel general.&#8221;<\/i><\/p>\n<p style=\"text-align: justify; padding-left: 120px; padding-right: 120px;\">\u00a0<\/p>\n<p><center><i><img loading=\"lazy\" decoding=\"async\" src=\"images\/PalacioSevillano.png\" alt=\"\" width=\"1068\" height=\"425\" \/><\/i><\/center><\/p>\n<p style=\"text-align: justify;\">\u00a0 \u00a0 \u00a0La descripci\u00f3n anterior coincide con la reconstrucci\u00f3n gr\u00e1fica que se puede consultar en el libro &#8220;<a href=\"Descargas\/historia_de_vicalvaro.zip\" target=\"_blank\" rel=\"noopener noreferrer\">Historia de Vic\u00e1lvaro<\/a>&#8220;, primera obra de la asociaci\u00f3n Vicus Albus. A continuaci\u00f3n la cr\u00f3nica da todo tipo de detalles acerca de las escenas contempladas en el interior del palacio, e incluso de la disposici\u00f3n de los ilustres comensales a la hora de la comida:<\/p>\n<p style=\"text-align: justify; padding-left: 120px; padding-right: 120px;\"><i>&#8220;Tuvimos la honra de ser convidados a almorzar con \u00e9l [O&#8217;Donnell], y bajamos con los generales a la sala del piso inferior del ala izquierda, donde estaba puesta la mesa para todos los oficiales sin distinci\u00f3n de grado. El teniente genera O&#8217;Donnell ocup\u00f3 el centro&#8230; Ros de Olano, a cuyo lado nos sentamos estaba a un lado y Dulce al otro &#8230;&#8221;<\/i><\/p>\n<p style=\"text-align: justify;\">\u00a0 \u00a0 \u00a0 La velada\u00a0hubo de ser interrumpida por la aproximaci\u00f3n del enemigo, obligando a los protagonistas a pasar a la acci\u00f3n, su instantes previos los refleja de una forma muy gr\u00e1fica\u00a0el cronista:<\/p>\n<p style=\"text-align: justify; padding-left: 120px; padding-right: 120px;\"><em>&#8220;&#8230;al entrar en Vic\u00e1lvaro nos preguntamos si realmente estaba en el pueblo la columna pronunciada; al pasar el umbral de la casa de Sevillano, adquirimos la certidumbre de que se encontraba all\u00ed toda ella &#8230;<\/em><\/p>\n<p style=\"text-align: justify; padding-left: 120px; padding-right: 120px;\"><em>&#8230;El estampido del ca\u00f1\u00f3n que se aproximaba y al toque de las cornetas, sali\u00f3 de las casas la caballer\u00eda de Farnesio y las de otros regimientos pronunciados, dirigi\u00e9ndose a galope al punto de reuni\u00f3n se\u00f1alado sin duda de antemano. Torbellinos de polvo que levantaba el galopar de los caballos, envolv\u00edan a los jinetes, cuyas lanzas, cascos y banderolas se distingu\u00edan como en el centro de una nube. La avalancha no desciende de la cima de los Alpes con m\u00e1s rapidez que se reunieron aquellos generosos escuadrones delante de la casa de labor que ya hemos hablado<\/em> [La del Duque del Sevillano]:<em>cuando llegamos all\u00e1 los encontramos ya formados como para una parada. Durante este tiempo el valiente Echag\u00fce daba orden al batall\u00f3n del Pr\u00edncipe para que se reuniese en la plaza de la iglesia delante de la casa del Ayuntamiento&#8230;&#8221;<\/em><\/p>\n<p style=\"text-align: justify;\">\u00a0 \u00a0 Todo lo descrito se produjo el\u00a030 de junio, y la batalla tuvo lugar en las <a href=\"index.php?option=com_content&amp;view=article&amp;id=79;hallada-la-ubicacion-exacta-de-la-batalla-de-la-vicalvarada&amp;catid=18;noticias-de-2006&amp;Itemid=108&amp;highlight=WyJ2aWNhbHZhcmFkYSJd\" target=\"_blank\" rel=\"noopener noreferrer\">l\u00edmites de Vic\u00e1lvaro<\/a>\u00a0donde se\u00a0 ubica el actual barrio de La Elipa. Las tropas de Blaser cortaron el paso a los sublevados, quedando un bando contendiente a cada lado del arroyo de Abro\u00f1igal. Algunos autores afirman que fue una batalla casi incruenta, pues parece ser que no produzco ninguna baja mortal en ning\u00fan bando,\u00a0lo que sirvi\u00f3 a que ambos se proclamasen vencedores.<\/p>\n<blockquote>\n<p align=\"justify\">\u00a0<\/p>\n<p><center><a href=\"Descargas\/vicalvarada.zip\" target=\"_blank\" rel=\"noopener noreferrer\"> <img loading=\"lazy\" decoding=\"async\" src=\"images\/peq_vicalv.jpg\" alt=\"\" width=\"400\" height=\"290\" border=\"0\" \/><\/a><\/center><\/p>\n<p align=\"center\">(pulsar para descargar en mayor tama\u00f1o)<\/p>\n<\/blockquote>\n<p style=\"text-align: CENTER;\">\u00a0<\/p>\n<p style=\"text-align: justify;\">\u00a0 \u00a0 En cuanto a da\u00f1os materiales, su relevancia es proporcional a la modestia del enfrentamiento, s\u00f3lo qued\u00f3 reflejada la anecd\u00f3tica destrucci\u00f3n de un melonar a causa del tr\u00e1nsito de las tropas por nuestro municipio. La rese\u00f1a ha llegado hasta nosotros por la reclamaci\u00f3n que emprendi\u00f3 D. Andr\u00e9s Manresa al Ayuntamiento de Madrid, con la esperanza de que se le abonase el coste de las 700 plantas que cultivaba en el camino de la Fuente del Berro, seg\u00fan la tasaci\u00f3n de un funcionario municipal. Don Andr\u00e9s s\u00f3lo consigui\u00f3 evasivas por parte de las distintas instancias a las que acudi\u00f3 sin que parezca que se le indemnizase por la p\u00e9rdida de sus preciados melones. Curiosamente en el relato de Rafael del Castillo, encontramos que O&#8217;Donnell dijo a quien parece que era el alcalde de Vic\u00e1lvaro que <em>&#8220;\u00e9l respond\u00eda con sus intereses particulares de los perjuicios que ocasionara la caballer\u00eda&#8221;<\/em>.\u00a0<\/p>\n<p style=\"text-align: justify;\">\u00a0 \u00a0El 5 de julio de 1854, el Bolet\u00edn de Segovia reproduce una carta del Alcalde de Vic\u00e1lvaro, Conde de Quinto, reclamando ayuda a la Reina para atender a los m\u00faltiples heridos producto de la confrontaci\u00f3n en este pueblo y que los sublevados han dejado al retirarse.\u00a0<\/p>\n<p><center><img decoding=\"async\" src=\"images\/vicalvarada_heridos.jpg\" alt=\"\" \/><\/center><\/p>\n<p style=\"text-align: justify;\">\u00a0<\/p>\n<p style=\"text-align: justify;\">\u00a0 \u00a0 \u00a0 Las tropas de O\u2019Donnell emprendieron la huida por La Mancha, con objetivo de situarse cerca de Portugal en previsi\u00f3n de un fracaso que obligase a sus l\u00edderes a exiliarse.\u00a0En su traves\u00eda Manchega, O\u2019Donnell se encontr\u00f3 con el general Serrano, y ambos redefinieron los objetivos pol\u00edticos de la insurrecci\u00f3n. En Manzanares (Ciudad Real), un joven Antonio C\u00e1novas del Castillo redact\u00f3 y public\u00f3, con fecha de 7 de julio, el manifiesto definitorio de la revoluci\u00f3n que se hab\u00eda desatado como consecuencia de la Vicalvarada.<\/p>\n<p style=\"text-align: justify;\">\u00a0 \u00a0 \u00a0 Los regimientos fieles al gobierno se hab\u00edan lanzado en persecuci\u00f3n de los huidos, dejando Madrid desguarnecida cuando el fracaso del alzamiento se estaba mitigando a trav\u00e9s del apoyo popular a los insurrectos. Esta situaci\u00f3n propici\u00f3 que reinase el caos en las calles, donde moderados y progresistas protagonizaron tumultos de diversa \u00edndole, en nombre de la defensa de la corona que ambos bandos dec\u00edan defender de la camarilla corrupta que se hab\u00eda apoderado de la monarqu\u00eda. Entre los hechos m\u00e1s graves podemos citar el asalto y destrucci\u00f3n del palacio de la odiada reina Madre, o la residencia del Marqu\u00e9s de Salamanca, lugares donde es destacable que no se produjo ning\u00fan pillaje del rico mobiliario, ni nadie se preocup\u00f3 de salvar bienes valiosos, pues la \u00fanica causa era la ira de personas de diversas condiciones sociales.<\/p>\n<p style=\"text-align: justify;\">\u00a0 \u00a0 \u00a0 La reina destituy\u00f3 el 17 de julio al conde de San Luis sustituy\u00e9ndolo por el general Fernando Fern\u00e1ndez de C\u00f3rdova que form\u00f3 un ef\u00edmero gobierno en el que hab\u00eda moderados &#8220;puritanos&#8221; y progresistas, que en unos d\u00edas fue sustituido por el duque de Rivas, cuyo gobierno tuvo similar duraci\u00f3n, hasta que la Corona se decidi\u00f3 a llamar al general Baldomero Espartero para que formara gobierno.<\/p>\n<p style=\"text-align: justify;\">\u00a0 \u00a0 \u00a0 \u00a0Mientras tanto el vac\u00edo de poder reinante en Madrid, decidi\u00f3 a los prohombres de la capital a constituir la llamada \u201cJunta de Salvaci\u00f3n, Armamento y Defensa para salvaguardar el Trono y la Libertad\u201d, cuyo origen fue una reuni\u00f3n de influyentes personalidades de diversas tendencias pol\u00edticas que se dieron cita en el palacio madrile\u00f1o del Duque del Sevillano, en aquella \u00e9poca conocido como Marqu\u00e9s de Fuentes de Duero. El progresista Evaristo San Miguel ser\u00eda su presidente, y el citado noble vicalvare\u00f1o ocupar\u00eda la vicepresidencia.\u00a0 \u00a0\u00a0<\/p>\n<p style=\"text-align: justify;\">\u00a0 \u00a0 \u00a0 La citada junta tuvo un especial protagonismo en el desarrollo de los acontecimientos, liderando el apaciguamiento de los madrile\u00f1os, y marcando las pautas para la negociaci\u00f3n y formaci\u00f3n del nuevo gobierno, que recay\u00f3 en el general Espartero, y no en O\u2019Donnell interpretado como\u00a0 un castigo por parte de la reina al general sublevado, que a pesar de todo quedar\u00eda al mando de los militares como ministro de la guerra.<\/p>\n<p style=\"text-align: justify;\">\u00a0 \u00a0 \u00a0 La Vicalvarada fue la antesala del periodo conocido como Bienio Liberal, que hab\u00eda comenzado sustentado en las esperanzas de cambios hacia una pol\u00edtica eficaz que se tradujera en mayor prosperidad y justicia. Pero a los pocos d\u00edas de la formaci\u00f3n de gobierno por parte de Espartero las Juntas Provinciales pr\u00e1cticamente se neutralizaron y se invalidaron las medidas adoptadas por ellas. La reina madre nunca fue juzgada por corrupci\u00f3n, y la Milicia Nacional comenz\u00f3 a reprimir protestas por orden del gobierno.<\/p>\n<p style=\"text-align: justify;\">\u00a0 \u00a0 \u00a0 \u00a0Las reformas fiscales y laborales se revelaron como inviables, por lo que las medidas aplicadas durante el periodo anterior permanecieron inmutables.<\/p>\n<p style=\"text-align: justify;\">\u00a0 \u00a0 \u00a0 En este periodo se llev\u00f3 a cabo la llamada Desamortizaci\u00f3n de Madoz de 1855, por la cual se pon\u00edan en venta bienes de los municipios, \u00f3rdenes militares, hospitales, hospicios y casas de misericordia, con objeto de obtener fondos para el Estado. Sin embargo las medidas resultaron contraproducentes a medio plazo, pues muchos peque\u00f1os agricultores perdieron las tierras que trabajaban en unas condiciones ventajosas al pasar a ser propiedad privada por lo que se produjo un notable \u00e9xodo rural. Por otro lado los ayuntamientos perdieron recursos para financiar los servicios que proporcionaban a los vecinos como por ejemplo la educaci\u00f3n p\u00fablica, esto dio origen al popular dicho de \u201cpasas m\u00e1s hambre que un maestro [de] escuela\u201d, pues las familias m\u00e1s humildes renunciaban a la educaci\u00f3n de sus hijos al verse incapaces de pagar las cuotas exigidas por los ayuntamientos para poder pagar el sueldo del profesorado.\u00a0<\/p>\n<p style=\"text-align: justify;\">\u00a0 \u00a0 \u00a0Con esa ley los inversores extranjeros, especialmente Francia y Reino Unido, se emplearon capitales en la construcci\u00f3n de v\u00edas f\u00e9rreas, consiguiendo relanzar la actividad bancaria y la actividad del incipiente desarrollo industrial.<\/p>\n<p style=\"text-align: justify;\">\u00a0 \u00a0 \u00a0El proyecto de la nueva constituci\u00f3n, cuya promulgaci\u00f3n estaba prevista para 1856, qued\u00f3 inconclusa, por lo que pas\u00f3 a la historia como la \u201cNon Nata\u201d. Los diversos des\u00f3rdenes y fracasos trajeron de nuevo el descontento generalizado y la polarizaci\u00f3n pol\u00edtica.<\/p>\n<p style=\"text-align: justify;\">\u00a0 \u00a0 \u00a0Un Real Decreto las Cortes Constituyentes, publicado el 2 de septiembre de 1856 disolvi\u00f3 las Cortes, y posteriormente se restablec\u00eda la Constituci\u00f3n de 1845 modificada con un Acta Adicional que liberalizaba su contenido, materializ\u00e1ndose el fracaso y frustraci\u00f3n del Bienio Liberal, pero que sin embargo desde entonces ha venido siendo un referente en el curso de la evoluci\u00f3n pol\u00edtica de este pa\u00eds.<\/p>\n<p><center><img decoding=\"async\" src=\"images\/Mausoleo_O_Donnell.jpg\" alt=\"\" \/><\/center><\/p>\n<p style=\"text-align: center;\">Mausoleo del <em>&#8220;h\u00e9roe de la Vicalvarada&#8221;<\/em> en Las Salesas Reales (Madrid) (Fuente: <a href=\"https:\/\/es.wikipedia.org\/wiki\/Archivo:Mausoleo_de_Leopoldo_O%27Donnell_(Madrid)_02.jpg\" target=\"_blank\" rel=\"noopener noreferrer\">Wikicommons<\/a>)<\/p>\n<p style=\"text-align: justify;\">\u00a0<\/p>\n<p style=\"text-align: justify;\"><strong>NOTAS<\/strong><\/p>\n<ol>\n<li style=\"text-align: justify;\"><a name=\"nota1\"><\/a>Los Exaltados pasaron a conocerse posteriormente como progresistas, y fueron la opci\u00f3n antag\u00f3nica a los moderados.<a href=\"#Ref1\">\u2191<\/a><\/li>\n<li><a name=\"nota2\"><\/a>Lynch, John (2007). La etapa liberal. En\u00a0<em>Historia de Espa\u00f1a <\/em>(Vol. 7, p. 185 ). Madrid: Cr\u00edtica.<a href=\"#Ref2\">\u2191<\/a><\/li>\n<li><a name=\"nota3\"><\/a>La Milicia Nacional fue una forma de defensa c\u00edvico-militar organizada a trav\u00e9s Juntas Locales y Provinciales que armaron a los ciudadanos para suplir la inexistencia de un ej\u00e9rcito provisional en caso de invasiones como la francesa en 1808, o para combatir los abusos por parte de la \u00e9lite sobre el pueblo. Los distintos gobiernos seg\u00fan su signo pol\u00edtico, pugnaron por mantenerla como resplado al poder, o bien por disolverla para neutralizarla como arma de la oposici\u00f3n, durante todo el siglo XIX.<a href=\"#Ref3\">\u2191<\/a><\/li>\n<li><a name=\"nota4\"><\/a>Fuentes, Juan Francisco (2007). <i>El fin del Antiguo R\u00e9gimen (1808-1868). Pol\u00edtica y sociedad<\/i>. Madrid: S\u00edntesis.<a href=\"#Ref4\">\u2191<\/a><\/li>\n<li><a name=\"nota5\"><\/a>Asensio Rubio, Manuela (2010). El Carlismo en Castilla-La Mancha (1833-1875). Ciudad Real: Biblioteca A\u00f1il (p.\u00a0195).<a href=\"#Ref5\">\u2191<\/a>\u00a0<\/li>\n<li><a name=\"nota6\"><\/a>Se lleg\u00f3 a extender el rumor de que los carlistas hab\u00edan envenenado el agua de las fuentes de Madrid, como explicaci\u00f3n del origen de la enfermedad.<a href=\"#Ref6\">\u2191<\/a>\u00a0<\/li>\n<li><a name=\"nota7\"><\/a>Bux\u00f3\u00a0de Abaigar, Joaqu\u00edn (1962). Domingo Dulce, General Isabelino. Barcelona: Planeta (p. 264)\u00a0<a href=\"#Ref7\">\u2191<\/a><\/li>\n<li><a name=\"nota8\"><\/a>del Castillo, Rafael (1860).<em>Historia de la vida militar y pol\u00edtica del general D. Leopoldo O&#8217;Donnell.\u00a0<\/em>Madrid:Librer\u00eda Espa\u00f1ola (p. 400).<a href=\"#Ref8\">\u2191<\/a><\/li>\n<\/ol>\n<p>\u00a0<\/p>\n<p><strong>BIBLIOGRAF\u00cdA<\/strong><\/p>\n<ul>\n<li>Asensio Rubio, Manuela (2010). <i>En Carlismo en Castilla-La Mancha (1833-1875)<\/i>. Ciudad Real: Biblioteca A\u00f1il.\n<\/li>\n<li>Burdiel Bueno, Isabel (2010). <i>Isabel II, una biograf\u00eda<\/i>. Madrid: Taurus.\n<\/li>\n<li>Bux\u00f3 de Abaigar, Joaqu\u00edn (1962). Domingo Dulce, General Isabelino. Barcelona: Planeta\n<\/li>\n<li>del Castillo, Rafael (1860).\u00a0<em>Historia de la vida militar y pol\u00edtica del general D. Leopoldo O&#8217;Donnell.\u00a0<\/em>Madrid:Librer\u00eda Espa\u00f1ola.\n<\/li>\n<li>Fern\u00e1ndez Escudero, Agust\u00edn (2013). <i>El negocio de la pol\u00edtica. Biograf\u00eda del duque de Sevillano (Vic\u00e1lvaro 1790 &#8211; Madrid 1864)<\/i>. Madrid: La Erg\u00e1stula.<\/li>\n<li>\n<p class=\"MsoBibliography\" style=\"margin-left: 36.0pt; text-indent: -36.0pt;\">Fuentes, Juan Francisco. <i>El fin del Antiguo R\u00e9gimen (1808-1868) (2007). Pol\u00edtica y sociedad<\/i>. Madrid: S\u00edntesis.<\/p>\n<\/li>\n<li>\n<p class=\"MsoBibliography\" style=\"margin-left: 36.0pt; text-indent: -36.0pt;\">Gonz\u00e1lez G\u00e1lvez, Valent\u00edn et al. (1987).\u00a0<i>Historia de Vic\u00e1lvaro<\/i>. Madrid: Ayuntamiento de Madrid, Concejal\u00eda de Relaciones Institucionales y Comunicaci\u00f3n.<\/p>\n<\/li>\n<li>\n<p class=\"MsoBibliography\" style=\"margin-left: 36.0pt; text-indent: -36.0pt;\">Lynch, John (2007). <i>Historia de Espa\u00f1a; La etapa liberal (<\/i>Vol. 7). Madrid: Cr\u00edtica, 2007.\u00a0<\/p>\n<\/li>\n<li>\n<p class=\"MsoBibliography\" style=\"margin-left: 36.0pt; text-indent: -36.0pt;\">P\u00e9rez Gald\u00f3s, Benito (2008). <i>Episodios Nacionales &#8211; La Revoluci\u00f3n de Julio<\/i>. Madrid: Espasa Calpe.<\/p>\n<p class=\"MsoBibliography\" style=\"margin-left: 36.0pt; text-indent: -36.0pt;\">\u00a0<\/p>\n<p class=\"MsoNormal\" style=\"text-align: right;\"><!-- [if supportFields]><b><span style='mso-element:field-end'><\/span><\/b><![endif]-->\u00a0<span style=\"text-decoration: underline;\">Francisco Vicente Poza<\/span><\/p>\n<\/li>\n<\/ul>\n<\/td>\n<\/tr>\n<\/tbody>\n<\/table>\n","protected":false},"excerpt":{"rendered":"<p>\u00a0 \u00a0Publicamos este art\u00edculo con motivo del aniversario de la Vicalvarada, denominaci\u00f3n que se le dio a una serie de acontecimientos producidos en el verano de 1854, con origen en un pronunciamiento militar cuyo escenario inicial fue nuestro pueblo. Grabado de la Batalla de Vic\u00e1lvaro (fuente: Wikicommons) \u00a0\u00a0\u00a0 En este periodo de transici\u00f3n entre el &hellip; <\/p>\n<p class=\"link-more\"><a href=\"https:\/\/vicusalbus.org\/?p=152\" class=\"more-link\">Leer m\u00e1s<span class=\"screen-reader-text\"> \u00abLa Vicalvarada\u00bb<\/span><\/a><\/p>\n","protected":false},"author":2,"featured_media":0,"comment_status":"open","ping_status":"open","sticky":false,"template":"","format":"standard","meta":{"two_page_speed":[],"footnotes":""},"categories":[17],"tags":[74,38,75,72,73,76,39,33],"class_list":["post-152","post","type-post","status-publish","format-standard","hentry","category-articulos","tag-batalla","tag-duque-del-sevillano","tag-general-dulce","tag-isabel-ii","tag-odonnell","tag-ros-de-olano","tag-vicalvarada","tag-vicalvaro"],"yoast_head":"<!-- This site is optimized with the Yoast SEO plugin v27.5 - https:\/\/yoast.com\/product\/yoast-seo-wordpress\/ -->\n<title>La Vicalvarada - Asociaci\u00f3n Vicus Albus<\/title>\n<meta name=\"robots\" content=\"index, follow, max-snippet:-1, max-image-preview:large, max-video-preview:-1\" \/>\n<link rel=\"canonical\" href=\"https:\/\/vicusalbus.org\/?p=152\" \/>\n<meta property=\"og:locale\" content=\"es_ES\" \/>\n<meta property=\"og:type\" content=\"article\" \/>\n<meta property=\"og:title\" content=\"La Vicalvarada - Asociaci\u00f3n Vicus Albus\" \/>\n<meta property=\"og:description\" content=\"\u00a0 \u00a0Publicamos este art\u00edculo con motivo del aniversario de la Vicalvarada, denominaci\u00f3n que se le dio a una serie de acontecimientos producidos en el verano de 1854, con origen en un pronunciamiento militar cuyo escenario inicial fue nuestro pueblo. Grabado de la Batalla de Vic\u00e1lvaro (fuente: Wikicommons) \u00a0\u00a0\u00a0 En este periodo de transici\u00f3n entre el &hellip; Leer m\u00e1s \u00abLa Vicalvarada\u00bb\" \/>\n<meta property=\"og:url\" content=\"https:\/\/vicusalbus.org\/?p=152\" \/>\n<meta property=\"og:site_name\" content=\"Asociaci\u00f3n Vicus Albus\" \/>\n<meta property=\"article:published_time\" content=\"2018-06-27T22:00:00+00:00\" \/>\n<meta property=\"article:modified_time\" content=\"2025-12-28T16:48:08+00:00\" \/>\n<meta name=\"author\" content=\"Vicus Albus\" \/>\n<meta name=\"twitter:card\" content=\"summary_large_image\" \/>\n<meta name=\"twitter:label1\" content=\"Escrito por\" \/>\n\t<meta name=\"twitter:data1\" content=\"Vicus Albus\" \/>\n\t<meta name=\"twitter:label2\" content=\"Tiempo de lectura\" \/>\n\t<meta name=\"twitter:data2\" content=\"30 minutos\" \/>\n<script type=\"application\/ld+json\" class=\"yoast-schema-graph\">{\"@context\":\"https:\\\/\\\/schema.org\",\"@graph\":[{\"@type\":\"Article\",\"@id\":\"https:\\\/\\\/vicusalbus.org\\\/?p=152#article\",\"isPartOf\":{\"@id\":\"https:\\\/\\\/vicusalbus.org\\\/?p=152\"},\"author\":{\"name\":\"Vicus Albus\",\"@id\":\"https:\\\/\\\/vicusalbus.org\\\/#\\\/schema\\\/person\\\/0f457e642a2752fe3866b4bd8949205b\"},\"headline\":\"La Vicalvarada\",\"datePublished\":\"2018-06-27T22:00:00+00:00\",\"dateModified\":\"2025-12-28T16:48:08+00:00\",\"mainEntityOfPage\":{\"@id\":\"https:\\\/\\\/vicusalbus.org\\\/?p=152\"},\"wordCount\":5953,\"commentCount\":0,\"publisher\":{\"@id\":\"https:\\\/\\\/vicusalbus.org\\\/#organization\"},\"keywords\":[\"Batalla\",\"Duque del Sevillano\",\"General Dulce\",\"Isabel II\",\"O'Donnell\",\"Ros de Olano\",\"Vicalvarada\",\"Vic\u00e1lvaro\"],\"articleSection\":[\"Art\u00edculos\"],\"inLanguage\":\"es\",\"potentialAction\":[{\"@type\":\"CommentAction\",\"name\":\"Comment\",\"target\":[\"https:\\\/\\\/vicusalbus.org\\\/?p=152#respond\"]}]},{\"@type\":\"WebPage\",\"@id\":\"https:\\\/\\\/vicusalbus.org\\\/?p=152\",\"url\":\"https:\\\/\\\/vicusalbus.org\\\/?p=152\",\"name\":\"La Vicalvarada - Asociaci\u00f3n Vicus Albus\",\"isPartOf\":{\"@id\":\"https:\\\/\\\/vicusalbus.org\\\/#website\"},\"datePublished\":\"2018-06-27T22:00:00+00:00\",\"dateModified\":\"2025-12-28T16:48:08+00:00\",\"breadcrumb\":{\"@id\":\"https:\\\/\\\/vicusalbus.org\\\/?p=152#breadcrumb\"},\"inLanguage\":\"es\",\"potentialAction\":[{\"@type\":\"ReadAction\",\"target\":[\"https:\\\/\\\/vicusalbus.org\\\/?p=152\"]}]},{\"@type\":\"BreadcrumbList\",\"@id\":\"https:\\\/\\\/vicusalbus.org\\\/?p=152#breadcrumb\",\"itemListElement\":[{\"@type\":\"ListItem\",\"position\":1,\"name\":\"Portada\",\"item\":\"https:\\\/\\\/vicusalbus.org\\\/\"},{\"@type\":\"ListItem\",\"position\":2,\"name\":\"La Vicalvarada\"}]},{\"@type\":\"WebSite\",\"@id\":\"https:\\\/\\\/vicusalbus.org\\\/#website\",\"url\":\"https:\\\/\\\/vicusalbus.org\\\/\",\"name\":\"Asociaci\u00f3n Vicus Albus\",\"description\":\"\",\"publisher\":{\"@id\":\"https:\\\/\\\/vicusalbus.org\\\/#organization\"},\"potentialAction\":[{\"@type\":\"SearchAction\",\"target\":{\"@type\":\"EntryPoint\",\"urlTemplate\":\"https:\\\/\\\/vicusalbus.org\\\/?s={search_term_string}\"},\"query-input\":{\"@type\":\"PropertyValueSpecification\",\"valueRequired\":true,\"valueName\":\"search_term_string\"}}],\"inLanguage\":\"es\"},{\"@type\":\"Organization\",\"@id\":\"https:\\\/\\\/vicusalbus.org\\\/#organization\",\"name\":\"Asociaci\u00f3n Vicus Albus\",\"url\":\"https:\\\/\\\/vicusalbus.org\\\/\",\"logo\":{\"@type\":\"ImageObject\",\"inLanguage\":\"es\",\"@id\":\"https:\\\/\\\/vicusalbus.org\\\/#\\\/schema\\\/logo\\\/image\\\/\",\"url\":\"https:\\\/\\\/vicusalbus.org\\\/wp-content\\\/uploads\\\/2024\\\/06\\\/cropped-logo_oficial_vicus.jpg\",\"contentUrl\":\"https:\\\/\\\/vicusalbus.org\\\/wp-content\\\/uploads\\\/2024\\\/06\\\/cropped-logo_oficial_vicus.jpg\",\"width\":496,\"height\":100,\"caption\":\"Asociaci\u00f3n Vicus Albus\"},\"image\":{\"@id\":\"https:\\\/\\\/vicusalbus.org\\\/#\\\/schema\\\/logo\\\/image\\\/\"}},{\"@type\":\"Person\",\"@id\":\"https:\\\/\\\/vicusalbus.org\\\/#\\\/schema\\\/person\\\/0f457e642a2752fe3866b4bd8949205b\",\"name\":\"Vicus Albus\",\"image\":{\"@type\":\"ImageObject\",\"inLanguage\":\"es\",\"@id\":\"https:\\\/\\\/secure.gravatar.com\\\/avatar\\\/feb2a4b4ce1c54eafcc6886aa4ecbed6f4c5da2acff48eebe049931f3265aad8?s=96&d=mm&r=g\",\"url\":\"https:\\\/\\\/secure.gravatar.com\\\/avatar\\\/feb2a4b4ce1c54eafcc6886aa4ecbed6f4c5da2acff48eebe049931f3265aad8?s=96&d=mm&r=g\",\"contentUrl\":\"https:\\\/\\\/secure.gravatar.com\\\/avatar\\\/feb2a4b4ce1c54eafcc6886aa4ecbed6f4c5da2acff48eebe049931f3265aad8?s=96&d=mm&r=g\",\"caption\":\"Vicus Albus\"},\"url\":\"https:\\\/\\\/vicusalbus.org\\\/?author=2\"}]}<\/script>\n<!-- \/ Yoast SEO plugin. -->","yoast_head_json":{"title":"La Vicalvarada - Asociaci\u00f3n Vicus Albus","robots":{"index":"index","follow":"follow","max-snippet":"max-snippet:-1","max-image-preview":"max-image-preview:large","max-video-preview":"max-video-preview:-1"},"canonical":"https:\/\/vicusalbus.org\/?p=152","og_locale":"es_ES","og_type":"article","og_title":"La Vicalvarada - Asociaci\u00f3n Vicus Albus","og_description":"\u00a0 \u00a0Publicamos este art\u00edculo con motivo del aniversario de la Vicalvarada, denominaci\u00f3n que se le dio a una serie de acontecimientos producidos en el verano de 1854, con origen en un pronunciamiento militar cuyo escenario inicial fue nuestro pueblo. Grabado de la Batalla de Vic\u00e1lvaro (fuente: Wikicommons) \u00a0\u00a0\u00a0 En este periodo de transici\u00f3n entre el &hellip; Leer m\u00e1s \u00abLa Vicalvarada\u00bb","og_url":"https:\/\/vicusalbus.org\/?p=152","og_site_name":"Asociaci\u00f3n Vicus Albus","article_published_time":"2018-06-27T22:00:00+00:00","article_modified_time":"2025-12-28T16:48:08+00:00","author":"Vicus Albus","twitter_card":"summary_large_image","twitter_misc":{"Escrito por":"Vicus Albus","Tiempo de lectura":"30 minutos"},"schema":{"@context":"https:\/\/schema.org","@graph":[{"@type":"Article","@id":"https:\/\/vicusalbus.org\/?p=152#article","isPartOf":{"@id":"https:\/\/vicusalbus.org\/?p=152"},"author":{"name":"Vicus Albus","@id":"https:\/\/vicusalbus.org\/#\/schema\/person\/0f457e642a2752fe3866b4bd8949205b"},"headline":"La Vicalvarada","datePublished":"2018-06-27T22:00:00+00:00","dateModified":"2025-12-28T16:48:08+00:00","mainEntityOfPage":{"@id":"https:\/\/vicusalbus.org\/?p=152"},"wordCount":5953,"commentCount":0,"publisher":{"@id":"https:\/\/vicusalbus.org\/#organization"},"keywords":["Batalla","Duque del Sevillano","General Dulce","Isabel II","O'Donnell","Ros de Olano","Vicalvarada","Vic\u00e1lvaro"],"articleSection":["Art\u00edculos"],"inLanguage":"es","potentialAction":[{"@type":"CommentAction","name":"Comment","target":["https:\/\/vicusalbus.org\/?p=152#respond"]}]},{"@type":"WebPage","@id":"https:\/\/vicusalbus.org\/?p=152","url":"https:\/\/vicusalbus.org\/?p=152","name":"La Vicalvarada - Asociaci\u00f3n Vicus Albus","isPartOf":{"@id":"https:\/\/vicusalbus.org\/#website"},"datePublished":"2018-06-27T22:00:00+00:00","dateModified":"2025-12-28T16:48:08+00:00","breadcrumb":{"@id":"https:\/\/vicusalbus.org\/?p=152#breadcrumb"},"inLanguage":"es","potentialAction":[{"@type":"ReadAction","target":["https:\/\/vicusalbus.org\/?p=152"]}]},{"@type":"BreadcrumbList","@id":"https:\/\/vicusalbus.org\/?p=152#breadcrumb","itemListElement":[{"@type":"ListItem","position":1,"name":"Portada","item":"https:\/\/vicusalbus.org\/"},{"@type":"ListItem","position":2,"name":"La Vicalvarada"}]},{"@type":"WebSite","@id":"https:\/\/vicusalbus.org\/#website","url":"https:\/\/vicusalbus.org\/","name":"Asociaci\u00f3n Vicus Albus","description":"","publisher":{"@id":"https:\/\/vicusalbus.org\/#organization"},"potentialAction":[{"@type":"SearchAction","target":{"@type":"EntryPoint","urlTemplate":"https:\/\/vicusalbus.org\/?s={search_term_string}"},"query-input":{"@type":"PropertyValueSpecification","valueRequired":true,"valueName":"search_term_string"}}],"inLanguage":"es"},{"@type":"Organization","@id":"https:\/\/vicusalbus.org\/#organization","name":"Asociaci\u00f3n Vicus Albus","url":"https:\/\/vicusalbus.org\/","logo":{"@type":"ImageObject","inLanguage":"es","@id":"https:\/\/vicusalbus.org\/#\/schema\/logo\/image\/","url":"https:\/\/vicusalbus.org\/wp-content\/uploads\/2024\/06\/cropped-logo_oficial_vicus.jpg","contentUrl":"https:\/\/vicusalbus.org\/wp-content\/uploads\/2024\/06\/cropped-logo_oficial_vicus.jpg","width":496,"height":100,"caption":"Asociaci\u00f3n Vicus Albus"},"image":{"@id":"https:\/\/vicusalbus.org\/#\/schema\/logo\/image\/"}},{"@type":"Person","@id":"https:\/\/vicusalbus.org\/#\/schema\/person\/0f457e642a2752fe3866b4bd8949205b","name":"Vicus Albus","image":{"@type":"ImageObject","inLanguage":"es","@id":"https:\/\/secure.gravatar.com\/avatar\/feb2a4b4ce1c54eafcc6886aa4ecbed6f4c5da2acff48eebe049931f3265aad8?s=96&d=mm&r=g","url":"https:\/\/secure.gravatar.com\/avatar\/feb2a4b4ce1c54eafcc6886aa4ecbed6f4c5da2acff48eebe049931f3265aad8?s=96&d=mm&r=g","contentUrl":"https:\/\/secure.gravatar.com\/avatar\/feb2a4b4ce1c54eafcc6886aa4ecbed6f4c5da2acff48eebe049931f3265aad8?s=96&d=mm&r=g","caption":"Vicus Albus"},"url":"https:\/\/vicusalbus.org\/?author=2"}]}},"_links":{"self":[{"href":"https:\/\/vicusalbus.org\/index.php?rest_route=\/wp\/v2\/posts\/152","targetHints":{"allow":["GET"]}}],"collection":[{"href":"https:\/\/vicusalbus.org\/index.php?rest_route=\/wp\/v2\/posts"}],"about":[{"href":"https:\/\/vicusalbus.org\/index.php?rest_route=\/wp\/v2\/types\/post"}],"author":[{"embeddable":true,"href":"https:\/\/vicusalbus.org\/index.php?rest_route=\/wp\/v2\/users\/2"}],"replies":[{"embeddable":true,"href":"https:\/\/vicusalbus.org\/index.php?rest_route=%2Fwp%2Fv2%2Fcomments&post=152"}],"version-history":[{"count":1,"href":"https:\/\/vicusalbus.org\/index.php?rest_route=\/wp\/v2\/posts\/152\/revisions"}],"predecessor-version":[{"id":1235,"href":"https:\/\/vicusalbus.org\/index.php?rest_route=\/wp\/v2\/posts\/152\/revisions\/1235"}],"wp:attachment":[{"href":"https:\/\/vicusalbus.org\/index.php?rest_route=%2Fwp%2Fv2%2Fmedia&parent=152"}],"wp:term":[{"taxonomy":"category","embeddable":true,"href":"https:\/\/vicusalbus.org\/index.php?rest_route=%2Fwp%2Fv2%2Fcategories&post=152"},{"taxonomy":"post_tag","embeddable":true,"href":"https:\/\/vicusalbus.org\/index.php?rest_route=%2Fwp%2Fv2%2Ftags&post=152"}],"curies":[{"name":"wp","href":"https:\/\/api.w.org\/{rel}","templated":true}]}}