{"id":153,"date":"2018-06-29T21:26:11","date_gmt":"2018-06-29T21:26:11","guid":{"rendered":"https:\/\/vicusalbus.org\/wordpress\/?p=153"},"modified":"2025-12-28T16:48:08","modified_gmt":"2025-12-28T16:48:08","slug":"el-chata","status":"publish","type":"post","link":"https:\/\/vicusalbus.org\/?p=153","title":{"rendered":"El Chata"},"content":{"rendered":"<p style=\"text-align: center;\"><iframe loading=\"lazy\" width=\"560\" height=\"315\" src=\"https:\/\/www.youtube.com\/embed\/mEGtOtiCj-Q?si=e7EFRywW6pQG_Xvz\" title=\"YouTube video player\" frameborder=\"0\" allow=\"accelerometer; autoplay; clipboard-write; encrypted-media; gyroscope; picture-in-picture; web-share\" referrerpolicy=\"strict-origin-when-cross-origin\" allowfullscreen><\/iframe><\/p>\n<p>\u00a0<\/p>\n<p style=\"text-align: justify; padding-left: 120px; padding-right: 120px;\"><span style=\"font-size: 12.16px;\">&#8220;Dec\u00edan de Eduardo el Chata los que le conocieron que pose\u00eda un gusto exquisito para decir los cantes, resultando primorosas sus interpretaciones&#8230;\u00a0 (&#8230;)\u00a0 \u00a0 Hombre dotado de una gran sencillez y poco com\u00fan, jam\u00e1s alardeaba de los triunfos alcanzados en los concursos a los que se present\u00f3 -que fueron bastantes-, tras los cuales se le abr\u00edan de par en par las puertas de los teatros y salas en las que se representaban los mejores espect\u00e1culos flamencos de la \u00e9poca.&#8221;<\/span><\/p>\n<p style=\"text-align: justify; padding-left: 120px; padding-right: 120px;\"><span style=\"font-size: 12.16px;\">Antonio Escribano (1990). <em>&#8220;Y Madrid se hizo Flamenco&#8221;<\/em>\u00a0. Madrid:Editorial Lavapi\u00e9s<\/span><span style=\"font-size: 12.16px;\">\u00a0<\/span><\/p>\n<p><span style=\"font-size: 12.16px;\">\u00a0 \u00a0 \u00a0 \u00a0<\/span><span style=\"font-size: 12.16px;\">Madrid no es s\u00f3lo el lugar donde los artistas flamencos reciben la confirmaci\u00f3n a su arte, tambi\u00e9n ha sido cuna de muchos profesionales que pasearon y pasean su saber flamenco por toda la geograf\u00eda espa\u00f1ola. Hoy vamos a hablar de uno que vino al mundo en Vic\u00e1lvaro en 1893, treinta y nueve a\u00f1os despu\u00e9s de un pronunciamiento de militares progresistas liderado por Leopoldo O&#8217;Donell, que dio la presidencia del Consejo de Ministros al general Espartero y que fue conocido como la Vicalvarada.<\/span><\/p>\n<p style=\"text-align: center;\"><span style=\"font-size: 12.16px;\"><img decoding=\"async\" src=\"images\/el_chata1.jpg\" alt=\"\" \/><\/span><\/p>\n<p style=\"text-align: justify;\"><span style=\"font-size: 12.16px;\">\u00a0 \u00a0 \u00a0Nuestro <em>cantaor<\/em>, llamado <strong>Eduardo Garc\u00eda Ruiz-Espejo<\/strong>, art\u00edsticamente conocido como <strong>El Chata de Vic\u00e1lvaro<\/strong>, obtuvo varios premios en concursos celebrados en Madrid y altern\u00f3 con El Chato de las Ventas, Jos\u00e9 Cepero o Fosforito en diversos espect\u00e1culos. Sobre el a\u00f1o 1929 grab\u00f3 varios discos de pizarra con la guitarra de Ram\u00f3n Montoya, en los que hizo verdiales, malague\u00f1a, jaberas del Negro, buler\u00edas del Chata, farruca, taranta, cantes de Levante, soleares, peteneras y fandangos.<\/span><\/p>\n<p style=\"text-align: center;\"><span style=\"font-size: 12.16px;\"><img decoding=\"async\" src=\"images\/trofeoChata.jpg\" alt=\"\" \/><\/span><\/p>\n<blockquote>\n<p style=\"text-align: center;\"><span style=\"font-size: 12.16px;\">&#8220;<em>Copa <span style=\"font-size: 9.5px;\">&lt;&lt;<\/span>Bar Niza<span style=\"font-size: 9.5px;\">&gt;&gt;<\/span><\/em><br \/><em>Teatro Reina Victoria<\/em><br \/><em>Concurso Cantaores de Flamenco<\/em><br \/><em>Septiembre &#8211; 1925<\/em>&#8220;<\/span><\/p>\n<p style=\"text-align: center;\"><span style=\"font-size: 12.16px;\">(Fotograf\u00eda gentileza de la familia Garc\u00eda -descendientes de <em>&#8220;El Chata&#8221;<\/em>).<\/span><\/p>\n<\/blockquote>\n<p style=\"text-align: justify;\"><span style=\"font-size: 12.16px;\">\u00a0 \u00a0 \u00a0 Entre las actuaciones m\u00e1s significativas de El Chata de Vic\u00e1lvaro caben destacarse las del a\u00f1o 1925 en el Teatro Reina Victoria de Madrid, en la que obtuvo la copa que se pon\u00eda en juego y la del Teatro Romea; al a\u00f1o siguiente triunf\u00f3 en sus actuaciones en el Kursaal Magdalena y Teatro Pav\u00f3n; un a\u00f1o m\u00e1s tarde intervino en el concurso del Monumental Cinema, as\u00ed como en los teatros Pav\u00f3n, Avenida, La Latina y Pardi\u00f1a, y en 1929 intervino en el Teatro Pav\u00f3n en &#8216;La copla andaluza&#8217;. En 1955, actuando en el Circo Price formando parte del espect\u00e1culo de Pepe Marchena &#8216;Pasan las coplas&#8217;, se despidi\u00f3 del publico.<\/span><\/p>\n<p><span style=\"font-size: 12.16px;\">\u00a0 \u00a0 \u00a0Su holgada situaci\u00f3n econ\u00f3mica le permiti\u00f3 vivir sin dedicarse en exclusiva al cante de forma profesional y prefiri\u00f3 la tranquilidad de su pueblo (Vic\u00e1lvaro) y\u00a0 la compa\u00f1\u00eda de sus amigos a la ajetreada vida del artista flamenco. Eso no le impidi\u00f3 alternar con algunos de los grandes de su \u00e9poca como Francisco Lema &#8220;Fosforito&#8221;, Maneli, el Chato de las Ventas y otros. El Chata muri\u00f3 el 8 de diciembre de 1975 en Vicalvaro.<\/span><\/p>\n<p style=\"text-align: center;\"><span style=\"font-size: 12.16px;\"><img decoding=\"async\" src=\"images\/callejon_elchata.jpg\" alt=\"\" \/><\/span><\/p>\n<p><span style=\"font-size: 12.16px;\">\u00a0 \u00a0 \u00a0En 2014, el pleno de la Junta Municipal de Vic\u00e1lvaro, a propuesta de la Asociaci\u00f3n Vicus Albus, decidi\u00f3 dedicar un espacio a este ilustre cantante. Un callej\u00f3n situado entre los n\u00fameros 12A y 12B de la calle Jard\u00edn de la Duquesa recordar\u00e1 a los vicalvare\u00f1os que en sus calles naci\u00f3 y vivi\u00f3 Eduardo Garc\u00eda, &#8220;El Chata de Vic\u00e1lvaro&#8221;.<\/span><\/p>\n<p><span style=\"font-size: 12.16px;\">\u00a0<\/span><\/p>\n<p><span style=\"font-size: 12.16px;\">\u00a0<\/span><span style=\"font-size: 12.16px;\">Ricardo Blanco (publicado originalmente en https:\/\/vicalvaro.jimdo.com\/reportajes-1\/el-chata-de-vic%C3%A1lvaro\/)<\/span><\/p>\n<p><span style=\"font-size: 12.16px;\">\u00a0<\/span><\/p>\n<p><span style=\"font-size: 12.16px;\"><strong>Fuentes:<\/strong><\/span><\/p>\n<ul>\n<li><strong><span style=\"font-size: 12.16px;\">http:\/\/memoriaflamenca.blogspot.com.es\/2014\/01\/el-chata-de-vicalvaro-cantando-una.html<\/span><\/strong><\/li>\n<li><strong><span style=\"font-size: 12.16px;\">http:\/\/pedelgom.blogspot.com.es\/2013\/02\/el-chata-de-vicalvaro.html<\/span><\/strong><\/li>\n<\/ul>\n","protected":false},"excerpt":{"rendered":"<p>\u00a0 &#8220;Dec\u00edan de Eduardo el Chata los que le conocieron que pose\u00eda un gusto exquisito para decir los cantes, resultando primorosas sus interpretaciones&#8230;\u00a0 (&#8230;)\u00a0 \u00a0 Hombre dotado de una gran sencillez y poco com\u00fan, jam\u00e1s alardeaba de los triunfos alcanzados en los concursos a los que se present\u00f3 -que fueron bastantes-, tras los cuales se &hellip; <\/p>\n<p class=\"link-more\"><a href=\"https:\/\/vicusalbus.org\/?p=153\" class=\"more-link\">Leer m\u00e1s<span class=\"screen-reader-text\"> \u00abEl Chata\u00bb<\/span><\/a><\/p>\n","protected":false},"author":2,"featured_media":0,"comment_status":"open","ping_status":"open","sticky":false,"template":"","format":"standard","meta":{"two_page_speed":[],"footnotes":""},"categories":[17],"tags":[78,77,79],"class_list":["post-153","post","type-post","status-publish","format-standard","hentry","category-articulos","tag-cantante","tag-chata","tag-flamenco"],"yoast_head":"<!-- This site is optimized with the Yoast SEO plugin v27.4 - https:\/\/yoast.com\/product\/yoast-seo-wordpress\/ -->\n<title>El Chata - Asociaci\u00f3n Vicus Albus<\/title>\n<meta name=\"robots\" content=\"index, follow, max-snippet:-1, max-image-preview:large, max-video-preview:-1\" \/>\n<link rel=\"canonical\" href=\"https:\/\/vicusalbus.org\/?p=153\" \/>\n<meta property=\"og:locale\" content=\"es_ES\" \/>\n<meta property=\"og:type\" content=\"article\" \/>\n<meta property=\"og:title\" content=\"El Chata - Asociaci\u00f3n Vicus Albus\" \/>\n<meta property=\"og:description\" content=\"\u00a0 &#8220;Dec\u00edan de Eduardo el Chata los que le conocieron que pose\u00eda un gusto exquisito para decir los cantes, resultando primorosas sus interpretaciones&#8230;\u00a0 (&#8230;)\u00a0 \u00a0 Hombre dotado de una gran sencillez y poco com\u00fan, jam\u00e1s alardeaba de los triunfos alcanzados en los concursos a los que se present\u00f3 -que fueron bastantes-, tras los cuales se &hellip; Leer m\u00e1s \u00abEl Chata\u00bb\" \/>\n<meta property=\"og:url\" content=\"https:\/\/vicusalbus.org\/?p=153\" \/>\n<meta property=\"og:site_name\" content=\"Asociaci\u00f3n Vicus Albus\" \/>\n<meta property=\"article:published_time\" content=\"2018-06-29T21:26:11+00:00\" \/>\n<meta property=\"article:modified_time\" content=\"2025-12-28T16:48:08+00:00\" \/>\n<meta name=\"author\" content=\"Vicus Albus\" \/>\n<meta name=\"twitter:card\" content=\"summary_large_image\" \/>\n<meta name=\"twitter:label1\" content=\"Escrito por\" \/>\n\t<meta name=\"twitter:data1\" content=\"Vicus Albus\" \/>\n\t<meta name=\"twitter:label2\" content=\"Tiempo de lectura\" \/>\n\t<meta name=\"twitter:data2\" content=\"3 minutos\" \/>\n<script type=\"application\/ld+json\" class=\"yoast-schema-graph\">{\"@context\":\"https:\\\/\\\/schema.org\",\"@graph\":[{\"@type\":\"Article\",\"@id\":\"https:\\\/\\\/vicusalbus.org\\\/?p=153#article\",\"isPartOf\":{\"@id\":\"https:\\\/\\\/vicusalbus.org\\\/?p=153\"},\"author\":{\"name\":\"Vicus Albus\",\"@id\":\"https:\\\/\\\/vicusalbus.org\\\/#\\\/schema\\\/person\\\/0f457e642a2752fe3866b4bd8949205b\"},\"headline\":\"El Chata\",\"datePublished\":\"2018-06-29T21:26:11+00:00\",\"dateModified\":\"2025-12-28T16:48:08+00:00\",\"mainEntityOfPage\":{\"@id\":\"https:\\\/\\\/vicusalbus.org\\\/?p=153\"},\"wordCount\":579,\"commentCount\":0,\"publisher\":{\"@id\":\"https:\\\/\\\/vicusalbus.org\\\/#organization\"},\"keywords\":[\"cantante\",\"Chata\",\"flamenco.\"],\"articleSection\":[\"Art\u00edculos\"],\"inLanguage\":\"es\",\"potentialAction\":[{\"@type\":\"CommentAction\",\"name\":\"Comment\",\"target\":[\"https:\\\/\\\/vicusalbus.org\\\/?p=153#respond\"]}]},{\"@type\":\"WebPage\",\"@id\":\"https:\\\/\\\/vicusalbus.org\\\/?p=153\",\"url\":\"https:\\\/\\\/vicusalbus.org\\\/?p=153\",\"name\":\"El Chata - Asociaci\u00f3n Vicus Albus\",\"isPartOf\":{\"@id\":\"https:\\\/\\\/vicusalbus.org\\\/#website\"},\"datePublished\":\"2018-06-29T21:26:11+00:00\",\"dateModified\":\"2025-12-28T16:48:08+00:00\",\"breadcrumb\":{\"@id\":\"https:\\\/\\\/vicusalbus.org\\\/?p=153#breadcrumb\"},\"inLanguage\":\"es\",\"potentialAction\":[{\"@type\":\"ReadAction\",\"target\":[\"https:\\\/\\\/vicusalbus.org\\\/?p=153\"]}]},{\"@type\":\"BreadcrumbList\",\"@id\":\"https:\\\/\\\/vicusalbus.org\\\/?p=153#breadcrumb\",\"itemListElement\":[{\"@type\":\"ListItem\",\"position\":1,\"name\":\"Portada\",\"item\":\"https:\\\/\\\/vicusalbus.org\\\/\"},{\"@type\":\"ListItem\",\"position\":2,\"name\":\"El Chata\"}]},{\"@type\":\"WebSite\",\"@id\":\"https:\\\/\\\/vicusalbus.org\\\/#website\",\"url\":\"https:\\\/\\\/vicusalbus.org\\\/\",\"name\":\"Asociaci\u00f3n Vicus Albus\",\"description\":\"\",\"publisher\":{\"@id\":\"https:\\\/\\\/vicusalbus.org\\\/#organization\"},\"potentialAction\":[{\"@type\":\"SearchAction\",\"target\":{\"@type\":\"EntryPoint\",\"urlTemplate\":\"https:\\\/\\\/vicusalbus.org\\\/?s={search_term_string}\"},\"query-input\":{\"@type\":\"PropertyValueSpecification\",\"valueRequired\":true,\"valueName\":\"search_term_string\"}}],\"inLanguage\":\"es\"},{\"@type\":\"Organization\",\"@id\":\"https:\\\/\\\/vicusalbus.org\\\/#organization\",\"name\":\"Asociaci\u00f3n Vicus Albus\",\"url\":\"https:\\\/\\\/vicusalbus.org\\\/\",\"logo\":{\"@type\":\"ImageObject\",\"inLanguage\":\"es\",\"@id\":\"https:\\\/\\\/vicusalbus.org\\\/#\\\/schema\\\/logo\\\/image\\\/\",\"url\":\"https:\\\/\\\/vicusalbus.org\\\/wp-content\\\/uploads\\\/2024\\\/06\\\/cropped-logo_oficial_vicus.jpg\",\"contentUrl\":\"https:\\\/\\\/vicusalbus.org\\\/wp-content\\\/uploads\\\/2024\\\/06\\\/cropped-logo_oficial_vicus.jpg\",\"width\":496,\"height\":100,\"caption\":\"Asociaci\u00f3n Vicus Albus\"},\"image\":{\"@id\":\"https:\\\/\\\/vicusalbus.org\\\/#\\\/schema\\\/logo\\\/image\\\/\"}},{\"@type\":\"Person\",\"@id\":\"https:\\\/\\\/vicusalbus.org\\\/#\\\/schema\\\/person\\\/0f457e642a2752fe3866b4bd8949205b\",\"name\":\"Vicus Albus\",\"image\":{\"@type\":\"ImageObject\",\"inLanguage\":\"es\",\"@id\":\"https:\\\/\\\/secure.gravatar.com\\\/avatar\\\/feb2a4b4ce1c54eafcc6886aa4ecbed6f4c5da2acff48eebe049931f3265aad8?s=96&d=mm&r=g\",\"url\":\"https:\\\/\\\/secure.gravatar.com\\\/avatar\\\/feb2a4b4ce1c54eafcc6886aa4ecbed6f4c5da2acff48eebe049931f3265aad8?s=96&d=mm&r=g\",\"contentUrl\":\"https:\\\/\\\/secure.gravatar.com\\\/avatar\\\/feb2a4b4ce1c54eafcc6886aa4ecbed6f4c5da2acff48eebe049931f3265aad8?s=96&d=mm&r=g\",\"caption\":\"Vicus Albus\"},\"url\":\"https:\\\/\\\/vicusalbus.org\\\/?author=2\"}]}<\/script>\n<!-- \/ Yoast SEO plugin. -->","yoast_head_json":{"title":"El Chata - Asociaci\u00f3n Vicus Albus","robots":{"index":"index","follow":"follow","max-snippet":"max-snippet:-1","max-image-preview":"max-image-preview:large","max-video-preview":"max-video-preview:-1"},"canonical":"https:\/\/vicusalbus.org\/?p=153","og_locale":"es_ES","og_type":"article","og_title":"El Chata - Asociaci\u00f3n Vicus Albus","og_description":"\u00a0 &#8220;Dec\u00edan de Eduardo el Chata los que le conocieron que pose\u00eda un gusto exquisito para decir los cantes, resultando primorosas sus interpretaciones&#8230;\u00a0 (&#8230;)\u00a0 \u00a0 Hombre dotado de una gran sencillez y poco com\u00fan, jam\u00e1s alardeaba de los triunfos alcanzados en los concursos a los que se present\u00f3 -que fueron bastantes-, tras los cuales se &hellip; Leer m\u00e1s \u00abEl Chata\u00bb","og_url":"https:\/\/vicusalbus.org\/?p=153","og_site_name":"Asociaci\u00f3n Vicus Albus","article_published_time":"2018-06-29T21:26:11+00:00","article_modified_time":"2025-12-28T16:48:08+00:00","author":"Vicus Albus","twitter_card":"summary_large_image","twitter_misc":{"Escrito por":"Vicus Albus","Tiempo de lectura":"3 minutos"},"schema":{"@context":"https:\/\/schema.org","@graph":[{"@type":"Article","@id":"https:\/\/vicusalbus.org\/?p=153#article","isPartOf":{"@id":"https:\/\/vicusalbus.org\/?p=153"},"author":{"name":"Vicus Albus","@id":"https:\/\/vicusalbus.org\/#\/schema\/person\/0f457e642a2752fe3866b4bd8949205b"},"headline":"El Chata","datePublished":"2018-06-29T21:26:11+00:00","dateModified":"2025-12-28T16:48:08+00:00","mainEntityOfPage":{"@id":"https:\/\/vicusalbus.org\/?p=153"},"wordCount":579,"commentCount":0,"publisher":{"@id":"https:\/\/vicusalbus.org\/#organization"},"keywords":["cantante","Chata","flamenco."],"articleSection":["Art\u00edculos"],"inLanguage":"es","potentialAction":[{"@type":"CommentAction","name":"Comment","target":["https:\/\/vicusalbus.org\/?p=153#respond"]}]},{"@type":"WebPage","@id":"https:\/\/vicusalbus.org\/?p=153","url":"https:\/\/vicusalbus.org\/?p=153","name":"El Chata - Asociaci\u00f3n Vicus Albus","isPartOf":{"@id":"https:\/\/vicusalbus.org\/#website"},"datePublished":"2018-06-29T21:26:11+00:00","dateModified":"2025-12-28T16:48:08+00:00","breadcrumb":{"@id":"https:\/\/vicusalbus.org\/?p=153#breadcrumb"},"inLanguage":"es","potentialAction":[{"@type":"ReadAction","target":["https:\/\/vicusalbus.org\/?p=153"]}]},{"@type":"BreadcrumbList","@id":"https:\/\/vicusalbus.org\/?p=153#breadcrumb","itemListElement":[{"@type":"ListItem","position":1,"name":"Portada","item":"https:\/\/vicusalbus.org\/"},{"@type":"ListItem","position":2,"name":"El Chata"}]},{"@type":"WebSite","@id":"https:\/\/vicusalbus.org\/#website","url":"https:\/\/vicusalbus.org\/","name":"Asociaci\u00f3n Vicus Albus","description":"","publisher":{"@id":"https:\/\/vicusalbus.org\/#organization"},"potentialAction":[{"@type":"SearchAction","target":{"@type":"EntryPoint","urlTemplate":"https:\/\/vicusalbus.org\/?s={search_term_string}"},"query-input":{"@type":"PropertyValueSpecification","valueRequired":true,"valueName":"search_term_string"}}],"inLanguage":"es"},{"@type":"Organization","@id":"https:\/\/vicusalbus.org\/#organization","name":"Asociaci\u00f3n Vicus Albus","url":"https:\/\/vicusalbus.org\/","logo":{"@type":"ImageObject","inLanguage":"es","@id":"https:\/\/vicusalbus.org\/#\/schema\/logo\/image\/","url":"https:\/\/vicusalbus.org\/wp-content\/uploads\/2024\/06\/cropped-logo_oficial_vicus.jpg","contentUrl":"https:\/\/vicusalbus.org\/wp-content\/uploads\/2024\/06\/cropped-logo_oficial_vicus.jpg","width":496,"height":100,"caption":"Asociaci\u00f3n Vicus Albus"},"image":{"@id":"https:\/\/vicusalbus.org\/#\/schema\/logo\/image\/"}},{"@type":"Person","@id":"https:\/\/vicusalbus.org\/#\/schema\/person\/0f457e642a2752fe3866b4bd8949205b","name":"Vicus Albus","image":{"@type":"ImageObject","inLanguage":"es","@id":"https:\/\/secure.gravatar.com\/avatar\/feb2a4b4ce1c54eafcc6886aa4ecbed6f4c5da2acff48eebe049931f3265aad8?s=96&d=mm&r=g","url":"https:\/\/secure.gravatar.com\/avatar\/feb2a4b4ce1c54eafcc6886aa4ecbed6f4c5da2acff48eebe049931f3265aad8?s=96&d=mm&r=g","contentUrl":"https:\/\/secure.gravatar.com\/avatar\/feb2a4b4ce1c54eafcc6886aa4ecbed6f4c5da2acff48eebe049931f3265aad8?s=96&d=mm&r=g","caption":"Vicus Albus"},"url":"https:\/\/vicusalbus.org\/?author=2"}]}},"_links":{"self":[{"href":"https:\/\/vicusalbus.org\/index.php?rest_route=\/wp\/v2\/posts\/153","targetHints":{"allow":["GET"]}}],"collection":[{"href":"https:\/\/vicusalbus.org\/index.php?rest_route=\/wp\/v2\/posts"}],"about":[{"href":"https:\/\/vicusalbus.org\/index.php?rest_route=\/wp\/v2\/types\/post"}],"author":[{"embeddable":true,"href":"https:\/\/vicusalbus.org\/index.php?rest_route=\/wp\/v2\/users\/2"}],"replies":[{"embeddable":true,"href":"https:\/\/vicusalbus.org\/index.php?rest_route=%2Fwp%2Fv2%2Fcomments&post=153"}],"version-history":[{"count":1,"href":"https:\/\/vicusalbus.org\/index.php?rest_route=\/wp\/v2\/posts\/153\/revisions"}],"predecessor-version":[{"id":973,"href":"https:\/\/vicusalbus.org\/index.php?rest_route=\/wp\/v2\/posts\/153\/revisions\/973"}],"wp:attachment":[{"href":"https:\/\/vicusalbus.org\/index.php?rest_route=%2Fwp%2Fv2%2Fmedia&parent=153"}],"wp:term":[{"taxonomy":"category","embeddable":true,"href":"https:\/\/vicusalbus.org\/index.php?rest_route=%2Fwp%2Fv2%2Fcategories&post=153"},{"taxonomy":"post_tag","embeddable":true,"href":"https:\/\/vicusalbus.org\/index.php?rest_route=%2Fwp%2Fv2%2Ftags&post=153"}],"curies":[{"name":"wp","href":"https:\/\/api.w.org\/{rel}","templated":true}]}}