{"id":18,"date":"2013-06-14T09:50:54","date_gmt":"2013-06-14T09:50:54","guid":{"rendered":"https:\/\/vicusalbus.org\/wordpress\/?p=18"},"modified":"2013-06-14T09:50:54","modified_gmt":"2013-06-14T09:50:54","slug":"inauguracion-del-nuevo-organo-de-santa-maria-la-antigua","status":"publish","type":"post","link":"https:\/\/vicusalbus.org\/?p=18","title":{"rendered":"Inauguraci\u00f3n del nuevo \u00d3rgano de Santa Mar\u00eda la Antigua"},"content":{"rendered":"<table style=\"text-align: center; width: 100%; height: 530px;\" border=\"0\" width=\"564\">\n<tbody>\n<tr>\n<td style=\"text-align: center;\"><a href=\"images\/stories\/organo_serigrafiado.jpg\" target=\"_blank\" rel=\"noopener noreferrer\"><img decoding=\"async\" title=\"Nuevo \u00c3\u201crgano de Vic\u00e1lvaro\" src=\"images\/stories\/organo_2013.jpg\" alt=\"Nuevo \u00c3\u201crgano de Vic\u00e1lvaro\" border=\"0\" \/><\/a><br \/>[Pulsar para Ampliar]<\/td>\n<\/tr>\n<tr>\n<td style=\"text-align: justify;\">\n<p>\u00a0<\/p>\n<p class=\"MsoTitle\" style=\"text-align: center; margin: 12pt 0cm 3pt;\"><span lang=\"ES\" style=\"font-size: 14pt;\"><strong><span style=\"font-family: Cambria;\">EL 29 DE JUNIO DE 2013 A LAS 20:30 HORAS<\/span><\/strong><\/span><\/p>\n<p class=\"MsoTitle\" style=\"text-align: center; margin: 12pt 0cm 3pt;\"><span lang=\"ES\" style=\"font-size: 14pt;\"><strong><span style=\"font-family: Cambria;\">SANTA MAR\u00cdA LA ANTIGUA<\/span><\/strong><\/span><\/p>\n<p class=\"MsoTitle\" style=\"text-align: center; margin: 12pt 0cm 3pt;\"><span lang=\"ES\" style=\"font-size: 14pt;\"><strong><span style=\"font-family: Cambria;\">INCORPORA A SU PATRIMONIO UN \u00d3RGANO DE TUBOS<\/span><\/strong><\/span><\/p>\n<p class=\"MsoTitle\" style=\"text-align: center; margin: 12pt 0cm 3pt;\"><span lang=\"ES\" style=\"font-size: 14pt;\"><strong><span style=\"font-family: Cambria;\">QUE POSEY\u00d3\u201c DESDE 1770 HASTA 1939<\/span><\/strong><\/span><\/p>\n<\/td>\n<\/tr>\n<\/tbody>\n<\/table>\n<p style=\"text-align: justify;\">\u00a0\u00a0\u00a0\u00a0 Tenemos el gusto de invitar a los vecinos de Vic\u00e1lvaro, amigos, colaboradores y a todo el que desee pasar un rato entra\u00f1able y vivir juntos un momento hist\u00f3rico como es la inauguraci\u00f3n del \u00f3rgano de tubos que se ha instalado en la parroquia de Santa Mar\u00c3\u00ada la Antigua, gracias al impulso de la Comisi\u00f3n creada para este fin que ha canalizado todas las gestiones para reponer este elemento mueble que desapareci\u00f3 durante la contienda civil de 1936.<\/p>\n<p style=\"text-align: justify;\">\u00a0\u00a0\u00a0\u00a0 Este evento tendr\u00e1 lugar el 29 de junio a las 20:30,\u00a0 donde podremos po\u00adr por primera vez, en una celebraci\u00f3n solemne, las notas que emanen de este \u00f3rgano mec\u00e1nico de estilo neocl\u00e1sico con tres teclados de 56 notas y pedal de 30. La cantidad total de tubos es de 1386.<\/p>\n<p style=\"text-align: justify;\">\u00a0\u00a0\u00a0\u00a0 La iglesia parroquial de Santa Mar\u00ed\u00ada la Antigua, como otras muchas iglesias de cierta entidad, cont\u00f3 en tiempos pasados con un esplendido \u00f3rgano que desapareci\u00f3 durante la Guerra Civil. Tras la celebraci\u00f3n del IV Centenario de la Parroquia en el a\u00f1o de 1993, se comenz\u00f3 un proceso de dotar a la iglesia de los elementos muebles desaparecidos con la misi\u00f3n de embellecerla y de restaurar el esplendor que desde el siglo XVI ven\u00ed\u00ada teniendo; tras la instalaci\u00f3n del retablo, surge la idea de reponer el \u00f3rgano de tubos.\u00a0 Esta idea nace en el a\u00f1o 2008 a propuesta de D. Jorge Barsi, el cual el 8 de febrero de 2009 se dirige a la Asociaci\u00f3n Vicus Albus solicitando su colaboraci\u00f3n y propone que entre las dos entidades, la parroquia y la Asociaci\u00f3n, formen una comisi\u00f3n abierta a los vecinos que quieran apuntarse. En total son 6 vecinos que junto a las dos entidades mencionadas ponen en funcionamiento la comisi\u00f3n pro-\u00f3rgano de tubos.<\/p>\n<p style=\"text-align: justify;\">\u00a0\u00a0\u00a0 Comienzan las reuniones, y se decide adquirir un \u00f3rgano de tubos en el mercado de segunda mano de Alemania, que resulta m\u00e1s econ\u00f3mico que hacerlo nuevo. El 5 de marzo del 2010 se firma un contrato con la empresa Azpiazu con sede en Guip\u00fazcoa experta en estos temas con el fin de que les ayude en la adquisici\u00f3n de un \u00f3rgano en las subastas de las iglesias de Alemania. En el a\u00f1o 2012 se adquiere este \u00f3rgano que hoy luce en nuestra parroquia de estilo neocl\u00e1sico.<\/p>\n<p><img loading=\"lazy\" decoding=\"async\" style=\"display: block; margin-left: auto; margin-right: auto;\" title=\"Antiguo \u00d3rgano de Vic\u00e1lvaro\" src=\"images\/stories\/or_antiguo_web.jpg\" alt=\"Antiguo \u00d3rgano de Vic\u00e1lvaro\" width=\"400\" height=\"557\" border=\"0\" \/><\/p>\n<p style=\"text-align: justify;\">\u00a0\u00a0\u00a0\u00a0 La dotaci\u00f3n econ\u00f3mica que todav\u00ed\u00ada no ha concluido; se lleva a cabo gracias a los donativos de los vecinos, colectas en la parroquia, venta de loter\u00eda aunque la crisis en la que nos vemos envueltos merma mucho esta financiaci\u00f3n, queremos hacer un llamamiento para realizar un \u00faltimo esfuerzo y poder recuperar nuestro patrimonio, y dejando un bonito legado a nuestros herederos.<\/p>\n<p><a title=\"Donativos\" href=\"images\/organo.pdf\" target=\"_blank\" rel=\"noopener noreferrer\"><img decoding=\"async\" style=\"display: block; margin-left: auto; margin-right: auto;\" title=\"Donativos para \u00c3\u201crgano de Vic\u00e1lvaro\" src=\"images\/stories\/organo_nuevo.jpg\" alt=\"Donativos para \u00d3rgano de Vic\u00e1lvaro\" border=\"0\" \/><\/a><\/p>\n<p style=\"text-align: center;\"><a title=\"Donativos\" href=\"images\/organo.pdf\" target=\"_blank\" rel=\"noopener noreferrer\">[Pinche aqu\u00ed para saber c\u00f3mo colaborar]<\/a><\/p>\n<p style=\"text-align: justify;\">\u00a0\u00a0\u00a0\u00a0 Por \u00faltimo agradecer a todas las personas que han colaborado tanto econ\u00f3micamente, como con su tiempo, su trabajo o su apoyo para poder disfrutar de la solemnidad que este instrumento aportar\u00e1 no solo a nuestra parroquia sino a todo el barrio de Vic\u00e1lvaro.<\/p>\n","protected":false},"excerpt":{"rendered":"<p>[Pulsar para Ampliar] \u00a0 EL 29 DE JUNIO DE 2013 A LAS 20:30 HORAS SANTA MAR\u00cdA LA ANTIGUA INCORPORA A SU PATRIMONIO UN \u00d3RGANO DE TUBOS QUE POSEY\u00d3\u201c DESDE 1770 HASTA 1939 \u00a0\u00a0\u00a0\u00a0 Tenemos el gusto de invitar a los vecinos de Vic\u00e1lvaro, amigos, colaboradores y a todo el que desee pasar un rato entra\u00f1able &hellip; <\/p>\n<p class=\"link-more\"><a href=\"https:\/\/vicusalbus.org\/?p=18\" class=\"more-link\">Leer m\u00e1s<span class=\"screen-reader-text\"> \u00abInauguraci\u00f3n del nuevo \u00d3rgano de Santa Mar\u00eda la Antigua\u00bb<\/span><\/a><\/p>\n","protected":false},"author":1,"featured_media":0,"comment_status":"open","ping_status":"open","sticky":false,"template":"","format":"standard","meta":{"two_page_speed":[],"footnotes":""},"categories":[7],"tags":[40,34,47,45,41,42,38,49,48,43,35,46,36,39,33,37,44],"class_list":["post-18","post","type-post","status-publish","format-standard","hentry","category-noticias-de-2013","tag-ahumaos","tag-ambroz","tag-capitan-guiloche","tag-cementerio-mas-antiguo-de-madrid","tag-condesa-vega-del-pozo","tag-diaz-pimienta","tag-duque-del-sevillano","tag-escarbassierre","tag-historia-de-vicalvaro","tag-juan-sevillano","tag-la-torre","tag-madrid-davila","tag-santa-maria-la-antigua","tag-vicalvarada","tag-vicalvaro","tag-virgen-de-la-antigua","tag-virgen-de-la-torre"],"yoast_head":"<!-- This site is optimized with the Yoast SEO plugin v27.5 - https:\/\/yoast.com\/product\/yoast-seo-wordpress\/ -->\n<title>Inauguraci\u00f3n del nuevo \u00d3rgano de Santa Mar\u00eda la Antigua - Asociaci\u00f3n Vicus Albus<\/title>\n<meta name=\"robots\" content=\"index, follow, max-snippet:-1, max-image-preview:large, max-video-preview:-1\" \/>\n<link rel=\"canonical\" href=\"https:\/\/vicusalbus.org\/?p=18\" \/>\n<meta property=\"og:locale\" content=\"es_ES\" \/>\n<meta property=\"og:type\" content=\"article\" \/>\n<meta property=\"og:title\" content=\"Inauguraci\u00f3n del nuevo \u00d3rgano de Santa Mar\u00eda la Antigua - Asociaci\u00f3n Vicus Albus\" \/>\n<meta property=\"og:description\" content=\"[Pulsar para Ampliar] \u00a0 EL 29 DE JUNIO DE 2013 A LAS 20:30 HORAS SANTA MAR\u00cdA LA ANTIGUA INCORPORA A SU PATRIMONIO UN \u00d3RGANO DE TUBOS QUE POSEY\u00d3\u201c DESDE 1770 HASTA 1939 \u00a0\u00a0\u00a0\u00a0 Tenemos el gusto de invitar a los vecinos de Vic\u00e1lvaro, amigos, colaboradores y a todo el que desee pasar un rato entra\u00f1able &hellip; Leer m\u00e1s \u00abInauguraci\u00f3n del nuevo \u00d3rgano de Santa Mar\u00eda la Antigua\u00bb\" \/>\n<meta property=\"og:url\" content=\"https:\/\/vicusalbus.org\/?p=18\" \/>\n<meta property=\"og:site_name\" content=\"Asociaci\u00f3n Vicus Albus\" \/>\n<meta property=\"article:published_time\" content=\"2013-06-14T09:50:54+00:00\" \/>\n<meta name=\"author\" content=\"admin\" \/>\n<meta name=\"twitter:card\" content=\"summary_large_image\" \/>\n<meta name=\"twitter:label1\" content=\"Escrito por\" \/>\n\t<meta name=\"twitter:data1\" content=\"admin\" \/>\n\t<meta name=\"twitter:label2\" content=\"Tiempo de lectura\" \/>\n\t<meta name=\"twitter:data2\" content=\"3 minutos\" \/>\n<script type=\"application\/ld+json\" class=\"yoast-schema-graph\">{\"@context\":\"https:\\\/\\\/schema.org\",\"@graph\":[{\"@type\":\"Article\",\"@id\":\"https:\\\/\\\/vicusalbus.org\\\/?p=18#article\",\"isPartOf\":{\"@id\":\"https:\\\/\\\/vicusalbus.org\\\/?p=18\"},\"author\":{\"name\":\"admin\",\"@id\":\"https:\\\/\\\/vicusalbus.org\\\/#\\\/schema\\\/person\\\/fb1ad2db921f1224bf9b110df3ea0380\"},\"headline\":\"Inauguraci\u00f3n del nuevo \u00d3rgano de Santa Mar\u00eda la Antigua\",\"datePublished\":\"2013-06-14T09:50:54+00:00\",\"mainEntityOfPage\":{\"@id\":\"https:\\\/\\\/vicusalbus.org\\\/?p=18\"},\"wordCount\":545,\"commentCount\":0,\"publisher\":{\"@id\":\"https:\\\/\\\/vicusalbus.org\\\/#organization\"},\"keywords\":[\"Ahumaos\",\"Ambroz\",\"Capit\u00e1n Guiloche\",\"cementerio m\u00e1s antiguo de Madrid\",\"Condesa Vega del Pozo\",\"Diaz Pimienta\",\"Duque del Sevillano\",\"Escarbassierre\",\"Historia de Vic\u00e1lvaro\",\"Juan Sevillano\",\"La Torre\",\"Madrid-D\u00e1vila\",\"Santa Mar\u00eda la Antigua\",\"Vicalvarada\",\"Vic\u00e1lvaro\",\"Virgen de la Antigua\",\"Virgen de la Torre\"],\"articleSection\":[\"Noticias de 2013\"],\"inLanguage\":\"es\",\"potentialAction\":[{\"@type\":\"CommentAction\",\"name\":\"Comment\",\"target\":[\"https:\\\/\\\/vicusalbus.org\\\/?p=18#respond\"]}]},{\"@type\":\"WebPage\",\"@id\":\"https:\\\/\\\/vicusalbus.org\\\/?p=18\",\"url\":\"https:\\\/\\\/vicusalbus.org\\\/?p=18\",\"name\":\"Inauguraci\u00f3n del nuevo \u00d3rgano de Santa Mar\u00eda la Antigua - Asociaci\u00f3n Vicus Albus\",\"isPartOf\":{\"@id\":\"https:\\\/\\\/vicusalbus.org\\\/#website\"},\"datePublished\":\"2013-06-14T09:50:54+00:00\",\"breadcrumb\":{\"@id\":\"https:\\\/\\\/vicusalbus.org\\\/?p=18#breadcrumb\"},\"inLanguage\":\"es\",\"potentialAction\":[{\"@type\":\"ReadAction\",\"target\":[\"https:\\\/\\\/vicusalbus.org\\\/?p=18\"]}]},{\"@type\":\"BreadcrumbList\",\"@id\":\"https:\\\/\\\/vicusalbus.org\\\/?p=18#breadcrumb\",\"itemListElement\":[{\"@type\":\"ListItem\",\"position\":1,\"name\":\"Portada\",\"item\":\"https:\\\/\\\/vicusalbus.org\\\/\"},{\"@type\":\"ListItem\",\"position\":2,\"name\":\"Inauguraci\u00f3n del nuevo \u00d3rgano de Santa Mar\u00eda la Antigua\"}]},{\"@type\":\"WebSite\",\"@id\":\"https:\\\/\\\/vicusalbus.org\\\/#website\",\"url\":\"https:\\\/\\\/vicusalbus.org\\\/\",\"name\":\"Asociaci\u00f3n Vicus Albus\",\"description\":\"\",\"publisher\":{\"@id\":\"https:\\\/\\\/vicusalbus.org\\\/#organization\"},\"potentialAction\":[{\"@type\":\"SearchAction\",\"target\":{\"@type\":\"EntryPoint\",\"urlTemplate\":\"https:\\\/\\\/vicusalbus.org\\\/?s={search_term_string}\"},\"query-input\":{\"@type\":\"PropertyValueSpecification\",\"valueRequired\":true,\"valueName\":\"search_term_string\"}}],\"inLanguage\":\"es\"},{\"@type\":\"Organization\",\"@id\":\"https:\\\/\\\/vicusalbus.org\\\/#organization\",\"name\":\"Asociaci\u00f3n Vicus Albus\",\"url\":\"https:\\\/\\\/vicusalbus.org\\\/\",\"logo\":{\"@type\":\"ImageObject\",\"inLanguage\":\"es\",\"@id\":\"https:\\\/\\\/vicusalbus.org\\\/#\\\/schema\\\/logo\\\/image\\\/\",\"url\":\"https:\\\/\\\/vicusalbus.org\\\/wp-content\\\/uploads\\\/2024\\\/06\\\/cropped-logo_oficial_vicus.jpg\",\"contentUrl\":\"https:\\\/\\\/vicusalbus.org\\\/wp-content\\\/uploads\\\/2024\\\/06\\\/cropped-logo_oficial_vicus.jpg\",\"width\":496,\"height\":100,\"caption\":\"Asociaci\u00f3n Vicus Albus\"},\"image\":{\"@id\":\"https:\\\/\\\/vicusalbus.org\\\/#\\\/schema\\\/logo\\\/image\\\/\"}},{\"@type\":\"Person\",\"@id\":\"https:\\\/\\\/vicusalbus.org\\\/#\\\/schema\\\/person\\\/fb1ad2db921f1224bf9b110df3ea0380\",\"name\":\"admin\",\"image\":{\"@type\":\"ImageObject\",\"inLanguage\":\"es\",\"@id\":\"https:\\\/\\\/secure.gravatar.com\\\/avatar\\\/6dad5268b41262db617445641361944c505a46b24ee0cec33d7678d3a4ef18ee?s=96&d=mm&r=g\",\"url\":\"https:\\\/\\\/secure.gravatar.com\\\/avatar\\\/6dad5268b41262db617445641361944c505a46b24ee0cec33d7678d3a4ef18ee?s=96&d=mm&r=g\",\"contentUrl\":\"https:\\\/\\\/secure.gravatar.com\\\/avatar\\\/6dad5268b41262db617445641361944c505a46b24ee0cec33d7678d3a4ef18ee?s=96&d=mm&r=g\",\"caption\":\"admin\"},\"sameAs\":[\"https:\\\/\\\/vicusalbus.org\\\/wordpress\\\/wordpress\"],\"url\":\"https:\\\/\\\/vicusalbus.org\\\/?author=1\"}]}<\/script>\n<!-- \/ Yoast SEO plugin. -->","yoast_head_json":{"title":"Inauguraci\u00f3n del nuevo \u00d3rgano de Santa Mar\u00eda la Antigua - Asociaci\u00f3n Vicus Albus","robots":{"index":"index","follow":"follow","max-snippet":"max-snippet:-1","max-image-preview":"max-image-preview:large","max-video-preview":"max-video-preview:-1"},"canonical":"https:\/\/vicusalbus.org\/?p=18","og_locale":"es_ES","og_type":"article","og_title":"Inauguraci\u00f3n del nuevo \u00d3rgano de Santa Mar\u00eda la Antigua - Asociaci\u00f3n Vicus Albus","og_description":"[Pulsar para Ampliar] \u00a0 EL 29 DE JUNIO DE 2013 A LAS 20:30 HORAS SANTA MAR\u00cdA LA ANTIGUA INCORPORA A SU PATRIMONIO UN \u00d3RGANO DE TUBOS QUE POSEY\u00d3\u201c DESDE 1770 HASTA 1939 \u00a0\u00a0\u00a0\u00a0 Tenemos el gusto de invitar a los vecinos de Vic\u00e1lvaro, amigos, colaboradores y a todo el que desee pasar un rato entra\u00f1able &hellip; Leer m\u00e1s \u00abInauguraci\u00f3n del nuevo \u00d3rgano de Santa Mar\u00eda la Antigua\u00bb","og_url":"https:\/\/vicusalbus.org\/?p=18","og_site_name":"Asociaci\u00f3n Vicus Albus","article_published_time":"2013-06-14T09:50:54+00:00","author":"admin","twitter_card":"summary_large_image","twitter_misc":{"Escrito por":"admin","Tiempo de lectura":"3 minutos"},"schema":{"@context":"https:\/\/schema.org","@graph":[{"@type":"Article","@id":"https:\/\/vicusalbus.org\/?p=18#article","isPartOf":{"@id":"https:\/\/vicusalbus.org\/?p=18"},"author":{"name":"admin","@id":"https:\/\/vicusalbus.org\/#\/schema\/person\/fb1ad2db921f1224bf9b110df3ea0380"},"headline":"Inauguraci\u00f3n del nuevo \u00d3rgano de Santa Mar\u00eda la Antigua","datePublished":"2013-06-14T09:50:54+00:00","mainEntityOfPage":{"@id":"https:\/\/vicusalbus.org\/?p=18"},"wordCount":545,"commentCount":0,"publisher":{"@id":"https:\/\/vicusalbus.org\/#organization"},"keywords":["Ahumaos","Ambroz","Capit\u00e1n Guiloche","cementerio m\u00e1s antiguo de Madrid","Condesa Vega del Pozo","Diaz Pimienta","Duque del Sevillano","Escarbassierre","Historia de Vic\u00e1lvaro","Juan Sevillano","La Torre","Madrid-D\u00e1vila","Santa Mar\u00eda la Antigua","Vicalvarada","Vic\u00e1lvaro","Virgen de la Antigua","Virgen de la Torre"],"articleSection":["Noticias de 2013"],"inLanguage":"es","potentialAction":[{"@type":"CommentAction","name":"Comment","target":["https:\/\/vicusalbus.org\/?p=18#respond"]}]},{"@type":"WebPage","@id":"https:\/\/vicusalbus.org\/?p=18","url":"https:\/\/vicusalbus.org\/?p=18","name":"Inauguraci\u00f3n del nuevo \u00d3rgano de Santa Mar\u00eda la Antigua - Asociaci\u00f3n Vicus Albus","isPartOf":{"@id":"https:\/\/vicusalbus.org\/#website"},"datePublished":"2013-06-14T09:50:54+00:00","breadcrumb":{"@id":"https:\/\/vicusalbus.org\/?p=18#breadcrumb"},"inLanguage":"es","potentialAction":[{"@type":"ReadAction","target":["https:\/\/vicusalbus.org\/?p=18"]}]},{"@type":"BreadcrumbList","@id":"https:\/\/vicusalbus.org\/?p=18#breadcrumb","itemListElement":[{"@type":"ListItem","position":1,"name":"Portada","item":"https:\/\/vicusalbus.org\/"},{"@type":"ListItem","position":2,"name":"Inauguraci\u00f3n del nuevo \u00d3rgano de Santa Mar\u00eda la Antigua"}]},{"@type":"WebSite","@id":"https:\/\/vicusalbus.org\/#website","url":"https:\/\/vicusalbus.org\/","name":"Asociaci\u00f3n Vicus Albus","description":"","publisher":{"@id":"https:\/\/vicusalbus.org\/#organization"},"potentialAction":[{"@type":"SearchAction","target":{"@type":"EntryPoint","urlTemplate":"https:\/\/vicusalbus.org\/?s={search_term_string}"},"query-input":{"@type":"PropertyValueSpecification","valueRequired":true,"valueName":"search_term_string"}}],"inLanguage":"es"},{"@type":"Organization","@id":"https:\/\/vicusalbus.org\/#organization","name":"Asociaci\u00f3n Vicus Albus","url":"https:\/\/vicusalbus.org\/","logo":{"@type":"ImageObject","inLanguage":"es","@id":"https:\/\/vicusalbus.org\/#\/schema\/logo\/image\/","url":"https:\/\/vicusalbus.org\/wp-content\/uploads\/2024\/06\/cropped-logo_oficial_vicus.jpg","contentUrl":"https:\/\/vicusalbus.org\/wp-content\/uploads\/2024\/06\/cropped-logo_oficial_vicus.jpg","width":496,"height":100,"caption":"Asociaci\u00f3n Vicus Albus"},"image":{"@id":"https:\/\/vicusalbus.org\/#\/schema\/logo\/image\/"}},{"@type":"Person","@id":"https:\/\/vicusalbus.org\/#\/schema\/person\/fb1ad2db921f1224bf9b110df3ea0380","name":"admin","image":{"@type":"ImageObject","inLanguage":"es","@id":"https:\/\/secure.gravatar.com\/avatar\/6dad5268b41262db617445641361944c505a46b24ee0cec33d7678d3a4ef18ee?s=96&d=mm&r=g","url":"https:\/\/secure.gravatar.com\/avatar\/6dad5268b41262db617445641361944c505a46b24ee0cec33d7678d3a4ef18ee?s=96&d=mm&r=g","contentUrl":"https:\/\/secure.gravatar.com\/avatar\/6dad5268b41262db617445641361944c505a46b24ee0cec33d7678d3a4ef18ee?s=96&d=mm&r=g","caption":"admin"},"sameAs":["https:\/\/vicusalbus.org\/wordpress\/wordpress"],"url":"https:\/\/vicusalbus.org\/?author=1"}]}},"_links":{"self":[{"href":"https:\/\/vicusalbus.org\/index.php?rest_route=\/wp\/v2\/posts\/18","targetHints":{"allow":["GET"]}}],"collection":[{"href":"https:\/\/vicusalbus.org\/index.php?rest_route=\/wp\/v2\/posts"}],"about":[{"href":"https:\/\/vicusalbus.org\/index.php?rest_route=\/wp\/v2\/types\/post"}],"author":[{"embeddable":true,"href":"https:\/\/vicusalbus.org\/index.php?rest_route=\/wp\/v2\/users\/1"}],"replies":[{"embeddable":true,"href":"https:\/\/vicusalbus.org\/index.php?rest_route=%2Fwp%2Fv2%2Fcomments&post=18"}],"version-history":[{"count":0,"href":"https:\/\/vicusalbus.org\/index.php?rest_route=\/wp\/v2\/posts\/18\/revisions"}],"wp:attachment":[{"href":"https:\/\/vicusalbus.org\/index.php?rest_route=%2Fwp%2Fv2%2Fmedia&parent=18"}],"wp:term":[{"taxonomy":"category","embeddable":true,"href":"https:\/\/vicusalbus.org\/index.php?rest_route=%2Fwp%2Fv2%2Fcategories&post=18"},{"taxonomy":"post_tag","embeddable":true,"href":"https:\/\/vicusalbus.org\/index.php?rest_route=%2Fwp%2Fv2%2Ftags&post=18"}],"curies":[{"name":"wp","href":"https:\/\/api.w.org\/{rel}","templated":true}]}}