{"id":183,"date":"2021-08-04T21:48:02","date_gmt":"2021-08-04T21:48:02","guid":{"rendered":"https:\/\/vicusalbus.org\/wordpress\/?p=183"},"modified":"2024-10-04T20:35:26","modified_gmt":"2024-10-04T20:35:26","slug":"publicacion-sobre-la-historia-de-la-fabrica-portland-valderrivas","status":"publish","type":"post","link":"https:\/\/vicusalbus.org\/?p=183","title":{"rendered":"Publicaci\u00f3n sobre la historia de la f\u00e1brica Portland Valderrivas"},"content":{"rendered":"<p style=\"text-align: center;\"><a href=\"images\/Cementera-Anales-2020.pdf\" target=\"_blank\" rel=\"noopener noreferrer\"><img decoding=\"async\" src=\"images\/anales2020_Valderrivas.png\" alt=\"\" \/><\/a><\/p>\n<p style=\"text-align: center;\"><a href=\"images\/Cementera-Anales-2020.pdf\" target=\"_blank\" rel=\"noopener noreferrer\">[DESCARGAR]<\/a><\/p>\n<p style=\"text-align: justify;\">El 5 de noviembre de 1999 la f\u00e1brica fue demolida dando paso al actual barrio de Valderrivas, desapareciendo los inconvenientes que generaba con su traslado a una nueva ubicaci\u00f3n m\u00e1s adecuada. Con motivo del vig\u00e9simo aniversario de su demolici\u00f3n la Asociaci\u00f3n Vicus Albus celebr\u00f3 una exposici\u00f3n monogr\u00e1fica sobre la f\u00e1brica en 2019. Con la documentaci\u00f3n recopilada y ordenada para llevar a cabo dicha Exposici\u00f3n decidi\u00f3 elaborar un art\u00edculo para la revista <a href=\"http:\/\/ieecc.es\/anales-complutenses\/\" target=\"_blank\" rel=\"noopener noreferrer\"><em>&#8220;Anales Complutenses<\/em>&#8220;<\/a>, que edita la<em> <a href=\"https:\/\/ieecc.es\/\" target=\"_blank\" rel=\"noopener noreferrer\">Instituci\u00f3n de Estudios Complutenses<\/a><\/em>, que ha sido publicado a finales de 2020.<\/p>\n<p style=\"text-align: justify;\">En 2021 se cumplir\u00e1 el primer centenario desde que se constituy\u00f3 la sociedad que\u00a0levant\u00f3\u00a0en Vic\u00e1lvaro la f\u00e1brica de cementos que supuso el verdadero inicio de la Revoluci\u00f3n Industrial en nuestro pueblo,\u00a0a pesar de que este proceso\u00a0hab\u00eda llegado m\u00e1s tarde a Espa\u00f1a que al resto de los pa\u00edses de su entorno. Sin embargo el asentamiento de la industria fue un foco de atracci\u00f3n de poblaci\u00f3n a Vic\u00e1lvaro por el empleo que generaba. Esta industria es una parte fundamental de la Historia de Vic\u00e1lvaro en el siglo XX.<\/p>\n<p style=\"text-align: justify;\">Con el paso de los a\u00f1os el desarrollo urbano de Vic\u00e1lvaro hizo parecer conflictos entre las zonas residenciales y la f\u00e1brica. La que la edificaci\u00f3n sin los pertinentes controles y planificaci\u00f3n urban\u00edstica propiciaron un acercamiento en exceso de las nuevas viviendas, con el consiguiente peligro para la salud de sus vecinos, por lo que se decidi\u00f3 su traslado fuera de Vic\u00e1lvaro.<\/p>\n<p style=\"text-align: justify;\">\u00a0<\/p>\n<p style=\"text-align: justify;\">\u00a0<\/p>\n<p style=\"text-align: justify;\">\u00a0<\/p>\n","protected":false},"excerpt":{"rendered":"<p>[DESCARGAR] El 5 de noviembre de 1999 la f\u00e1brica fue demolida dando paso al actual barrio de Valderrivas, desapareciendo los inconvenientes que generaba con su traslado a una nueva ubicaci\u00f3n m\u00e1s adecuada. Con motivo del vig\u00e9simo aniversario de su demolici\u00f3n la Asociaci\u00f3n Vicus Albus celebr\u00f3 una exposici\u00f3n monogr\u00e1fica sobre la f\u00e1brica en 2019. Con la &hellip; <\/p>\n<p class=\"link-more\"><a href=\"https:\/\/vicusalbus.org\/?p=183\" class=\"more-link\">Leer m\u00e1s<span class=\"screen-reader-text\"> \u00abPublicaci\u00f3n sobre la historia de la f\u00e1brica Portland Valderrivas\u00bb<\/span><\/a><\/p>\n","protected":false},"author":2,"featured_media":0,"comment_status":"open","ping_status":"open","sticky":false,"template":"","format":"standard","meta":{"two_page_speed":[],"footnotes":""},"categories":[29],"tags":[],"class_list":["post-183","post","type-post","status-publish","format-standard","hentry","category-noticias-de-2021"],"yoast_head":"<!-- This site is optimized with the Yoast SEO plugin v27.5 - https:\/\/yoast.com\/product\/yoast-seo-wordpress\/ -->\n<title>Publicaci\u00f3n sobre la historia de la f\u00e1brica Portland Valderrivas - Asociaci\u00f3n Vicus Albus<\/title>\n<meta name=\"robots\" content=\"index, follow, max-snippet:-1, max-image-preview:large, max-video-preview:-1\" \/>\n<link rel=\"canonical\" href=\"https:\/\/vicusalbus.org\/?p=183\" \/>\n<meta property=\"og:locale\" content=\"es_ES\" \/>\n<meta property=\"og:type\" content=\"article\" \/>\n<meta property=\"og:title\" content=\"Publicaci\u00f3n sobre la historia de la f\u00e1brica Portland Valderrivas - Asociaci\u00f3n Vicus Albus\" \/>\n<meta property=\"og:description\" content=\"[DESCARGAR] El 5 de noviembre de 1999 la f\u00e1brica fue demolida dando paso al actual barrio de Valderrivas, desapareciendo los inconvenientes que generaba con su traslado a una nueva ubicaci\u00f3n m\u00e1s adecuada. Con motivo del vig\u00e9simo aniversario de su demolici\u00f3n la Asociaci\u00f3n Vicus Albus celebr\u00f3 una exposici\u00f3n monogr\u00e1fica sobre la f\u00e1brica en 2019. Con la &hellip; Leer m\u00e1s \u00abPublicaci\u00f3n sobre la historia de la f\u00e1brica Portland Valderrivas\u00bb\" \/>\n<meta property=\"og:url\" content=\"https:\/\/vicusalbus.org\/?p=183\" \/>\n<meta property=\"og:site_name\" content=\"Asociaci\u00f3n Vicus Albus\" \/>\n<meta property=\"article:published_time\" content=\"2021-08-04T21:48:02+00:00\" \/>\n<meta property=\"article:modified_time\" content=\"2024-10-04T20:35:26+00:00\" \/>\n<meta name=\"author\" content=\"Vicus Albus\" \/>\n<meta name=\"twitter:card\" content=\"summary_large_image\" \/>\n<meta name=\"twitter:label1\" content=\"Escrito por\" \/>\n\t<meta name=\"twitter:data1\" content=\"Vicus Albus\" \/>\n\t<meta name=\"twitter:label2\" content=\"Tiempo de lectura\" \/>\n\t<meta name=\"twitter:data2\" content=\"1 minuto\" \/>\n<script type=\"application\/ld+json\" class=\"yoast-schema-graph\">{\"@context\":\"https:\\\/\\\/schema.org\",\"@graph\":[{\"@type\":\"Article\",\"@id\":\"https:\\\/\\\/vicusalbus.org\\\/?p=183#article\",\"isPartOf\":{\"@id\":\"https:\\\/\\\/vicusalbus.org\\\/?p=183\"},\"author\":{\"name\":\"Vicus Albus\",\"@id\":\"https:\\\/\\\/vicusalbus.org\\\/#\\\/schema\\\/person\\\/0f457e642a2752fe3866b4bd8949205b\"},\"headline\":\"Publicaci\u00f3n sobre la historia de la f\u00e1brica Portland Valderrivas\",\"datePublished\":\"2021-08-04T21:48:02+00:00\",\"dateModified\":\"2024-10-04T20:35:26+00:00\",\"mainEntityOfPage\":{\"@id\":\"https:\\\/\\\/vicusalbus.org\\\/?p=183\"},\"wordCount\":277,\"commentCount\":0,\"publisher\":{\"@id\":\"https:\\\/\\\/vicusalbus.org\\\/#organization\"},\"articleSection\":[\"Noticias de 2021\"],\"inLanguage\":\"es\",\"potentialAction\":[{\"@type\":\"CommentAction\",\"name\":\"Comment\",\"target\":[\"https:\\\/\\\/vicusalbus.org\\\/?p=183#respond\"]}]},{\"@type\":\"WebPage\",\"@id\":\"https:\\\/\\\/vicusalbus.org\\\/?p=183\",\"url\":\"https:\\\/\\\/vicusalbus.org\\\/?p=183\",\"name\":\"Publicaci\u00f3n sobre la historia de la f\u00e1brica Portland Valderrivas - Asociaci\u00f3n Vicus Albus\",\"isPartOf\":{\"@id\":\"https:\\\/\\\/vicusalbus.org\\\/#website\"},\"datePublished\":\"2021-08-04T21:48:02+00:00\",\"dateModified\":\"2024-10-04T20:35:26+00:00\",\"breadcrumb\":{\"@id\":\"https:\\\/\\\/vicusalbus.org\\\/?p=183#breadcrumb\"},\"inLanguage\":\"es\",\"potentialAction\":[{\"@type\":\"ReadAction\",\"target\":[\"https:\\\/\\\/vicusalbus.org\\\/?p=183\"]}]},{\"@type\":\"BreadcrumbList\",\"@id\":\"https:\\\/\\\/vicusalbus.org\\\/?p=183#breadcrumb\",\"itemListElement\":[{\"@type\":\"ListItem\",\"position\":1,\"name\":\"Portada\",\"item\":\"https:\\\/\\\/vicusalbus.org\\\/\"},{\"@type\":\"ListItem\",\"position\":2,\"name\":\"Publicaci\u00f3n sobre la historia de la f\u00e1brica Portland Valderrivas\"}]},{\"@type\":\"WebSite\",\"@id\":\"https:\\\/\\\/vicusalbus.org\\\/#website\",\"url\":\"https:\\\/\\\/vicusalbus.org\\\/\",\"name\":\"Asociaci\u00f3n Vicus Albus\",\"description\":\"\",\"publisher\":{\"@id\":\"https:\\\/\\\/vicusalbus.org\\\/#organization\"},\"potentialAction\":[{\"@type\":\"SearchAction\",\"target\":{\"@type\":\"EntryPoint\",\"urlTemplate\":\"https:\\\/\\\/vicusalbus.org\\\/?s={search_term_string}\"},\"query-input\":{\"@type\":\"PropertyValueSpecification\",\"valueRequired\":true,\"valueName\":\"search_term_string\"}}],\"inLanguage\":\"es\"},{\"@type\":\"Organization\",\"@id\":\"https:\\\/\\\/vicusalbus.org\\\/#organization\",\"name\":\"Asociaci\u00f3n Vicus Albus\",\"url\":\"https:\\\/\\\/vicusalbus.org\\\/\",\"logo\":{\"@type\":\"ImageObject\",\"inLanguage\":\"es\",\"@id\":\"https:\\\/\\\/vicusalbus.org\\\/#\\\/schema\\\/logo\\\/image\\\/\",\"url\":\"https:\\\/\\\/vicusalbus.org\\\/wp-content\\\/uploads\\\/2024\\\/06\\\/cropped-logo_oficial_vicus.jpg\",\"contentUrl\":\"https:\\\/\\\/vicusalbus.org\\\/wp-content\\\/uploads\\\/2024\\\/06\\\/cropped-logo_oficial_vicus.jpg\",\"width\":496,\"height\":100,\"caption\":\"Asociaci\u00f3n Vicus Albus\"},\"image\":{\"@id\":\"https:\\\/\\\/vicusalbus.org\\\/#\\\/schema\\\/logo\\\/image\\\/\"}},{\"@type\":\"Person\",\"@id\":\"https:\\\/\\\/vicusalbus.org\\\/#\\\/schema\\\/person\\\/0f457e642a2752fe3866b4bd8949205b\",\"name\":\"Vicus Albus\",\"image\":{\"@type\":\"ImageObject\",\"inLanguage\":\"es\",\"@id\":\"https:\\\/\\\/secure.gravatar.com\\\/avatar\\\/feb2a4b4ce1c54eafcc6886aa4ecbed6f4c5da2acff48eebe049931f3265aad8?s=96&d=mm&r=g\",\"url\":\"https:\\\/\\\/secure.gravatar.com\\\/avatar\\\/feb2a4b4ce1c54eafcc6886aa4ecbed6f4c5da2acff48eebe049931f3265aad8?s=96&d=mm&r=g\",\"contentUrl\":\"https:\\\/\\\/secure.gravatar.com\\\/avatar\\\/feb2a4b4ce1c54eafcc6886aa4ecbed6f4c5da2acff48eebe049931f3265aad8?s=96&d=mm&r=g\",\"caption\":\"Vicus Albus\"},\"url\":\"https:\\\/\\\/vicusalbus.org\\\/?author=2\"}]}<\/script>\n<!-- \/ Yoast SEO plugin. -->","yoast_head_json":{"title":"Publicaci\u00f3n sobre la historia de la f\u00e1brica Portland Valderrivas - Asociaci\u00f3n Vicus Albus","robots":{"index":"index","follow":"follow","max-snippet":"max-snippet:-1","max-image-preview":"max-image-preview:large","max-video-preview":"max-video-preview:-1"},"canonical":"https:\/\/vicusalbus.org\/?p=183","og_locale":"es_ES","og_type":"article","og_title":"Publicaci\u00f3n sobre la historia de la f\u00e1brica Portland Valderrivas - Asociaci\u00f3n Vicus Albus","og_description":"[DESCARGAR] El 5 de noviembre de 1999 la f\u00e1brica fue demolida dando paso al actual barrio de Valderrivas, desapareciendo los inconvenientes que generaba con su traslado a una nueva ubicaci\u00f3n m\u00e1s adecuada. Con motivo del vig\u00e9simo aniversario de su demolici\u00f3n la Asociaci\u00f3n Vicus Albus celebr\u00f3 una exposici\u00f3n monogr\u00e1fica sobre la f\u00e1brica en 2019. Con la &hellip; Leer m\u00e1s \u00abPublicaci\u00f3n sobre la historia de la f\u00e1brica Portland Valderrivas\u00bb","og_url":"https:\/\/vicusalbus.org\/?p=183","og_site_name":"Asociaci\u00f3n Vicus Albus","article_published_time":"2021-08-04T21:48:02+00:00","article_modified_time":"2024-10-04T20:35:26+00:00","author":"Vicus Albus","twitter_card":"summary_large_image","twitter_misc":{"Escrito por":"Vicus Albus","Tiempo de lectura":"1 minuto"},"schema":{"@context":"https:\/\/schema.org","@graph":[{"@type":"Article","@id":"https:\/\/vicusalbus.org\/?p=183#article","isPartOf":{"@id":"https:\/\/vicusalbus.org\/?p=183"},"author":{"name":"Vicus Albus","@id":"https:\/\/vicusalbus.org\/#\/schema\/person\/0f457e642a2752fe3866b4bd8949205b"},"headline":"Publicaci\u00f3n sobre la historia de la f\u00e1brica Portland Valderrivas","datePublished":"2021-08-04T21:48:02+00:00","dateModified":"2024-10-04T20:35:26+00:00","mainEntityOfPage":{"@id":"https:\/\/vicusalbus.org\/?p=183"},"wordCount":277,"commentCount":0,"publisher":{"@id":"https:\/\/vicusalbus.org\/#organization"},"articleSection":["Noticias de 2021"],"inLanguage":"es","potentialAction":[{"@type":"CommentAction","name":"Comment","target":["https:\/\/vicusalbus.org\/?p=183#respond"]}]},{"@type":"WebPage","@id":"https:\/\/vicusalbus.org\/?p=183","url":"https:\/\/vicusalbus.org\/?p=183","name":"Publicaci\u00f3n sobre la historia de la f\u00e1brica Portland Valderrivas - Asociaci\u00f3n Vicus Albus","isPartOf":{"@id":"https:\/\/vicusalbus.org\/#website"},"datePublished":"2021-08-04T21:48:02+00:00","dateModified":"2024-10-04T20:35:26+00:00","breadcrumb":{"@id":"https:\/\/vicusalbus.org\/?p=183#breadcrumb"},"inLanguage":"es","potentialAction":[{"@type":"ReadAction","target":["https:\/\/vicusalbus.org\/?p=183"]}]},{"@type":"BreadcrumbList","@id":"https:\/\/vicusalbus.org\/?p=183#breadcrumb","itemListElement":[{"@type":"ListItem","position":1,"name":"Portada","item":"https:\/\/vicusalbus.org\/"},{"@type":"ListItem","position":2,"name":"Publicaci\u00f3n sobre la historia de la f\u00e1brica Portland Valderrivas"}]},{"@type":"WebSite","@id":"https:\/\/vicusalbus.org\/#website","url":"https:\/\/vicusalbus.org\/","name":"Asociaci\u00f3n Vicus Albus","description":"","publisher":{"@id":"https:\/\/vicusalbus.org\/#organization"},"potentialAction":[{"@type":"SearchAction","target":{"@type":"EntryPoint","urlTemplate":"https:\/\/vicusalbus.org\/?s={search_term_string}"},"query-input":{"@type":"PropertyValueSpecification","valueRequired":true,"valueName":"search_term_string"}}],"inLanguage":"es"},{"@type":"Organization","@id":"https:\/\/vicusalbus.org\/#organization","name":"Asociaci\u00f3n Vicus Albus","url":"https:\/\/vicusalbus.org\/","logo":{"@type":"ImageObject","inLanguage":"es","@id":"https:\/\/vicusalbus.org\/#\/schema\/logo\/image\/","url":"https:\/\/vicusalbus.org\/wp-content\/uploads\/2024\/06\/cropped-logo_oficial_vicus.jpg","contentUrl":"https:\/\/vicusalbus.org\/wp-content\/uploads\/2024\/06\/cropped-logo_oficial_vicus.jpg","width":496,"height":100,"caption":"Asociaci\u00f3n Vicus Albus"},"image":{"@id":"https:\/\/vicusalbus.org\/#\/schema\/logo\/image\/"}},{"@type":"Person","@id":"https:\/\/vicusalbus.org\/#\/schema\/person\/0f457e642a2752fe3866b4bd8949205b","name":"Vicus Albus","image":{"@type":"ImageObject","inLanguage":"es","@id":"https:\/\/secure.gravatar.com\/avatar\/feb2a4b4ce1c54eafcc6886aa4ecbed6f4c5da2acff48eebe049931f3265aad8?s=96&d=mm&r=g","url":"https:\/\/secure.gravatar.com\/avatar\/feb2a4b4ce1c54eafcc6886aa4ecbed6f4c5da2acff48eebe049931f3265aad8?s=96&d=mm&r=g","contentUrl":"https:\/\/secure.gravatar.com\/avatar\/feb2a4b4ce1c54eafcc6886aa4ecbed6f4c5da2acff48eebe049931f3265aad8?s=96&d=mm&r=g","caption":"Vicus Albus"},"url":"https:\/\/vicusalbus.org\/?author=2"}]}},"_links":{"self":[{"href":"https:\/\/vicusalbus.org\/index.php?rest_route=\/wp\/v2\/posts\/183","targetHints":{"allow":["GET"]}}],"collection":[{"href":"https:\/\/vicusalbus.org\/index.php?rest_route=\/wp\/v2\/posts"}],"about":[{"href":"https:\/\/vicusalbus.org\/index.php?rest_route=\/wp\/v2\/types\/post"}],"author":[{"embeddable":true,"href":"https:\/\/vicusalbus.org\/index.php?rest_route=\/wp\/v2\/users\/2"}],"replies":[{"embeddable":true,"href":"https:\/\/vicusalbus.org\/index.php?rest_route=%2Fwp%2Fv2%2Fcomments&post=183"}],"version-history":[{"count":1,"href":"https:\/\/vicusalbus.org\/index.php?rest_route=\/wp\/v2\/posts\/183\/revisions"}],"predecessor-version":[{"id":1000,"href":"https:\/\/vicusalbus.org\/index.php?rest_route=\/wp\/v2\/posts\/183\/revisions\/1000"}],"wp:attachment":[{"href":"https:\/\/vicusalbus.org\/index.php?rest_route=%2Fwp%2Fv2%2Fmedia&parent=183"}],"wp:term":[{"taxonomy":"category","embeddable":true,"href":"https:\/\/vicusalbus.org\/index.php?rest_route=%2Fwp%2Fv2%2Fcategories&post=183"},{"taxonomy":"post_tag","embeddable":true,"href":"https:\/\/vicusalbus.org\/index.php?rest_route=%2Fwp%2Fv2%2Ftags&post=183"}],"curies":[{"name":"wp","href":"https:\/\/api.w.org\/{rel}","templated":true}]}}