{"id":19,"date":"2013-06-26T08:00:37","date_gmt":"2013-06-26T08:00:37","guid":{"rendered":"https:\/\/vicusalbus.org\/wordpress\/?p=19"},"modified":"2024-10-04T20:12:25","modified_gmt":"2024-10-04T20:12:25","slug":"el-negro-futuro-del-patrimonio-de-vicalvaro","status":"publish","type":"post","link":"https:\/\/vicusalbus.org\/?p=19","title":{"rendered":"El Negro Futuro del Patrimonio de Vic\u00e1lvaro"},"content":{"rendered":"<table style=\"text-align: center; width: 100%; height: 530px;\" border=\"0\" width=\"564\">\n<tbody>\n<tr>\n<td style=\"text-align: center;\">\n<p> \u00a0<\/p>\n<p style=\"text-align:center\"><iframe loading=\"lazy\" width=\"560\" height=\"315\" src=\"https:\/\/www.youtube.com\/embed\/d9k0lPo5aS0?si=92dnWqBZgUuP2Bo_\" title=\"YouTube video player\" frameborder=\"0\" allow=\"accelerometer; autoplay; clipboard-write; encrypted-media; gyroscope; picture-in-picture; web-share\" referrerpolicy=\"strict-origin-when-cross-origin\" allowfullscreen><\/iframe><\/p>\n<p><img loading=\"lazy\" decoding=\"async\" style=\"display: block; margin-left: auto; margin-right: auto;\" title=\"Mapa de Yacimientos\" src=\"images\/stories\/yacimientos.png\" alt=\"Mapa de Yacimientos\" width=\"291\" height=\"483\" border=\"0\" \/>\u00a0<\/p>\n<\/td>\n<\/tr>\n<tr>\n<td style=\"text-align: justify;\">\n<p style=\"text-align: justify;\">\u00a0 Vicus Albus se ha dirigido a la Direcci\u00f3n General de Patrimonio de la Comunidad de Madrid, para evitar las DESTRUCCI\u00d3N DE DOS IMPORTANTES YACIMIENTOS ARQUEOL\u00d3GICOS ubicados en Vic\u00e1lvaro, con motivo de la voracidad urban\u00edstica a\u00fan exist<span class=\"text_exposed_show\">ente a pesar de la crisis. <\/span><\/p>\n<p>En Vic\u00e1lvaro se han estudiado y catalogado tres importantes yacimientos arqueol\u00f3gicos que la administraci\u00f3n pretende destruir calific\u00e1ndolos de irrelevantes, mientras que los expertos los catalogan algunos como <em>&#8220;el m\u00e1s grande de Europa&#8221; o &#8220;una de las primeras minas de la humanidad&#8221;.<\/em><\/p>\n<p style=\"text-align: center;\"><em><a href=\"images\/stories\/Carta_a_Patrimonio.pdf\" target=\"_blank\" rel=\"noopener noreferrer\">[Descargar Carta en PDF]<\/a><\/em><\/p>\n<\/td>\n<\/tr>\n<\/tbody>\n<\/table>\n<p style=\"text-align: center;\">\u00a0<\/p>\n<table border=\"0\">\n<tbody>\n<tr>\n<td>\n<p style=\"text-align: center;\">\u00a0<\/p>\n<p style=\"text-align: center;\">\u00a0 \u00a0 \u00a0 \u00a0 En los \u00faltimos d\u00edas se han podido leer algunos art\u00edculos sobre este tema en la prensa:<\/p>\n<ul>\n<li>\n<div style=\"text-align: left;\"><a href=\"images\/stories\/paleolitico_vicalvaro.pdf\" target=\"_blank\" rel=\"noopener noreferrer\">El Pa\u00eds (20\/06\/2013)- Sobre el Yacimiento Paleol\u00edtico de Charco Hondo<\/a><\/div>\n<\/li>\n<li>\n<div style=\"text-align: left;\"><a href=\"images\/stories\/visigodos_vicalvaro_18_06_2013.pdf\" target=\"_blank\" rel=\"noopener noreferrer\">El Pais (18\/06\/2013)<\/a><\/div>\n<\/li>\n<li>\n<div style=\"text-align: left;\"><a href=\"images\/stories\/visigodos_vicalvaro_destruccion.pdf\" target=\"_blank\" rel=\"noopener noreferrer\">El Pa\u00eds (17\/06\/2013)<\/a><\/div>\n<\/li>\n<li>\n<div style=\"text-align: left;\"><a href=\"images\/stories\/visigodos_vicalvaro.pdf\" target=\"_blank\" rel=\"noopener noreferrer\">Madrid Diario<\/p>\n<p><\/a><\/div>\n<div style=\"text-align: left;\"><img loading=\"lazy\" decoding=\"async\" style=\"display: block; margin-left: auto; margin-right: auto;\" title=\"Yacimiento Paleol\u00edtico\" src=\"images\/stories\/paleolitico_vicalvaro.jpg\" alt=\"Yacimiento Paleol\u00edtico\" width=\"267\" height=\"193\" border=\"0\" \/><br \/> <img loading=\"lazy\" decoding=\"async\" style=\"display: block; margin-left: auto; margin-right: auto;\" title=\"Necr \u00f3polis Visigoda de Vic\u00e1lvaro\" src=\"images\/stories\/visigodos.jpg\" alt=\"Necr \u00f3polis Visigoda de Vic\u00e1lvaro\" width=\"271\" height=\"178\" border=\"0\" \/><\/div>\n<\/li>\n<\/ul>\n<p>\u00a0<\/p>\n<p style=\"text-align: justify;\">\u00a0\u00a0\u00a0\u00a0 Ante los planes de destrucci \u00f3n que se avecina Vicus Albus no ha podido ni querido permanecer impasible y muestra su repulsa formal a trav\u00e9s del texto que transcribimos a continuaci\u00f3n;<\/p>\n<p style=\"text-align: justify;\">\u00a0<\/p>\n<p style=\"text-align: justify;\">Direcci\u00f3n General de Patrimonio<\/p>\n<p style=\"text-align: justify;\"> \u00a0 \u00a0 \u00a0 Nos dirigimos a Vds., ante la impotencia de ver destruir nuestro patrimonio en aras de la modernidad y queremos denunciar estos hechos que a\u00f1o tras a\u00f1o viene afectando a nuestro patrimonio cultural de Vic\u00e1lvaro, un pueblo datado a trav \u00e9s de documentos \u00a0 desde 1352 y hoy se ha convertido en un impersonal barrio de Madrid, pues poco a poco se nos va mutilando nuestras ra\u00edces y despersonalizando y borrando nuestra identidad cultural.<\/p>\n<p style=\"text-align: justify;\">\u00a0 \u00a0 \u00a0 Perdone que no nos hayamos presentado, es tanta la rabia, impotencia y enfado que no sabemos c \u00f3mo gritar \u00a1basta, ya! Somos una asociaci \u00f3n compuesta por vecinos de Vic\u00e1lvaro sin \u00e1nimo de lucro, sin adscripci \u00f3n a ninguna ideol \u00f3gica \u00a0 pol\u00edtica o religiosa, somos simplemente vecinos preocupados en potenciar nuestro barrio y su cultura, somos la Asociaci\u00f3n Vicus Albus y cuyo fin que se recoge en el art\u00edculo 4 \u00ba de su acta fundacional es la investigaci\u00f3n, recuperaci\u00f3n, desarrollo y difusi\u00f3n cultural del patrimonio hist \u00f3rico de Vic\u00e1lvaro y su antiguo t \u00e9rmino municipal \u20ac\u009d. La Asociaci\u00f3n Vicus Albus es una \u00a0 entidad que viene trabajando en el hoy barrio de Vic\u00e1lvaro desde 1982, creemos que con la tarjeta de presentaci \u00f3n de m\u00e1s de 30 a\u00f1os dedicados a profundizar en nuestras ra\u00edces hist \u00f3ricas, sea suficiente para concedernos el derecho de \u00a0 hacernos o\u00edr aunque solo sea nuestro derecho a la pataleta, a la frustraci\u00f3n y con nuestro grito sordo y mudo seamos capaces de decir a nuestros sucesores que hemos luchado por conservar a nuestras generaciones venideras nuestra herencia cultural.<\/p>\n<p style=\"text-align: justify;\">\u00a0 \u00a0 \u00a0 Estamos cansados que nuestros dirigentes decidan sobre la conservaci \u00f3n o destrucci\u00f3n de nuestro pasado, siempre anteponiendo los intereses econ \u00f3micos y personales a los bienes culturales, es triste leer que\u00a0el gobierno regional ha decidido destruir los yacimientos descubiertos en nuestro suelo porque carece de relevancia para conservarlos.<br \/>Le contamos en breves pinceladas, como nuestro patrimonio ha ido desapareciendo poco a poco, o bien por tristes acontecimientos pol\u00edticos o por desidia municipal o por diferentes intereses o por decisi\u00f3n de carencia de importancia seg\u00fan qu \u00e9 criterio, sobre todo en los \u00faltimos a\u00f1os.<\/p>\n<p style=\"text-align: justify;\">Nuestra iglesia remodelada casi \u00edntegramente en 1592, sufri\u00f3 en la contienda civil espa\u00f1ola la p\u00e9rdida del retablo construido en 1602, de su \u00f3rgano de 1770, de todos sus bienes muebles que a\u00f1o tras a\u00f1o nuestros antiguos vecinos hab\u00edan contribuido a crear y la incomprensi\u00f3n de otros, destruyen.<\/p>\n<p style=\"text-align: justify;\">\u00a0 \u00a0 \u00a0 A finales del siglo XIX y principios del siglo XX, van desapareciendo nuestras ermitas: la del Socorro, y la del Cristo de la Gu\u00eda, solo conservamos la ermita de la Soledad \u00a0 y gracias a la intervenci\u00f3n de nuestra asociaci \u00f3n que en 1984\/85 la restaur \u00f3 con la ayuda de varios vecinos.<\/p>\n<p style=\"text-align: justify;\">\u00a0 \u00a0 \u00a0 En 1974, vimos at\u00f3nitos como nos volaban nuestro ayuntamiento con dinamita controlada, ya no val\u00eda nuestro edificio con su soportal asentado en sus bellas columnas de piedra, su reloj y su veleta, estorba lo viejo, y los vecinos indignados vemos convertir en polvo a\u00f1os de autonom\u00eda municipal.<\/p>\n<p style=\"text-align: justify;\">\u00a0 \u00a0 \u00a0 \u00a0 Hace unos a\u00f1os, vimos destruir nuestra fuente de los Cinco Ca\u00f1os con su lavadero de piedra, la fuente de San Pedro, la de San Jorge y la de San Juan hab\u00edan desaparecido un poco antes. Todas ellas nombradas ya en las Relaciones Topogr\u00e1ficas de Felipe II.<\/p>\n<p style=\"text-align: justify;\">\u00a0 \u00a0 \u00a0 \u00a0 Actualmente, hemos visto como se descubr\u00edan dos grandes yacimientos en nuestro t\u00e9rmino municipal, uno nos remontaba hasta el paleol\u00edtico, en la finca denominada Charco Hondo. El otro nos remonta a la \u00e9poca romana y visigoda, se han descubierto cerca de un millar de tumbas y algunas construcciones. Nuestro suelo, muestra como si de un \u00a0 gran libro se tratase el paso de nuestros antepasados y hoy, rememorando la inquisici \u00f3n, queremos destruir de un plumazo.<\/p>\n<p style=\"text-align: justify;\">\u00a0 \u00a0 \u00a0 \u00a0 La Asociaci\u00f3n Vicus Albus, quiere denunciar la impotencia que sufre ante la desidia municipal y auton \u00f3mica por intentar conservar parte de nuestro patrimonio. Nuestro barrio esta muy diezmado ya, para seguir destruyendo m\u00e1s sus escasos bienes culturales.<\/p>\n<p style=\"text-align: justify;\">\u00a0 \u00a0 \u00a0 \u00a0 Proponemos que conserven una muestra de ambos yacimientos, in situ, dentro de un peque\u00f1o parque que sirva para mostrar a nuestros hijos la forma de vida de nuestros ancestrales vecinos y pueda servir de itinerario \u00a0 cultural como parte del curr\u00edculo\u00a0 educativo que estudian.<\/p>\n<p style=\"text-align: justify;\">\u00a0 \u00a0 \u00a0 \u00a0 Si ahora no es posible, puesto que las circunstancias econ \u00f3micas no son las apropiadas para una inversi \u00f3n, pueden preverlo para el futuro, pero si edifican encima habr\u00e1n borrado otra hoja de nuestro pasado y nos avocaran a la impersonalidad de otro barrio dormitorio de los alrededores de la gran urbe. La integraci \u00f3n y arraigo en el lugar donde tenemos nuestra vivienda y donde crecer\u00e1 nuestra familia es fundamental y conocer la historia donde se naci \u00f3 o se vive, es importante para descubrir nuestras propias ra\u00edces, identificarse con la tierra y la cultura, y amar el contexto natural y social donde el hombre teje y reteje su propia existencia.<\/p>\n<p style=\"text-align: justify;\">\u00a0 \u00a0 \u00a0 \u00a0 Levantamos nuestra voz para gritar \u00a1Basta ya de expoliarnos! Y tengan a bien\u00a0considerar la posibilidad de potenciar nuestro barrio y su cultura.<\/p>\n<p style=\"text-align: justify;\">\u00a0 \u00a0 \u00a0 Desde la Asociaci\u00f3n Vicus Albus exigimos la conservaci \u00f3n de una muestra de estos yacimientos para su conocimiento y difusi \u00f3n para preservarlo y convertirlo en un hito arqueol\u00f3gico de nuestro distrito de Vic\u00e1lvaro.<\/p>\n<p style=\"text-align: justify;\">\u00a0 \u00a0 \u00a0 Tenga a bien escucharnos y haga el honor de ejercer la defensa del patrimonio de la entidad que dirige.<\/p>\n<p style=\"text-align: justify;\">\u00a0 \u00a0 \u00a0 Y en espera de recibir noticias suyas, quedamos a su entera disposici \u00f3n para aclararle cuantas dudas pudieran tener al respecto.<\/p>\n<p style=\"text-align: justify;\">\u00a0 \u00a0 \u00a0 \u00a0 \u00a0Un saludo.<\/p>\n<p style=\"text-align: justify;\">Vic\u00e1lvaro 25 de junio de 2013<\/p>\n<p>\u00a0<\/p>\n<\/td>\n<\/tr>\n<\/tbody>\n<\/table>\n","protected":false},"excerpt":{"rendered":"<p>\u00a0 \u00a0 \u00a0 Vicus Albus se ha dirigido a la Direcci\u00f3n General de Patrimonio de la Comunidad de Madrid, para evitar las DESTRUCCI\u00d3N DE DOS IMPORTANTES YACIMIENTOS ARQUEOL\u00d3GICOS ubicados en Vic\u00e1lvaro, con motivo de la voracidad urban\u00edstica a\u00fan existente a pesar de la crisis. En Vic\u00e1lvaro se han estudiado y catalogado tres importantes yacimientos arqueol\u00f3gicos &hellip; <\/p>\n<p class=\"link-more\"><a href=\"https:\/\/vicusalbus.org\/?p=19\" class=\"more-link\">Leer m\u00e1s<span class=\"screen-reader-text\"> \u00abEl Negro Futuro del Patrimonio de Vic\u00e1lvaro\u00bb<\/span><\/a><\/p>\n","protected":false},"author":1,"featured_media":0,"comment_status":"open","ping_status":"open","sticky":false,"template":"","format":"standard","meta":{"two_page_speed":[],"footnotes":""},"categories":[7],"tags":[40,34,47,45,41,42,38,49,48,43,35,46,36,39,33,37,44],"class_list":["post-19","post","type-post","status-publish","format-standard","hentry","category-noticias-de-2013","tag-ahumaos","tag-ambroz","tag-capitan-guiloche","tag-cementerio-mas-antiguo-de-madrid","tag-condesa-vega-del-pozo","tag-diaz-pimienta","tag-duque-del-sevillano","tag-escarbassierre","tag-historia-de-vicalvaro","tag-juan-sevillano","tag-la-torre","tag-madrid-davila","tag-santa-maria-la-antigua","tag-vicalvarada","tag-vicalvaro","tag-virgen-de-la-antigua","tag-virgen-de-la-torre"],"yoast_head":"<!-- This site is optimized with the Yoast SEO plugin v27.5 - https:\/\/yoast.com\/product\/yoast-seo-wordpress\/ -->\n<title>El Negro Futuro del Patrimonio de Vic\u00e1lvaro - Asociaci\u00f3n Vicus Albus<\/title>\n<meta name=\"robots\" content=\"index, follow, max-snippet:-1, max-image-preview:large, max-video-preview:-1\" \/>\n<link rel=\"canonical\" href=\"https:\/\/vicusalbus.org\/?p=19\" \/>\n<meta property=\"og:locale\" content=\"es_ES\" \/>\n<meta property=\"og:type\" content=\"article\" \/>\n<meta property=\"og:title\" content=\"El Negro Futuro del Patrimonio de Vic\u00e1lvaro - Asociaci\u00f3n Vicus Albus\" \/>\n<meta property=\"og:description\" content=\"\u00a0 \u00a0 \u00a0 Vicus Albus se ha dirigido a la Direcci\u00f3n General de Patrimonio de la Comunidad de Madrid, para evitar las DESTRUCCI\u00d3N DE DOS IMPORTANTES YACIMIENTOS ARQUEOL\u00d3GICOS ubicados en Vic\u00e1lvaro, con motivo de la voracidad urban\u00edstica a\u00fan existente a pesar de la crisis. En Vic\u00e1lvaro se han estudiado y catalogado tres importantes yacimientos arqueol\u00f3gicos &hellip; Leer m\u00e1s \u00abEl Negro Futuro del Patrimonio de Vic\u00e1lvaro\u00bb\" \/>\n<meta property=\"og:url\" content=\"https:\/\/vicusalbus.org\/?p=19\" \/>\n<meta property=\"og:site_name\" content=\"Asociaci\u00f3n Vicus Albus\" \/>\n<meta property=\"article:published_time\" content=\"2013-06-26T08:00:37+00:00\" \/>\n<meta property=\"article:modified_time\" content=\"2024-10-04T20:12:25+00:00\" \/>\n<meta name=\"author\" content=\"admin\" \/>\n<meta name=\"twitter:card\" content=\"summary_large_image\" \/>\n<meta name=\"twitter:label1\" content=\"Escrito por\" \/>\n\t<meta name=\"twitter:data1\" content=\"admin\" \/>\n\t<meta name=\"twitter:label2\" content=\"Tiempo de lectura\" \/>\n\t<meta name=\"twitter:data2\" content=\"6 minutos\" \/>\n<script type=\"application\/ld+json\" class=\"yoast-schema-graph\">{\"@context\":\"https:\\\/\\\/schema.org\",\"@graph\":[{\"@type\":\"Article\",\"@id\":\"https:\\\/\\\/vicusalbus.org\\\/?p=19#article\",\"isPartOf\":{\"@id\":\"https:\\\/\\\/vicusalbus.org\\\/?p=19\"},\"author\":{\"name\":\"admin\",\"@id\":\"https:\\\/\\\/vicusalbus.org\\\/#\\\/schema\\\/person\\\/fb1ad2db921f1224bf9b110df3ea0380\"},\"headline\":\"El Negro Futuro del Patrimonio de Vic\u00e1lvaro\",\"datePublished\":\"2013-06-26T08:00:37+00:00\",\"dateModified\":\"2024-10-04T20:12:25+00:00\",\"mainEntityOfPage\":{\"@id\":\"https:\\\/\\\/vicusalbus.org\\\/?p=19\"},\"wordCount\":1128,\"commentCount\":0,\"publisher\":{\"@id\":\"https:\\\/\\\/vicusalbus.org\\\/#organization\"},\"keywords\":[\"Ahumaos\",\"Ambroz\",\"Capit\u00e1n Guiloche\",\"cementerio m\u00e1s antiguo de Madrid\",\"Condesa Vega del Pozo\",\"Diaz Pimienta\",\"Duque del Sevillano\",\"Escarbassierre\",\"Historia de Vic\u00e1lvaro\",\"Juan Sevillano\",\"La Torre\",\"Madrid-D\u00e1vila\",\"Santa Mar\u00eda la Antigua\",\"Vicalvarada\",\"Vic\u00e1lvaro\",\"Virgen de la Antigua\",\"Virgen de la Torre\"],\"articleSection\":[\"Noticias de 2013\"],\"inLanguage\":\"es\",\"potentialAction\":[{\"@type\":\"CommentAction\",\"name\":\"Comment\",\"target\":[\"https:\\\/\\\/vicusalbus.org\\\/?p=19#respond\"]}]},{\"@type\":\"WebPage\",\"@id\":\"https:\\\/\\\/vicusalbus.org\\\/?p=19\",\"url\":\"https:\\\/\\\/vicusalbus.org\\\/?p=19\",\"name\":\"El Negro Futuro del Patrimonio de Vic\u00e1lvaro - Asociaci\u00f3n Vicus Albus\",\"isPartOf\":{\"@id\":\"https:\\\/\\\/vicusalbus.org\\\/#website\"},\"datePublished\":\"2013-06-26T08:00:37+00:00\",\"dateModified\":\"2024-10-04T20:12:25+00:00\",\"breadcrumb\":{\"@id\":\"https:\\\/\\\/vicusalbus.org\\\/?p=19#breadcrumb\"},\"inLanguage\":\"es\",\"potentialAction\":[{\"@type\":\"ReadAction\",\"target\":[\"https:\\\/\\\/vicusalbus.org\\\/?p=19\"]}]},{\"@type\":\"BreadcrumbList\",\"@id\":\"https:\\\/\\\/vicusalbus.org\\\/?p=19#breadcrumb\",\"itemListElement\":[{\"@type\":\"ListItem\",\"position\":1,\"name\":\"Portada\",\"item\":\"https:\\\/\\\/vicusalbus.org\\\/\"},{\"@type\":\"ListItem\",\"position\":2,\"name\":\"El Negro Futuro del Patrimonio de Vic\u00e1lvaro\"}]},{\"@type\":\"WebSite\",\"@id\":\"https:\\\/\\\/vicusalbus.org\\\/#website\",\"url\":\"https:\\\/\\\/vicusalbus.org\\\/\",\"name\":\"Asociaci\u00f3n Vicus Albus\",\"description\":\"\",\"publisher\":{\"@id\":\"https:\\\/\\\/vicusalbus.org\\\/#organization\"},\"potentialAction\":[{\"@type\":\"SearchAction\",\"target\":{\"@type\":\"EntryPoint\",\"urlTemplate\":\"https:\\\/\\\/vicusalbus.org\\\/?s={search_term_string}\"},\"query-input\":{\"@type\":\"PropertyValueSpecification\",\"valueRequired\":true,\"valueName\":\"search_term_string\"}}],\"inLanguage\":\"es\"},{\"@type\":\"Organization\",\"@id\":\"https:\\\/\\\/vicusalbus.org\\\/#organization\",\"name\":\"Asociaci\u00f3n Vicus Albus\",\"url\":\"https:\\\/\\\/vicusalbus.org\\\/\",\"logo\":{\"@type\":\"ImageObject\",\"inLanguage\":\"es\",\"@id\":\"https:\\\/\\\/vicusalbus.org\\\/#\\\/schema\\\/logo\\\/image\\\/\",\"url\":\"https:\\\/\\\/vicusalbus.org\\\/wp-content\\\/uploads\\\/2024\\\/06\\\/cropped-logo_oficial_vicus.jpg\",\"contentUrl\":\"https:\\\/\\\/vicusalbus.org\\\/wp-content\\\/uploads\\\/2024\\\/06\\\/cropped-logo_oficial_vicus.jpg\",\"width\":496,\"height\":100,\"caption\":\"Asociaci\u00f3n Vicus Albus\"},\"image\":{\"@id\":\"https:\\\/\\\/vicusalbus.org\\\/#\\\/schema\\\/logo\\\/image\\\/\"}},{\"@type\":\"Person\",\"@id\":\"https:\\\/\\\/vicusalbus.org\\\/#\\\/schema\\\/person\\\/fb1ad2db921f1224bf9b110df3ea0380\",\"name\":\"admin\",\"image\":{\"@type\":\"ImageObject\",\"inLanguage\":\"es\",\"@id\":\"https:\\\/\\\/secure.gravatar.com\\\/avatar\\\/6dad5268b41262db617445641361944c505a46b24ee0cec33d7678d3a4ef18ee?s=96&d=mm&r=g\",\"url\":\"https:\\\/\\\/secure.gravatar.com\\\/avatar\\\/6dad5268b41262db617445641361944c505a46b24ee0cec33d7678d3a4ef18ee?s=96&d=mm&r=g\",\"contentUrl\":\"https:\\\/\\\/secure.gravatar.com\\\/avatar\\\/6dad5268b41262db617445641361944c505a46b24ee0cec33d7678d3a4ef18ee?s=96&d=mm&r=g\",\"caption\":\"admin\"},\"sameAs\":[\"https:\\\/\\\/vicusalbus.org\\\/wordpress\\\/wordpress\"],\"url\":\"https:\\\/\\\/vicusalbus.org\\\/?author=1\"}]}<\/script>\n<!-- \/ Yoast SEO plugin. -->","yoast_head_json":{"title":"El Negro Futuro del Patrimonio de Vic\u00e1lvaro - Asociaci\u00f3n Vicus Albus","robots":{"index":"index","follow":"follow","max-snippet":"max-snippet:-1","max-image-preview":"max-image-preview:large","max-video-preview":"max-video-preview:-1"},"canonical":"https:\/\/vicusalbus.org\/?p=19","og_locale":"es_ES","og_type":"article","og_title":"El Negro Futuro del Patrimonio de Vic\u00e1lvaro - Asociaci\u00f3n Vicus Albus","og_description":"\u00a0 \u00a0 \u00a0 Vicus Albus se ha dirigido a la Direcci\u00f3n General de Patrimonio de la Comunidad de Madrid, para evitar las DESTRUCCI\u00d3N DE DOS IMPORTANTES YACIMIENTOS ARQUEOL\u00d3GICOS ubicados en Vic\u00e1lvaro, con motivo de la voracidad urban\u00edstica a\u00fan existente a pesar de la crisis. En Vic\u00e1lvaro se han estudiado y catalogado tres importantes yacimientos arqueol\u00f3gicos &hellip; Leer m\u00e1s \u00abEl Negro Futuro del Patrimonio de Vic\u00e1lvaro\u00bb","og_url":"https:\/\/vicusalbus.org\/?p=19","og_site_name":"Asociaci\u00f3n Vicus Albus","article_published_time":"2013-06-26T08:00:37+00:00","article_modified_time":"2024-10-04T20:12:25+00:00","author":"admin","twitter_card":"summary_large_image","twitter_misc":{"Escrito por":"admin","Tiempo de lectura":"6 minutos"},"schema":{"@context":"https:\/\/schema.org","@graph":[{"@type":"Article","@id":"https:\/\/vicusalbus.org\/?p=19#article","isPartOf":{"@id":"https:\/\/vicusalbus.org\/?p=19"},"author":{"name":"admin","@id":"https:\/\/vicusalbus.org\/#\/schema\/person\/fb1ad2db921f1224bf9b110df3ea0380"},"headline":"El Negro Futuro del Patrimonio de Vic\u00e1lvaro","datePublished":"2013-06-26T08:00:37+00:00","dateModified":"2024-10-04T20:12:25+00:00","mainEntityOfPage":{"@id":"https:\/\/vicusalbus.org\/?p=19"},"wordCount":1128,"commentCount":0,"publisher":{"@id":"https:\/\/vicusalbus.org\/#organization"},"keywords":["Ahumaos","Ambroz","Capit\u00e1n Guiloche","cementerio m\u00e1s antiguo de Madrid","Condesa Vega del Pozo","Diaz Pimienta","Duque del Sevillano","Escarbassierre","Historia de Vic\u00e1lvaro","Juan Sevillano","La Torre","Madrid-D\u00e1vila","Santa Mar\u00eda la Antigua","Vicalvarada","Vic\u00e1lvaro","Virgen de la Antigua","Virgen de la Torre"],"articleSection":["Noticias de 2013"],"inLanguage":"es","potentialAction":[{"@type":"CommentAction","name":"Comment","target":["https:\/\/vicusalbus.org\/?p=19#respond"]}]},{"@type":"WebPage","@id":"https:\/\/vicusalbus.org\/?p=19","url":"https:\/\/vicusalbus.org\/?p=19","name":"El Negro Futuro del Patrimonio de Vic\u00e1lvaro - Asociaci\u00f3n Vicus Albus","isPartOf":{"@id":"https:\/\/vicusalbus.org\/#website"},"datePublished":"2013-06-26T08:00:37+00:00","dateModified":"2024-10-04T20:12:25+00:00","breadcrumb":{"@id":"https:\/\/vicusalbus.org\/?p=19#breadcrumb"},"inLanguage":"es","potentialAction":[{"@type":"ReadAction","target":["https:\/\/vicusalbus.org\/?p=19"]}]},{"@type":"BreadcrumbList","@id":"https:\/\/vicusalbus.org\/?p=19#breadcrumb","itemListElement":[{"@type":"ListItem","position":1,"name":"Portada","item":"https:\/\/vicusalbus.org\/"},{"@type":"ListItem","position":2,"name":"El Negro Futuro del Patrimonio de Vic\u00e1lvaro"}]},{"@type":"WebSite","@id":"https:\/\/vicusalbus.org\/#website","url":"https:\/\/vicusalbus.org\/","name":"Asociaci\u00f3n Vicus Albus","description":"","publisher":{"@id":"https:\/\/vicusalbus.org\/#organization"},"potentialAction":[{"@type":"SearchAction","target":{"@type":"EntryPoint","urlTemplate":"https:\/\/vicusalbus.org\/?s={search_term_string}"},"query-input":{"@type":"PropertyValueSpecification","valueRequired":true,"valueName":"search_term_string"}}],"inLanguage":"es"},{"@type":"Organization","@id":"https:\/\/vicusalbus.org\/#organization","name":"Asociaci\u00f3n Vicus Albus","url":"https:\/\/vicusalbus.org\/","logo":{"@type":"ImageObject","inLanguage":"es","@id":"https:\/\/vicusalbus.org\/#\/schema\/logo\/image\/","url":"https:\/\/vicusalbus.org\/wp-content\/uploads\/2024\/06\/cropped-logo_oficial_vicus.jpg","contentUrl":"https:\/\/vicusalbus.org\/wp-content\/uploads\/2024\/06\/cropped-logo_oficial_vicus.jpg","width":496,"height":100,"caption":"Asociaci\u00f3n Vicus Albus"},"image":{"@id":"https:\/\/vicusalbus.org\/#\/schema\/logo\/image\/"}},{"@type":"Person","@id":"https:\/\/vicusalbus.org\/#\/schema\/person\/fb1ad2db921f1224bf9b110df3ea0380","name":"admin","image":{"@type":"ImageObject","inLanguage":"es","@id":"https:\/\/secure.gravatar.com\/avatar\/6dad5268b41262db617445641361944c505a46b24ee0cec33d7678d3a4ef18ee?s=96&d=mm&r=g","url":"https:\/\/secure.gravatar.com\/avatar\/6dad5268b41262db617445641361944c505a46b24ee0cec33d7678d3a4ef18ee?s=96&d=mm&r=g","contentUrl":"https:\/\/secure.gravatar.com\/avatar\/6dad5268b41262db617445641361944c505a46b24ee0cec33d7678d3a4ef18ee?s=96&d=mm&r=g","caption":"admin"},"sameAs":["https:\/\/vicusalbus.org\/wordpress\/wordpress"],"url":"https:\/\/vicusalbus.org\/?author=1"}]}},"_links":{"self":[{"href":"https:\/\/vicusalbus.org\/index.php?rest_route=\/wp\/v2\/posts\/19","targetHints":{"allow":["GET"]}}],"collection":[{"href":"https:\/\/vicusalbus.org\/index.php?rest_route=\/wp\/v2\/posts"}],"about":[{"href":"https:\/\/vicusalbus.org\/index.php?rest_route=\/wp\/v2\/types\/post"}],"author":[{"embeddable":true,"href":"https:\/\/vicusalbus.org\/index.php?rest_route=\/wp\/v2\/users\/1"}],"replies":[{"embeddable":true,"href":"https:\/\/vicusalbus.org\/index.php?rest_route=%2Fwp%2Fv2%2Fcomments&post=19"}],"version-history":[{"count":1,"href":"https:\/\/vicusalbus.org\/index.php?rest_route=\/wp\/v2\/posts\/19\/revisions"}],"predecessor-version":[{"id":980,"href":"https:\/\/vicusalbus.org\/index.php?rest_route=\/wp\/v2\/posts\/19\/revisions\/980"}],"wp:attachment":[{"href":"https:\/\/vicusalbus.org\/index.php?rest_route=%2Fwp%2Fv2%2Fmedia&parent=19"}],"wp:term":[{"taxonomy":"category","embeddable":true,"href":"https:\/\/vicusalbus.org\/index.php?rest_route=%2Fwp%2Fv2%2Fcategories&post=19"},{"taxonomy":"post_tag","embeddable":true,"href":"https:\/\/vicusalbus.org\/index.php?rest_route=%2Fwp%2Fv2%2Ftags&post=19"}],"curies":[{"name":"wp","href":"https:\/\/api.w.org\/{rel}","templated":true}]}}