{"id":199,"date":"2022-09-10T16:35:42","date_gmt":"2022-09-10T16:35:42","guid":{"rendered":"https:\/\/vicusalbus.org\/wordpress\/?p=199"},"modified":"2024-10-04T20:35:26","modified_gmt":"2024-10-04T20:35:26","slug":"visita-al-palacio-del-marques-de-la-motilla","status":"publish","type":"post","link":"https:\/\/vicusalbus.org\/?p=199","title":{"rendered":"Visita al palacio del Marqu\u00e9s de la Motilla"},"content":{"rendered":"<p style=\"text-align: justify;\">Al amanecer del d\u00eda 6 de septiembre del pasado a\u00f1o 2022 el AVE nos llev\u00f3 a Sevilla, a donde, previamente concertado con el marqu\u00e9s de la Motilla, hab\u00edamos previsto trasladarnos para investigar y ampliar datos para Vicus Albus acerca de la vicalvare\u00f1a familia Sevillano en su palacio. Una vez all\u00ed, llamamos al marqu\u00e9s que raudo vino a recibirnos y nos guio hacia su magn\u00edfico palacio en el centro del casco hist\u00f3rico de la ciudad hispalense, en la calle Lara\u00f1a.<\/p>\n<p style=\"text-align: center;\"><img loading=\"lazy\" decoding=\"async\" src=\"images\/motilla5.jpg\" alt=\"\" width=\"749\" height=\"337\" \/><\/p>\n<p style=\"text-align: justify;\">Al llegar, el marqu\u00e9s nos present\u00f3 a su hijo, a su nuera y a su administrador, y todos juntos recorrimos, durante much\u00edsimo tiempo, las estancias del magno edificio admirando muebles, cuadros (entre los que hab\u00eda varios de la familia Sevillano, destacando dos grandes \u00f3leos, uno del Duque y otro de su esposa), l\u00e1mparas, artesonados y un largo etc\u00e9tera. Despu\u00e9s nos mostraron algunos documentos y Eva Morej\u00f3n, la nuera del marqu\u00e9s y la futura marquesa, nos condujo hasta los archivos de la casa Motilla.<\/p>\n<p style=\"text-align: center;\"><img loading=\"lazy\" decoding=\"async\" src=\"images\/motilla3.jpg\" width=\"700\" height=\"656\" \/><\/p>\n<p style=\"text-align: justify;\">Este archivo fue una de las mayores sorpresas, si bien para describir nuestra admiraci\u00f3n por el palacio y su contenido podr\u00edamos escribir muchas l\u00edneas, al ver la gran sala en la que se encontraban los documentos nos faltan las palabras. Hab\u00eda, en organizadas estanter\u00edas, cientos de cajas\/carpetas\/legajos clasificados. Asimismo, tambi\u00e9n hab\u00eda cientos de libros incunables o antiguos, igualmente colocados. De la documentaci\u00f3n que Eva ya ten\u00eda mucha organizada y localizada (nos asegur\u00f3 que era una tarea que hab\u00eda emprendido pero que sab\u00eda que le quedaba mucho por hacer), nos facilit\u00f3 el acceso a unos cuantos legajos con documentos originales de gran val\u00eda para nuestra investigaci\u00f3n. Durante un par de horas fotografiamos m\u00e1s de trescientos, pero\u2026 no pod\u00edamos mantener all\u00ed a la futura marquesa m\u00e1s tiempo, ya que, como es l\u00f3gico, se mantuvo en nuestra compa\u00f1\u00eda.<\/p>\n<p style=\"text-align: justify;\"><img loading=\"lazy\" decoding=\"async\" src=\"images\/motilla7.jpg\" width=\"550\" height=\"367\" \/>\u00a0<img loading=\"lazy\" decoding=\"async\" src=\"images\/motilla8.jpg\" width=\"550\" height=\"367\" \/><\/p>\n<p style=\"text-align: justify;\"><span style=\"font-size: 8pt;\"><em>L\u00e1mpara procedente del palacio de los Duques de Sevillano en Vic\u00e1lvaro, trasladada al castillo de los Marqueses de la Motilla en Almodovar del Rio (C\u00f3rdoba) en 2023.<\/em><\/span><\/p>\n<p style=\"text-align: justify;\">La tarde fue de cambiar opiniones con el marqu\u00e9s que con sus historias nos llen\u00f3 muchas horas de los dos d\u00edas.<\/p>\n<p style=\"text-align: justify;\">Al d\u00eda siguiente visitamos las oficinas del asesor-contable del Marqu\u00e9s, d\u00f3nde, de nuevo pudimos acceder a cientos de documentos relacionados con los Sevillano y en especial con la herencia de Mar\u00eda Diega, la nieta del prime Duque de Sevillano. Nos volvi\u00f3 a sorprender la multitud de documentos originales conservados y que nos ense\u00f1aron sin ninguna reserva, base de la distribuci\u00f3n de la fabulosa herencia que dej\u00f3 Mar\u00eda Diega y que tantos problemas existieron para su reparto.<\/p>\n<p style=\"text-align: justify;\">Por la tarde, de nuevo el AVE nos trajo a Madrid, a donde regresamos con la idea de haber sido recibidos magn\u00edficamente por el marqu\u00e9s, su familia y empleados, con la satisfacci\u00f3n de haber encontrado una fuente de investigaci\u00f3n dif\u00edcil de abarcar. \u00a1L\u00e1stima no haber tenido unas cuantas horas m\u00e1s de tiempo para fotografiar m\u00e1s y m\u00e1s documentos!, y poder seguir investig\u00e1ndolos.<\/p>\n<p style=\"text-align: justify;\">Agust\u00edn Fern\u00e1ndez y Valent\u00edn Gonz\u00e1lez<\/p>\n","protected":false},"excerpt":{"rendered":"<p>Al amanecer del d\u00eda 6 de septiembre del pasado a\u00f1o 2022 el AVE nos llev\u00f3 a Sevilla, a donde, previamente concertado con el marqu\u00e9s de la Motilla, hab\u00edamos previsto trasladarnos para investigar y ampliar datos para Vicus Albus acerca de la vicalvare\u00f1a familia Sevillano en su palacio. Una vez all\u00ed, llamamos al marqu\u00e9s que raudo &hellip; <\/p>\n<p class=\"link-more\"><a href=\"https:\/\/vicusalbus.org\/?p=199\" class=\"more-link\">Leer m\u00e1s<span class=\"screen-reader-text\"> \u00abVisita al palacio del Marqu\u00e9s de la Motilla\u00bb<\/span><\/a><\/p>\n","protected":false},"author":2,"featured_media":0,"comment_status":"open","ping_status":"open","sticky":true,"template":"","format":"standard","meta":{"two_page_speed":[],"footnotes":""},"categories":[30],"tags":[88,89,82],"class_list":["post-199","post","type-post","status-publish","format-standard","hentry","category-noticias-de-2022","tag-duque-de-sevillano","tag-marques-de-la-motilla-miguel-solis","tag-palacio"],"yoast_head":"<!-- This site is optimized with the Yoast SEO plugin v27.5 - https:\/\/yoast.com\/product\/yoast-seo-wordpress\/ -->\n<title>Visita al palacio del Marqu\u00e9s de la Motilla - Asociaci\u00f3n Vicus Albus<\/title>\n<meta name=\"robots\" content=\"index, follow, max-snippet:-1, max-image-preview:large, max-video-preview:-1\" \/>\n<link rel=\"canonical\" href=\"https:\/\/vicusalbus.org\/?p=199\" \/>\n<meta property=\"og:locale\" content=\"es_ES\" \/>\n<meta property=\"og:type\" content=\"article\" \/>\n<meta property=\"og:title\" content=\"Visita al palacio del Marqu\u00e9s de la Motilla - Asociaci\u00f3n Vicus Albus\" \/>\n<meta property=\"og:description\" content=\"Al amanecer del d\u00eda 6 de septiembre del pasado a\u00f1o 2022 el AVE nos llev\u00f3 a Sevilla, a donde, previamente concertado con el marqu\u00e9s de la Motilla, hab\u00edamos previsto trasladarnos para investigar y ampliar datos para Vicus Albus acerca de la vicalvare\u00f1a familia Sevillano en su palacio. Una vez all\u00ed, llamamos al marqu\u00e9s que raudo &hellip; Leer m\u00e1s \u00abVisita al palacio del Marqu\u00e9s de la Motilla\u00bb\" \/>\n<meta property=\"og:url\" content=\"https:\/\/vicusalbus.org\/?p=199\" \/>\n<meta property=\"og:site_name\" content=\"Asociaci\u00f3n Vicus Albus\" \/>\n<meta property=\"article:published_time\" content=\"2022-09-10T16:35:42+00:00\" \/>\n<meta property=\"article:modified_time\" content=\"2024-10-04T20:35:26+00:00\" \/>\n<meta name=\"author\" content=\"Vicus Albus\" \/>\n<meta name=\"twitter:card\" content=\"summary_large_image\" \/>\n<meta name=\"twitter:label1\" content=\"Escrito por\" \/>\n\t<meta name=\"twitter:data1\" content=\"Vicus Albus\" \/>\n\t<meta name=\"twitter:label2\" content=\"Tiempo de lectura\" \/>\n\t<meta name=\"twitter:data2\" content=\"3 minutos\" \/>\n<script type=\"application\/ld+json\" class=\"yoast-schema-graph\">{\"@context\":\"https:\\\/\\\/schema.org\",\"@graph\":[{\"@type\":\"Article\",\"@id\":\"https:\\\/\\\/vicusalbus.org\\\/?p=199#article\",\"isPartOf\":{\"@id\":\"https:\\\/\\\/vicusalbus.org\\\/?p=199\"},\"author\":{\"name\":\"Vicus Albus\",\"@id\":\"https:\\\/\\\/vicusalbus.org\\\/#\\\/schema\\\/person\\\/0f457e642a2752fe3866b4bd8949205b\"},\"headline\":\"Visita al palacio del Marqu\u00e9s de la Motilla\",\"datePublished\":\"2022-09-10T16:35:42+00:00\",\"dateModified\":\"2024-10-04T20:35:26+00:00\",\"mainEntityOfPage\":{\"@id\":\"https:\\\/\\\/vicusalbus.org\\\/?p=199\"},\"wordCount\":557,\"commentCount\":0,\"publisher\":{\"@id\":\"https:\\\/\\\/vicusalbus.org\\\/#organization\"},\"keywords\":[\"Duque de Sevillano\",\"Marques de la Motilla. Miguel Sol\u00eds\",\"Palacio\"],\"articleSection\":[\"Noticias de 2022\"],\"inLanguage\":\"es\",\"potentialAction\":[{\"@type\":\"CommentAction\",\"name\":\"Comment\",\"target\":[\"https:\\\/\\\/vicusalbus.org\\\/?p=199#respond\"]}]},{\"@type\":\"WebPage\",\"@id\":\"https:\\\/\\\/vicusalbus.org\\\/?p=199\",\"url\":\"https:\\\/\\\/vicusalbus.org\\\/?p=199\",\"name\":\"Visita al palacio del Marqu\u00e9s de la Motilla - Asociaci\u00f3n Vicus Albus\",\"isPartOf\":{\"@id\":\"https:\\\/\\\/vicusalbus.org\\\/#website\"},\"datePublished\":\"2022-09-10T16:35:42+00:00\",\"dateModified\":\"2024-10-04T20:35:26+00:00\",\"breadcrumb\":{\"@id\":\"https:\\\/\\\/vicusalbus.org\\\/?p=199#breadcrumb\"},\"inLanguage\":\"es\",\"potentialAction\":[{\"@type\":\"ReadAction\",\"target\":[\"https:\\\/\\\/vicusalbus.org\\\/?p=199\"]}]},{\"@type\":\"BreadcrumbList\",\"@id\":\"https:\\\/\\\/vicusalbus.org\\\/?p=199#breadcrumb\",\"itemListElement\":[{\"@type\":\"ListItem\",\"position\":1,\"name\":\"Portada\",\"item\":\"https:\\\/\\\/vicusalbus.org\\\/\"},{\"@type\":\"ListItem\",\"position\":2,\"name\":\"Visita al palacio del Marqu\u00e9s de la Motilla\"}]},{\"@type\":\"WebSite\",\"@id\":\"https:\\\/\\\/vicusalbus.org\\\/#website\",\"url\":\"https:\\\/\\\/vicusalbus.org\\\/\",\"name\":\"Asociaci\u00f3n Vicus Albus\",\"description\":\"\",\"publisher\":{\"@id\":\"https:\\\/\\\/vicusalbus.org\\\/#organization\"},\"potentialAction\":[{\"@type\":\"SearchAction\",\"target\":{\"@type\":\"EntryPoint\",\"urlTemplate\":\"https:\\\/\\\/vicusalbus.org\\\/?s={search_term_string}\"},\"query-input\":{\"@type\":\"PropertyValueSpecification\",\"valueRequired\":true,\"valueName\":\"search_term_string\"}}],\"inLanguage\":\"es\"},{\"@type\":\"Organization\",\"@id\":\"https:\\\/\\\/vicusalbus.org\\\/#organization\",\"name\":\"Asociaci\u00f3n Vicus Albus\",\"url\":\"https:\\\/\\\/vicusalbus.org\\\/\",\"logo\":{\"@type\":\"ImageObject\",\"inLanguage\":\"es\",\"@id\":\"https:\\\/\\\/vicusalbus.org\\\/#\\\/schema\\\/logo\\\/image\\\/\",\"url\":\"https:\\\/\\\/vicusalbus.org\\\/wp-content\\\/uploads\\\/2024\\\/06\\\/cropped-logo_oficial_vicus.jpg\",\"contentUrl\":\"https:\\\/\\\/vicusalbus.org\\\/wp-content\\\/uploads\\\/2024\\\/06\\\/cropped-logo_oficial_vicus.jpg\",\"width\":496,\"height\":100,\"caption\":\"Asociaci\u00f3n Vicus Albus\"},\"image\":{\"@id\":\"https:\\\/\\\/vicusalbus.org\\\/#\\\/schema\\\/logo\\\/image\\\/\"}},{\"@type\":\"Person\",\"@id\":\"https:\\\/\\\/vicusalbus.org\\\/#\\\/schema\\\/person\\\/0f457e642a2752fe3866b4bd8949205b\",\"name\":\"Vicus Albus\",\"image\":{\"@type\":\"ImageObject\",\"inLanguage\":\"es\",\"@id\":\"https:\\\/\\\/secure.gravatar.com\\\/avatar\\\/feb2a4b4ce1c54eafcc6886aa4ecbed6f4c5da2acff48eebe049931f3265aad8?s=96&d=mm&r=g\",\"url\":\"https:\\\/\\\/secure.gravatar.com\\\/avatar\\\/feb2a4b4ce1c54eafcc6886aa4ecbed6f4c5da2acff48eebe049931f3265aad8?s=96&d=mm&r=g\",\"contentUrl\":\"https:\\\/\\\/secure.gravatar.com\\\/avatar\\\/feb2a4b4ce1c54eafcc6886aa4ecbed6f4c5da2acff48eebe049931f3265aad8?s=96&d=mm&r=g\",\"caption\":\"Vicus Albus\"},\"url\":\"https:\\\/\\\/vicusalbus.org\\\/?author=2\"}]}<\/script>\n<!-- \/ Yoast SEO plugin. -->","yoast_head_json":{"title":"Visita al palacio del Marqu\u00e9s de la Motilla - Asociaci\u00f3n Vicus Albus","robots":{"index":"index","follow":"follow","max-snippet":"max-snippet:-1","max-image-preview":"max-image-preview:large","max-video-preview":"max-video-preview:-1"},"canonical":"https:\/\/vicusalbus.org\/?p=199","og_locale":"es_ES","og_type":"article","og_title":"Visita al palacio del Marqu\u00e9s de la Motilla - Asociaci\u00f3n Vicus Albus","og_description":"Al amanecer del d\u00eda 6 de septiembre del pasado a\u00f1o 2022 el AVE nos llev\u00f3 a Sevilla, a donde, previamente concertado con el marqu\u00e9s de la Motilla, hab\u00edamos previsto trasladarnos para investigar y ampliar datos para Vicus Albus acerca de la vicalvare\u00f1a familia Sevillano en su palacio. Una vez all\u00ed, llamamos al marqu\u00e9s que raudo &hellip; Leer m\u00e1s \u00abVisita al palacio del Marqu\u00e9s de la Motilla\u00bb","og_url":"https:\/\/vicusalbus.org\/?p=199","og_site_name":"Asociaci\u00f3n Vicus Albus","article_published_time":"2022-09-10T16:35:42+00:00","article_modified_time":"2024-10-04T20:35:26+00:00","author":"Vicus Albus","twitter_card":"summary_large_image","twitter_misc":{"Escrito por":"Vicus Albus","Tiempo de lectura":"3 minutos"},"schema":{"@context":"https:\/\/schema.org","@graph":[{"@type":"Article","@id":"https:\/\/vicusalbus.org\/?p=199#article","isPartOf":{"@id":"https:\/\/vicusalbus.org\/?p=199"},"author":{"name":"Vicus Albus","@id":"https:\/\/vicusalbus.org\/#\/schema\/person\/0f457e642a2752fe3866b4bd8949205b"},"headline":"Visita al palacio del Marqu\u00e9s de la Motilla","datePublished":"2022-09-10T16:35:42+00:00","dateModified":"2024-10-04T20:35:26+00:00","mainEntityOfPage":{"@id":"https:\/\/vicusalbus.org\/?p=199"},"wordCount":557,"commentCount":0,"publisher":{"@id":"https:\/\/vicusalbus.org\/#organization"},"keywords":["Duque de Sevillano","Marques de la Motilla. Miguel Sol\u00eds","Palacio"],"articleSection":["Noticias de 2022"],"inLanguage":"es","potentialAction":[{"@type":"CommentAction","name":"Comment","target":["https:\/\/vicusalbus.org\/?p=199#respond"]}]},{"@type":"WebPage","@id":"https:\/\/vicusalbus.org\/?p=199","url":"https:\/\/vicusalbus.org\/?p=199","name":"Visita al palacio del Marqu\u00e9s de la Motilla - Asociaci\u00f3n Vicus Albus","isPartOf":{"@id":"https:\/\/vicusalbus.org\/#website"},"datePublished":"2022-09-10T16:35:42+00:00","dateModified":"2024-10-04T20:35:26+00:00","breadcrumb":{"@id":"https:\/\/vicusalbus.org\/?p=199#breadcrumb"},"inLanguage":"es","potentialAction":[{"@type":"ReadAction","target":["https:\/\/vicusalbus.org\/?p=199"]}]},{"@type":"BreadcrumbList","@id":"https:\/\/vicusalbus.org\/?p=199#breadcrumb","itemListElement":[{"@type":"ListItem","position":1,"name":"Portada","item":"https:\/\/vicusalbus.org\/"},{"@type":"ListItem","position":2,"name":"Visita al palacio del Marqu\u00e9s de la Motilla"}]},{"@type":"WebSite","@id":"https:\/\/vicusalbus.org\/#website","url":"https:\/\/vicusalbus.org\/","name":"Asociaci\u00f3n Vicus Albus","description":"","publisher":{"@id":"https:\/\/vicusalbus.org\/#organization"},"potentialAction":[{"@type":"SearchAction","target":{"@type":"EntryPoint","urlTemplate":"https:\/\/vicusalbus.org\/?s={search_term_string}"},"query-input":{"@type":"PropertyValueSpecification","valueRequired":true,"valueName":"search_term_string"}}],"inLanguage":"es"},{"@type":"Organization","@id":"https:\/\/vicusalbus.org\/#organization","name":"Asociaci\u00f3n Vicus Albus","url":"https:\/\/vicusalbus.org\/","logo":{"@type":"ImageObject","inLanguage":"es","@id":"https:\/\/vicusalbus.org\/#\/schema\/logo\/image\/","url":"https:\/\/vicusalbus.org\/wp-content\/uploads\/2024\/06\/cropped-logo_oficial_vicus.jpg","contentUrl":"https:\/\/vicusalbus.org\/wp-content\/uploads\/2024\/06\/cropped-logo_oficial_vicus.jpg","width":496,"height":100,"caption":"Asociaci\u00f3n Vicus Albus"},"image":{"@id":"https:\/\/vicusalbus.org\/#\/schema\/logo\/image\/"}},{"@type":"Person","@id":"https:\/\/vicusalbus.org\/#\/schema\/person\/0f457e642a2752fe3866b4bd8949205b","name":"Vicus Albus","image":{"@type":"ImageObject","inLanguage":"es","@id":"https:\/\/secure.gravatar.com\/avatar\/feb2a4b4ce1c54eafcc6886aa4ecbed6f4c5da2acff48eebe049931f3265aad8?s=96&d=mm&r=g","url":"https:\/\/secure.gravatar.com\/avatar\/feb2a4b4ce1c54eafcc6886aa4ecbed6f4c5da2acff48eebe049931f3265aad8?s=96&d=mm&r=g","contentUrl":"https:\/\/secure.gravatar.com\/avatar\/feb2a4b4ce1c54eafcc6886aa4ecbed6f4c5da2acff48eebe049931f3265aad8?s=96&d=mm&r=g","caption":"Vicus Albus"},"url":"https:\/\/vicusalbus.org\/?author=2"}]}},"_links":{"self":[{"href":"https:\/\/vicusalbus.org\/index.php?rest_route=\/wp\/v2\/posts\/199","targetHints":{"allow":["GET"]}}],"collection":[{"href":"https:\/\/vicusalbus.org\/index.php?rest_route=\/wp\/v2\/posts"}],"about":[{"href":"https:\/\/vicusalbus.org\/index.php?rest_route=\/wp\/v2\/types\/post"}],"author":[{"embeddable":true,"href":"https:\/\/vicusalbus.org\/index.php?rest_route=\/wp\/v2\/users\/2"}],"replies":[{"embeddable":true,"href":"https:\/\/vicusalbus.org\/index.php?rest_route=%2Fwp%2Fv2%2Fcomments&post=199"}],"version-history":[{"count":1,"href":"https:\/\/vicusalbus.org\/index.php?rest_route=\/wp\/v2\/posts\/199\/revisions"}],"predecessor-version":[{"id":992,"href":"https:\/\/vicusalbus.org\/index.php?rest_route=\/wp\/v2\/posts\/199\/revisions\/992"}],"wp:attachment":[{"href":"https:\/\/vicusalbus.org\/index.php?rest_route=%2Fwp%2Fv2%2Fmedia&parent=199"}],"wp:term":[{"taxonomy":"category","embeddable":true,"href":"https:\/\/vicusalbus.org\/index.php?rest_route=%2Fwp%2Fv2%2Fcategories&post=199"},{"taxonomy":"post_tag","embeddable":true,"href":"https:\/\/vicusalbus.org\/index.php?rest_route=%2Fwp%2Fv2%2Ftags&post=199"}],"curies":[{"name":"wp","href":"https:\/\/api.w.org\/{rel}","templated":true}]}}