{"id":4,"date":"2014-02-05T09:53:58","date_gmt":"2014-02-05T09:53:58","guid":{"rendered":"https:\/\/vicusalbus.org\/wordpress\/?p=4"},"modified":"2014-02-05T09:53:58","modified_gmt":"2014-02-05T09:53:58","slug":"bicentenario-del-cementerio-de-vicalvaro","status":"publish","type":"post","link":"https:\/\/vicusalbus.org\/?p=4","title":{"rendered":"Bicentenario del cementerio de Vic\u00e1lvaro"},"content":{"rendered":"<table border=\"0\" width=\"100%\" cellspacing=\"10\">\n<tbody>\n<tr>\n<td align=\"center\">\n<p><img loading=\"lazy\" decoding=\"async\" title=\"Bicentenario del Cementerio de Vic\u00c3\u00a1lvaro\" src=\"images\/stories\/expo_cementerio.jpg\" alt=\"Exposici\u00c3\u00b3n sobre el Bicentenario del Cementerio de Vic\u00c3\u00a1lvaro\" width=\"450\" height=\"679\" border=\"0\" \/><\/p>\n<p>\u00a0<\/p>\n<\/td>\n<td align=\"center\" valign=\"top\">\n<p style=\"text-align: justify; padding-left: 30px;\">\u00a0<\/p>\n<p style=\"text-align: justify; padding-left: 30px;\">\u00a0<\/p>\n<p style=\"text-align: justify; padding-left: 30px;\">\u00a0\u00a0\u00a0\u00a0 El Pasado d\u00eda 4 de febrero de 2014 fue inaugurada la muestra organizada por Vicus Albus sobre el Cementerio Parroquial, con notable seguimiento por parte de los vecinos de Vic\u00e1lvaro, orgullosos de la solera que aun conserva su pueblo, gracias a la preservaci\u00f3n de sus ra\u00edces en algunos que se ha conseguido conservar como <em>&#8220;este cementerio de toda la vida<\/em>&#8220;.<\/p>\n<p style=\"text-align: justify;\">\u00a0\u00a0\u00a0<\/p>\n<table border=\"0\" width=\"100%\" cellspacing=\"10\">\n<tbody>\n<tr>\n<td align=\"center\"><img loading=\"lazy\" decoding=\"async\" src=\"images\/stories\/Cementerio_2014d.jpg\" alt=\"\" width=\"340\" height=\"257\" border=\"0\" \/><\/td>\n<\/tr>\n<\/tbody>\n<\/table>\n<\/td>\n<\/tr>\n<\/tbody>\n<\/table>\n<p>\u00a0<\/p>\n<table style=\"width: 95%;\" border=\"0\" cellspacing=\"10\">\n<tbody>\n<tr>\n<td rowspan=\"2\" align=\"center\" valign=\"top\">\n<p><img decoding=\"async\" src=\"images\/stories\/cementerio_2014b.jpg\" alt=\"\" border=\"0\" \/><\/p>\n<p style=\"text-align: center;\"><img loading=\"lazy\" decoding=\"async\" src=\"images\/stories\/Cementerio_2014c.jpg\" width=\"400\" height=\"300\" border=\"0\" \/><\/p>\n<\/td>\n<td style=\"text-align: justify; padding-left: 30px; width: 51.6003%;\" rowspan=\"2\" valign=\"top\">\n<p style=\"padding-left: 30px;\">\u00a0\u00a0\u00a0\u00a0 En este a\u00f1o, 2014 , se cumplen 200 a\u00f1os de la construcci\u00f3n del cementerio parroquial de Vic\u00e1lvaro, por este motivo desde la Asociaci\u00f3n Vicus Albus junto con la Parroquia de Santa Mar\u00eda la Antigua, hemos preparado una exposici\u00f3n que muestre a los vecinos la historia de nuestro cementerio desde su construcci\u00f3n hasta nuestros d\u00edas.<\/p>\n<p style=\"padding-left: 30px;\">\u00a0 \u00a0 El primer enterramiento se realiz\u00f3 el 4 de febrero de 1814 en el cementerio ventilado, cerca de la ermita de Soledad, esta fecha marca un hito central en la historia del pueblo de Vic\u00e1lvaro, ya que a partir de esa fecha cambio el lugar donde deb\u00edan enterrar a las personas. As\u00ed, a partir de esta fecha se prohibi\u00f3 que se continuara enterrando en el interior de la iglesia o en el campo contiguo a ella, hecho que refleja las ideas ilustradas de la \u00e9poca y el concepto de higiene p\u00fablica.<\/p>\n<p style=\"padding-left: 30px;\">\u00a0\u00a0\u00a0 El lugar donde vivimos, y el lugar donde yacemos cuando morimos pueden ser claros testimonios de una sociedad. Analizar estos espacios y conocer c\u00f3mo se construyen, las dimensiones y distribuci\u00f3n dadas, los materiales utilizados, los elementos simb\u00f3licos que a\u00f1adimos, el cuidado que le damos para mantenerlos, nos est\u00e1n comunicando importante informaci\u00f3n acerca de nosotros, de c\u00f3mo somos, qu\u00e9 pensamos, c\u00f3mo evolucionamos&#8230;<\/p>\n<p style=\"padding-left: 30px;\">\u00a0\u00a0\u00a0Un lugar hist\u00f3rico para nuestros muertos y para preservar nuestra memoria como comunidad. Por ellos, os invitamos a celebrar el bicentenario del Cementerio Parroquial Santa Mar\u00eda la Antigua, se trata de un acontecimiento que vale la pena recordar e incluso celebrar, ya que no s\u00f3lo es testigo del paso del tiempo y de las vicisitudes de la historia, sino tambi\u00e9n porque contiene los restos de sus protagonistas. Un n\u00famero relevante de vicalvare\u00f1os yacen aqu\u00ed.<\/p>\n<p>\u00a0<\/td>\n<\/tr>\n<\/tbody>\n<\/table>\n","protected":false},"excerpt":{"rendered":"<p>\u00a0 \u00a0 \u00a0 \u00a0\u00a0\u00a0\u00a0 El Pasado d\u00eda 4 de febrero de 2014 fue inaugurada la muestra organizada por Vicus Albus sobre el Cementerio Parroquial, con notable seguimiento por parte de los vecinos de Vic\u00e1lvaro, orgullosos de la solera que aun conserva su pueblo, gracias a la preservaci\u00f3n de sus ra\u00edces en algunos que se ha &hellip; <\/p>\n<p class=\"link-more\"><a href=\"https:\/\/vicusalbus.org\/?p=4\" class=\"more-link\">Leer m\u00e1s<span class=\"screen-reader-text\"> \u00abBicentenario del cementerio de Vic\u00e1lvaro\u00bb<\/span><\/a><\/p>\n","protected":false},"author":1,"featured_media":0,"comment_status":"open","ping_status":"open","sticky":false,"template":"","format":"standard","meta":{"two_page_speed":[],"footnotes":""},"categories":[6],"tags":[40,34,47,45,41,42,38,49,48,43,35,46,36,39,33,37,44],"class_list":["post-4","post","type-post","status-publish","format-standard","hentry","category-noticias-2014","tag-ahumaos","tag-ambroz","tag-capitan-guiloche","tag-cementerio-mas-antiguo-de-madrid","tag-condesa-vega-del-pozo","tag-diaz-pimienta","tag-duque-del-sevillano","tag-escarbassierre","tag-historia-de-vicalvaro","tag-juan-sevillano","tag-la-torre","tag-madrid-davila","tag-santa-maria-la-antigua","tag-vicalvarada","tag-vicalvaro","tag-virgen-de-la-antigua","tag-virgen-de-la-torre"],"yoast_head":"<!-- This site is optimized with the Yoast SEO plugin v27.5 - https:\/\/yoast.com\/product\/yoast-seo-wordpress\/ -->\n<title>Bicentenario del cementerio de Vic\u00e1lvaro - Asociaci\u00f3n Vicus Albus<\/title>\n<meta name=\"robots\" content=\"index, follow, max-snippet:-1, max-image-preview:large, max-video-preview:-1\" \/>\n<link rel=\"canonical\" href=\"https:\/\/vicusalbus.org\/?p=4\" \/>\n<meta property=\"og:locale\" content=\"es_ES\" \/>\n<meta property=\"og:type\" content=\"article\" \/>\n<meta property=\"og:title\" content=\"Bicentenario del cementerio de Vic\u00e1lvaro - Asociaci\u00f3n Vicus Albus\" \/>\n<meta property=\"og:description\" content=\"\u00a0 \u00a0 \u00a0 \u00a0\u00a0\u00a0\u00a0 El Pasado d\u00eda 4 de febrero de 2014 fue inaugurada la muestra organizada por Vicus Albus sobre el Cementerio Parroquial, con notable seguimiento por parte de los vecinos de Vic\u00e1lvaro, orgullosos de la solera que aun conserva su pueblo, gracias a la preservaci\u00f3n de sus ra\u00edces en algunos que se ha &hellip; Leer m\u00e1s \u00abBicentenario del cementerio de Vic\u00e1lvaro\u00bb\" \/>\n<meta property=\"og:url\" content=\"https:\/\/vicusalbus.org\/?p=4\" \/>\n<meta property=\"og:site_name\" content=\"Asociaci\u00f3n Vicus Albus\" \/>\n<meta property=\"article:published_time\" content=\"2014-02-05T09:53:58+00:00\" \/>\n<meta name=\"author\" content=\"admin\" \/>\n<meta name=\"twitter:card\" content=\"summary_large_image\" \/>\n<meta name=\"twitter:label1\" content=\"Escrito por\" \/>\n\t<meta name=\"twitter:data1\" content=\"admin\" \/>\n\t<meta name=\"twitter:label2\" content=\"Tiempo de lectura\" \/>\n\t<meta name=\"twitter:data2\" content=\"2 minutos\" \/>\n<script type=\"application\/ld+json\" class=\"yoast-schema-graph\">{\"@context\":\"https:\\\/\\\/schema.org\",\"@graph\":[{\"@type\":\"Article\",\"@id\":\"https:\\\/\\\/vicusalbus.org\\\/?p=4#article\",\"isPartOf\":{\"@id\":\"https:\\\/\\\/vicusalbus.org\\\/?p=4\"},\"author\":{\"name\":\"admin\",\"@id\":\"https:\\\/\\\/vicusalbus.org\\\/#\\\/schema\\\/person\\\/fb1ad2db921f1224bf9b110df3ea0380\"},\"headline\":\"Bicentenario del cementerio de Vic\u00e1lvaro\",\"datePublished\":\"2014-02-05T09:53:58+00:00\",\"mainEntityOfPage\":{\"@id\":\"https:\\\/\\\/vicusalbus.org\\\/?p=4\"},\"wordCount\":368,\"commentCount\":0,\"publisher\":{\"@id\":\"https:\\\/\\\/vicusalbus.org\\\/#organization\"},\"keywords\":[\"Ahumaos\",\"Ambroz\",\"Capit\u00e1n Guiloche\",\"cementerio m\u00e1s antiguo de Madrid\",\"Condesa Vega del Pozo\",\"Diaz Pimienta\",\"Duque del Sevillano\",\"Escarbassierre\",\"Historia de Vic\u00e1lvaro\",\"Juan Sevillano\",\"La Torre\",\"Madrid-D\u00e1vila\",\"Santa Mar\u00eda la Antigua\",\"Vicalvarada\",\"Vic\u00e1lvaro\",\"Virgen de la Antigua\",\"Virgen de la Torre\"],\"articleSection\":[\"Noticias de 2014\"],\"inLanguage\":\"es\",\"potentialAction\":[{\"@type\":\"CommentAction\",\"name\":\"Comment\",\"target\":[\"https:\\\/\\\/vicusalbus.org\\\/?p=4#respond\"]}]},{\"@type\":\"WebPage\",\"@id\":\"https:\\\/\\\/vicusalbus.org\\\/?p=4\",\"url\":\"https:\\\/\\\/vicusalbus.org\\\/?p=4\",\"name\":\"Bicentenario del cementerio de Vic\u00e1lvaro - Asociaci\u00f3n Vicus Albus\",\"isPartOf\":{\"@id\":\"https:\\\/\\\/vicusalbus.org\\\/#website\"},\"datePublished\":\"2014-02-05T09:53:58+00:00\",\"breadcrumb\":{\"@id\":\"https:\\\/\\\/vicusalbus.org\\\/?p=4#breadcrumb\"},\"inLanguage\":\"es\",\"potentialAction\":[{\"@type\":\"ReadAction\",\"target\":[\"https:\\\/\\\/vicusalbus.org\\\/?p=4\"]}]},{\"@type\":\"BreadcrumbList\",\"@id\":\"https:\\\/\\\/vicusalbus.org\\\/?p=4#breadcrumb\",\"itemListElement\":[{\"@type\":\"ListItem\",\"position\":1,\"name\":\"Portada\",\"item\":\"https:\\\/\\\/vicusalbus.org\\\/\"},{\"@type\":\"ListItem\",\"position\":2,\"name\":\"Bicentenario del cementerio de Vic\u00e1lvaro\"}]},{\"@type\":\"WebSite\",\"@id\":\"https:\\\/\\\/vicusalbus.org\\\/#website\",\"url\":\"https:\\\/\\\/vicusalbus.org\\\/\",\"name\":\"Asociaci\u00f3n Vicus Albus\",\"description\":\"\",\"publisher\":{\"@id\":\"https:\\\/\\\/vicusalbus.org\\\/#organization\"},\"potentialAction\":[{\"@type\":\"SearchAction\",\"target\":{\"@type\":\"EntryPoint\",\"urlTemplate\":\"https:\\\/\\\/vicusalbus.org\\\/?s={search_term_string}\"},\"query-input\":{\"@type\":\"PropertyValueSpecification\",\"valueRequired\":true,\"valueName\":\"search_term_string\"}}],\"inLanguage\":\"es\"},{\"@type\":\"Organization\",\"@id\":\"https:\\\/\\\/vicusalbus.org\\\/#organization\",\"name\":\"Asociaci\u00f3n Vicus Albus\",\"url\":\"https:\\\/\\\/vicusalbus.org\\\/\",\"logo\":{\"@type\":\"ImageObject\",\"inLanguage\":\"es\",\"@id\":\"https:\\\/\\\/vicusalbus.org\\\/#\\\/schema\\\/logo\\\/image\\\/\",\"url\":\"https:\\\/\\\/vicusalbus.org\\\/wp-content\\\/uploads\\\/2024\\\/06\\\/cropped-logo_oficial_vicus.jpg\",\"contentUrl\":\"https:\\\/\\\/vicusalbus.org\\\/wp-content\\\/uploads\\\/2024\\\/06\\\/cropped-logo_oficial_vicus.jpg\",\"width\":496,\"height\":100,\"caption\":\"Asociaci\u00f3n Vicus Albus\"},\"image\":{\"@id\":\"https:\\\/\\\/vicusalbus.org\\\/#\\\/schema\\\/logo\\\/image\\\/\"}},{\"@type\":\"Person\",\"@id\":\"https:\\\/\\\/vicusalbus.org\\\/#\\\/schema\\\/person\\\/fb1ad2db921f1224bf9b110df3ea0380\",\"name\":\"admin\",\"image\":{\"@type\":\"ImageObject\",\"inLanguage\":\"es\",\"@id\":\"https:\\\/\\\/secure.gravatar.com\\\/avatar\\\/6dad5268b41262db617445641361944c505a46b24ee0cec33d7678d3a4ef18ee?s=96&d=mm&r=g\",\"url\":\"https:\\\/\\\/secure.gravatar.com\\\/avatar\\\/6dad5268b41262db617445641361944c505a46b24ee0cec33d7678d3a4ef18ee?s=96&d=mm&r=g\",\"contentUrl\":\"https:\\\/\\\/secure.gravatar.com\\\/avatar\\\/6dad5268b41262db617445641361944c505a46b24ee0cec33d7678d3a4ef18ee?s=96&d=mm&r=g\",\"caption\":\"admin\"},\"sameAs\":[\"https:\\\/\\\/vicusalbus.org\\\/wordpress\\\/wordpress\"],\"url\":\"https:\\\/\\\/vicusalbus.org\\\/?author=1\"}]}<\/script>\n<!-- \/ Yoast SEO plugin. -->","yoast_head_json":{"title":"Bicentenario del cementerio de Vic\u00e1lvaro - Asociaci\u00f3n Vicus Albus","robots":{"index":"index","follow":"follow","max-snippet":"max-snippet:-1","max-image-preview":"max-image-preview:large","max-video-preview":"max-video-preview:-1"},"canonical":"https:\/\/vicusalbus.org\/?p=4","og_locale":"es_ES","og_type":"article","og_title":"Bicentenario del cementerio de Vic\u00e1lvaro - Asociaci\u00f3n Vicus Albus","og_description":"\u00a0 \u00a0 \u00a0 \u00a0\u00a0\u00a0\u00a0 El Pasado d\u00eda 4 de febrero de 2014 fue inaugurada la muestra organizada por Vicus Albus sobre el Cementerio Parroquial, con notable seguimiento por parte de los vecinos de Vic\u00e1lvaro, orgullosos de la solera que aun conserva su pueblo, gracias a la preservaci\u00f3n de sus ra\u00edces en algunos que se ha &hellip; Leer m\u00e1s \u00abBicentenario del cementerio de Vic\u00e1lvaro\u00bb","og_url":"https:\/\/vicusalbus.org\/?p=4","og_site_name":"Asociaci\u00f3n Vicus Albus","article_published_time":"2014-02-05T09:53:58+00:00","author":"admin","twitter_card":"summary_large_image","twitter_misc":{"Escrito por":"admin","Tiempo de lectura":"2 minutos"},"schema":{"@context":"https:\/\/schema.org","@graph":[{"@type":"Article","@id":"https:\/\/vicusalbus.org\/?p=4#article","isPartOf":{"@id":"https:\/\/vicusalbus.org\/?p=4"},"author":{"name":"admin","@id":"https:\/\/vicusalbus.org\/#\/schema\/person\/fb1ad2db921f1224bf9b110df3ea0380"},"headline":"Bicentenario del cementerio de Vic\u00e1lvaro","datePublished":"2014-02-05T09:53:58+00:00","mainEntityOfPage":{"@id":"https:\/\/vicusalbus.org\/?p=4"},"wordCount":368,"commentCount":0,"publisher":{"@id":"https:\/\/vicusalbus.org\/#organization"},"keywords":["Ahumaos","Ambroz","Capit\u00e1n Guiloche","cementerio m\u00e1s antiguo de Madrid","Condesa Vega del Pozo","Diaz Pimienta","Duque del Sevillano","Escarbassierre","Historia de Vic\u00e1lvaro","Juan Sevillano","La Torre","Madrid-D\u00e1vila","Santa Mar\u00eda la Antigua","Vicalvarada","Vic\u00e1lvaro","Virgen de la Antigua","Virgen de la Torre"],"articleSection":["Noticias de 2014"],"inLanguage":"es","potentialAction":[{"@type":"CommentAction","name":"Comment","target":["https:\/\/vicusalbus.org\/?p=4#respond"]}]},{"@type":"WebPage","@id":"https:\/\/vicusalbus.org\/?p=4","url":"https:\/\/vicusalbus.org\/?p=4","name":"Bicentenario del cementerio de Vic\u00e1lvaro - Asociaci\u00f3n Vicus Albus","isPartOf":{"@id":"https:\/\/vicusalbus.org\/#website"},"datePublished":"2014-02-05T09:53:58+00:00","breadcrumb":{"@id":"https:\/\/vicusalbus.org\/?p=4#breadcrumb"},"inLanguage":"es","potentialAction":[{"@type":"ReadAction","target":["https:\/\/vicusalbus.org\/?p=4"]}]},{"@type":"BreadcrumbList","@id":"https:\/\/vicusalbus.org\/?p=4#breadcrumb","itemListElement":[{"@type":"ListItem","position":1,"name":"Portada","item":"https:\/\/vicusalbus.org\/"},{"@type":"ListItem","position":2,"name":"Bicentenario del cementerio de Vic\u00e1lvaro"}]},{"@type":"WebSite","@id":"https:\/\/vicusalbus.org\/#website","url":"https:\/\/vicusalbus.org\/","name":"Asociaci\u00f3n Vicus Albus","description":"","publisher":{"@id":"https:\/\/vicusalbus.org\/#organization"},"potentialAction":[{"@type":"SearchAction","target":{"@type":"EntryPoint","urlTemplate":"https:\/\/vicusalbus.org\/?s={search_term_string}"},"query-input":{"@type":"PropertyValueSpecification","valueRequired":true,"valueName":"search_term_string"}}],"inLanguage":"es"},{"@type":"Organization","@id":"https:\/\/vicusalbus.org\/#organization","name":"Asociaci\u00f3n Vicus Albus","url":"https:\/\/vicusalbus.org\/","logo":{"@type":"ImageObject","inLanguage":"es","@id":"https:\/\/vicusalbus.org\/#\/schema\/logo\/image\/","url":"https:\/\/vicusalbus.org\/wp-content\/uploads\/2024\/06\/cropped-logo_oficial_vicus.jpg","contentUrl":"https:\/\/vicusalbus.org\/wp-content\/uploads\/2024\/06\/cropped-logo_oficial_vicus.jpg","width":496,"height":100,"caption":"Asociaci\u00f3n Vicus Albus"},"image":{"@id":"https:\/\/vicusalbus.org\/#\/schema\/logo\/image\/"}},{"@type":"Person","@id":"https:\/\/vicusalbus.org\/#\/schema\/person\/fb1ad2db921f1224bf9b110df3ea0380","name":"admin","image":{"@type":"ImageObject","inLanguage":"es","@id":"https:\/\/secure.gravatar.com\/avatar\/6dad5268b41262db617445641361944c505a46b24ee0cec33d7678d3a4ef18ee?s=96&d=mm&r=g","url":"https:\/\/secure.gravatar.com\/avatar\/6dad5268b41262db617445641361944c505a46b24ee0cec33d7678d3a4ef18ee?s=96&d=mm&r=g","contentUrl":"https:\/\/secure.gravatar.com\/avatar\/6dad5268b41262db617445641361944c505a46b24ee0cec33d7678d3a4ef18ee?s=96&d=mm&r=g","caption":"admin"},"sameAs":["https:\/\/vicusalbus.org\/wordpress\/wordpress"],"url":"https:\/\/vicusalbus.org\/?author=1"}]}},"_links":{"self":[{"href":"https:\/\/vicusalbus.org\/index.php?rest_route=\/wp\/v2\/posts\/4","targetHints":{"allow":["GET"]}}],"collection":[{"href":"https:\/\/vicusalbus.org\/index.php?rest_route=\/wp\/v2\/posts"}],"about":[{"href":"https:\/\/vicusalbus.org\/index.php?rest_route=\/wp\/v2\/types\/post"}],"author":[{"embeddable":true,"href":"https:\/\/vicusalbus.org\/index.php?rest_route=\/wp\/v2\/users\/1"}],"replies":[{"embeddable":true,"href":"https:\/\/vicusalbus.org\/index.php?rest_route=%2Fwp%2Fv2%2Fcomments&post=4"}],"version-history":[{"count":0,"href":"https:\/\/vicusalbus.org\/index.php?rest_route=\/wp\/v2\/posts\/4\/revisions"}],"wp:attachment":[{"href":"https:\/\/vicusalbus.org\/index.php?rest_route=%2Fwp%2Fv2%2Fmedia&parent=4"}],"wp:term":[{"taxonomy":"category","embeddable":true,"href":"https:\/\/vicusalbus.org\/index.php?rest_route=%2Fwp%2Fv2%2Fcategories&post=4"},{"taxonomy":"post_tag","embeddable":true,"href":"https:\/\/vicusalbus.org\/index.php?rest_route=%2Fwp%2Fv2%2Ftags&post=4"}],"curies":[{"name":"wp","href":"https:\/\/api.w.org\/{rel}","templated":true}]}}