{"id":44,"date":"2010-08-28T14:04:25","date_gmt":"2010-08-28T14:04:25","guid":{"rendered":"https:\/\/vicusalbus.org\/wordpress\/?p=44"},"modified":"2010-08-28T14:04:25","modified_gmt":"2010-08-28T14:04:25","slug":"calle-de-los-tres-cantos","status":"publish","type":"post","link":"https:\/\/vicusalbus.org\/?p=44","title":{"rendered":"Calle de &#8220;Los Tres Cantos&#8221;"},"content":{"rendered":"<p>\u00a0<\/p>\n<table style=\"text-align: center;\" border=\"0\" width=\"537\">\n<tbody>\n<tr>\n<td>\n<p class=\"MsoNormal\" style=\"text-align: justify; line-height: 15.6pt; margin: 0cm 0cm 0pt; mso-margin-top-alt: auto; mso-margin-bottom-alt: auto;\">\u00a0\u00a0\u00a0 Una de las calles propuestas por esta entidad el pasado a\u00f1o, para designar una nueva calle del distrito ser\u00eda objeto de confusi\u00f3n para el \u00ed\u0081rea de Las Artes del Ayuntamiento de Madrid. Y es que, el originario <strong>Los Tres Cantos<\/strong>, sugerido bas\u00e1ndonos en mapas antiguos de la zona, ha terminado convirti\u00e9ndose en Calle de Tres Cantos, aparentemente un mero error administrativo, ocasionado por la falta de atenci\u00f3n a los de los informes que facilitamos cuando hacemos una propuesta similar.<\/p>\n<\/td>\n<\/tr>\n<\/tbody>\n<\/table>\n<table style=\"width: 537px; height: 325px;\" border=\"0\">\n<tbody>\n<tr>\n<td>\n<p class=\"MsoNormal\" style=\"text-align: justify; line-height: 15.6pt; margin: 0cm 0cm 0pt; mso-margin-top-alt: auto; mso-margin-bottom-alt: auto;\">\u00a0\u00a0\u00a0 Pero lo m\u00e1s incre\u00edble es una informaci\u00f3n facilitada por <em>Europa Press<\/em>, seg\u00fan la cual la delegada de dicho \u00c1rea, Alicia Moreno, envi\u00f3 una carta al alcalde de esta localidad madrile\u00f1a, Jos\u00e9 Folgado, para comunicarle esta decisi\u00f3n, nada menos que traslad\u00c1ndole su felicitaci\u00f3n;<\/p>\n<p class=\"MsoNormal\" style=\"text-align: center; line-height: 15.6pt; margin: 0cm 0cm 0pt; mso-margin-top-alt: auto; mso-margin-bottom-alt: auto;\"><em>\u00a0 &#8220;Es motivo de gran satisfacci\u00f3n para esta Corporaci\u00f3n Municipal haber dado presencia en nuestro callejero a esa localidad, satisfacci\u00f3n que le ruego haga extensiva a toda la Corporaci\u00f3n y al conjunto de vecinos de Tres Cantos&#8221;,<\/em>\u00a0 indicaba Moreno en la misiva.&#8221;<\/p>\n<p class=\"MsoNormal\" style=\"text-align: justify; line-height: 15.6pt; margin: 0cm 0cm 0pt; mso-margin-top-alt: auto; mso-margin-bottom-alt: auto;\">\u00a0<\/p>\n<p class=\"MsoNormal\" style=\"text-align: justify; line-height: 15.6pt; margin: 0cm 0cm 0pt; mso-margin-top-alt: auto; mso-margin-bottom-alt: auto;\">\u00a0\u00a0\u00a0\u00a0 Vicus Albus ya ha reclamado al \u00ed\u0081rea de la Artes la rectificaci\u00f3n con fecha 23 de agosto de 2010 y nos han remitido al Consejo territorial del proximo dia 7 del presente mes,\u00a0en el que se tratar\u00e1 este tema, por lo que esperamos una explicaci\u00f3n el pr\u00f3ximo d\u00eda 8 de octubre.<\/p>\n<p class=\"MsoNormal\" style=\"text-align: justify; line-height: 15.6pt; margin: 0cm 0cm 0pt; mso-margin-top-alt: auto; mso-margin-bottom-alt: auto;\">\u00a0<\/p>\n<\/td>\n<\/tr>\n<\/tbody>\n<\/table>\n","protected":false},"excerpt":{"rendered":"<p>\u00a0 \u00a0\u00a0\u00a0 Una de las calles propuestas por esta entidad el pasado a\u00f1o, para designar una nueva calle del distrito ser\u00eda objeto de confusi\u00f3n para el \u00ed\u0081rea de Las Artes del Ayuntamiento de Madrid. Y es que, el originario Los Tres Cantos, sugerido bas\u00e1ndonos en mapas antiguos de la zona, ha terminado convirti\u00e9ndose en Calle &hellip; <\/p>\n<p class=\"link-more\"><a href=\"https:\/\/vicusalbus.org\/?p=44\" class=\"more-link\">Leer m\u00e1s<span class=\"screen-reader-text\"> \u00abCalle de &#8220;Los Tres Cantos&#8221;\u00bb<\/span><\/a><\/p>\n","protected":false},"author":1,"featured_media":0,"comment_status":"open","ping_status":"open","sticky":false,"template":"","format":"standard","meta":{"two_page_speed":[],"footnotes":""},"categories":[10],"tags":[40,34,47,45,41,42,38,49,48,43,35,46,36,39,33,37,44],"class_list":["post-44","post","type-post","status-publish","format-standard","hentry","category-noticias-de-2010","tag-ahumaos","tag-ambroz","tag-capitan-guiloche","tag-cementerio-mas-antiguo-de-madrid","tag-condesa-vega-del-pozo","tag-diaz-pimienta","tag-duque-del-sevillano","tag-escarbassierre","tag-historia-de-vicalvaro","tag-juan-sevillano","tag-la-torre","tag-madrid-davila","tag-santa-maria-la-antigua","tag-vicalvarada","tag-vicalvaro","tag-virgen-de-la-antigua","tag-virgen-de-la-torre"],"yoast_head":"<!-- This site is optimized with the Yoast SEO plugin v27.5 - https:\/\/yoast.com\/product\/yoast-seo-wordpress\/ -->\n<title>Calle de &quot;Los Tres Cantos&quot; - Asociaci\u00f3n Vicus Albus<\/title>\n<meta name=\"robots\" content=\"index, follow, max-snippet:-1, max-image-preview:large, max-video-preview:-1\" \/>\n<link rel=\"canonical\" href=\"https:\/\/vicusalbus.org\/?p=44\" \/>\n<meta property=\"og:locale\" content=\"es_ES\" \/>\n<meta property=\"og:type\" content=\"article\" \/>\n<meta property=\"og:title\" content=\"Calle de &quot;Los Tres Cantos&quot; - Asociaci\u00f3n Vicus Albus\" \/>\n<meta property=\"og:description\" content=\"\u00a0 \u00a0\u00a0\u00a0 Una de las calles propuestas por esta entidad el pasado a\u00f1o, para designar una nueva calle del distrito ser\u00eda objeto de confusi\u00f3n para el \u00ed\u0081rea de Las Artes del Ayuntamiento de Madrid. Y es que, el originario Los Tres Cantos, sugerido bas\u00e1ndonos en mapas antiguos de la zona, ha terminado convirti\u00e9ndose en Calle &hellip; Leer m\u00e1s \u00abCalle de &#8220;Los Tres Cantos&#8221;\u00bb\" \/>\n<meta property=\"og:url\" content=\"https:\/\/vicusalbus.org\/?p=44\" \/>\n<meta property=\"og:site_name\" content=\"Asociaci\u00f3n Vicus Albus\" \/>\n<meta property=\"article:published_time\" content=\"2010-08-28T14:04:25+00:00\" \/>\n<meta name=\"author\" content=\"admin\" \/>\n<meta name=\"twitter:card\" content=\"summary_large_image\" \/>\n<meta name=\"twitter:label1\" content=\"Escrito por\" \/>\n\t<meta name=\"twitter:data1\" content=\"admin\" \/>\n\t<meta name=\"twitter:label2\" content=\"Tiempo de lectura\" \/>\n\t<meta name=\"twitter:data2\" content=\"1 minuto\" \/>\n<script type=\"application\/ld+json\" class=\"yoast-schema-graph\">{\"@context\":\"https:\\\/\\\/schema.org\",\"@graph\":[{\"@type\":\"Article\",\"@id\":\"https:\\\/\\\/vicusalbus.org\\\/?p=44#article\",\"isPartOf\":{\"@id\":\"https:\\\/\\\/vicusalbus.org\\\/?p=44\"},\"author\":{\"name\":\"admin\",\"@id\":\"https:\\\/\\\/vicusalbus.org\\\/#\\\/schema\\\/person\\\/fb1ad2db921f1224bf9b110df3ea0380\"},\"headline\":\"Calle de &#8220;Los Tres Cantos&#8221;\",\"datePublished\":\"2010-08-28T14:04:25+00:00\",\"mainEntityOfPage\":{\"@id\":\"https:\\\/\\\/vicusalbus.org\\\/?p=44\"},\"wordCount\":237,\"commentCount\":0,\"publisher\":{\"@id\":\"https:\\\/\\\/vicusalbus.org\\\/#organization\"},\"keywords\":[\"Ahumaos\",\"Ambroz\",\"Capit\u00e1n Guiloche\",\"cementerio m\u00e1s antiguo de Madrid\",\"Condesa Vega del Pozo\",\"Diaz Pimienta\",\"Duque del Sevillano\",\"Escarbassierre\",\"Historia de Vic\u00e1lvaro\",\"Juan Sevillano\",\"La Torre\",\"Madrid-D\u00e1vila\",\"Santa Mar\u00eda la Antigua\",\"Vicalvarada\",\"Vic\u00e1lvaro\",\"Virgen de la Antigua\",\"Virgen de la Torre\"],\"articleSection\":[\"Noticias de 2010\"],\"inLanguage\":\"es\",\"potentialAction\":[{\"@type\":\"CommentAction\",\"name\":\"Comment\",\"target\":[\"https:\\\/\\\/vicusalbus.org\\\/?p=44#respond\"]}]},{\"@type\":\"WebPage\",\"@id\":\"https:\\\/\\\/vicusalbus.org\\\/?p=44\",\"url\":\"https:\\\/\\\/vicusalbus.org\\\/?p=44\",\"name\":\"Calle de \\\"Los Tres Cantos\\\" - Asociaci\u00f3n Vicus Albus\",\"isPartOf\":{\"@id\":\"https:\\\/\\\/vicusalbus.org\\\/#website\"},\"datePublished\":\"2010-08-28T14:04:25+00:00\",\"breadcrumb\":{\"@id\":\"https:\\\/\\\/vicusalbus.org\\\/?p=44#breadcrumb\"},\"inLanguage\":\"es\",\"potentialAction\":[{\"@type\":\"ReadAction\",\"target\":[\"https:\\\/\\\/vicusalbus.org\\\/?p=44\"]}]},{\"@type\":\"BreadcrumbList\",\"@id\":\"https:\\\/\\\/vicusalbus.org\\\/?p=44#breadcrumb\",\"itemListElement\":[{\"@type\":\"ListItem\",\"position\":1,\"name\":\"Portada\",\"item\":\"https:\\\/\\\/vicusalbus.org\\\/\"},{\"@type\":\"ListItem\",\"position\":2,\"name\":\"Calle de \u00abLos Tres Cantos\u00bb\"}]},{\"@type\":\"WebSite\",\"@id\":\"https:\\\/\\\/vicusalbus.org\\\/#website\",\"url\":\"https:\\\/\\\/vicusalbus.org\\\/\",\"name\":\"Asociaci\u00f3n Vicus Albus\",\"description\":\"\",\"publisher\":{\"@id\":\"https:\\\/\\\/vicusalbus.org\\\/#organization\"},\"potentialAction\":[{\"@type\":\"SearchAction\",\"target\":{\"@type\":\"EntryPoint\",\"urlTemplate\":\"https:\\\/\\\/vicusalbus.org\\\/?s={search_term_string}\"},\"query-input\":{\"@type\":\"PropertyValueSpecification\",\"valueRequired\":true,\"valueName\":\"search_term_string\"}}],\"inLanguage\":\"es\"},{\"@type\":\"Organization\",\"@id\":\"https:\\\/\\\/vicusalbus.org\\\/#organization\",\"name\":\"Asociaci\u00f3n Vicus Albus\",\"url\":\"https:\\\/\\\/vicusalbus.org\\\/\",\"logo\":{\"@type\":\"ImageObject\",\"inLanguage\":\"es\",\"@id\":\"https:\\\/\\\/vicusalbus.org\\\/#\\\/schema\\\/logo\\\/image\\\/\",\"url\":\"https:\\\/\\\/vicusalbus.org\\\/wp-content\\\/uploads\\\/2024\\\/06\\\/cropped-logo_oficial_vicus.jpg\",\"contentUrl\":\"https:\\\/\\\/vicusalbus.org\\\/wp-content\\\/uploads\\\/2024\\\/06\\\/cropped-logo_oficial_vicus.jpg\",\"width\":496,\"height\":100,\"caption\":\"Asociaci\u00f3n Vicus Albus\"},\"image\":{\"@id\":\"https:\\\/\\\/vicusalbus.org\\\/#\\\/schema\\\/logo\\\/image\\\/\"}},{\"@type\":\"Person\",\"@id\":\"https:\\\/\\\/vicusalbus.org\\\/#\\\/schema\\\/person\\\/fb1ad2db921f1224bf9b110df3ea0380\",\"name\":\"admin\",\"image\":{\"@type\":\"ImageObject\",\"inLanguage\":\"es\",\"@id\":\"https:\\\/\\\/secure.gravatar.com\\\/avatar\\\/6dad5268b41262db617445641361944c505a46b24ee0cec33d7678d3a4ef18ee?s=96&d=mm&r=g\",\"url\":\"https:\\\/\\\/secure.gravatar.com\\\/avatar\\\/6dad5268b41262db617445641361944c505a46b24ee0cec33d7678d3a4ef18ee?s=96&d=mm&r=g\",\"contentUrl\":\"https:\\\/\\\/secure.gravatar.com\\\/avatar\\\/6dad5268b41262db617445641361944c505a46b24ee0cec33d7678d3a4ef18ee?s=96&d=mm&r=g\",\"caption\":\"admin\"},\"sameAs\":[\"https:\\\/\\\/vicusalbus.org\\\/wordpress\\\/wordpress\"],\"url\":\"https:\\\/\\\/vicusalbus.org\\\/?author=1\"}]}<\/script>\n<!-- \/ Yoast SEO plugin. -->","yoast_head_json":{"title":"Calle de \"Los Tres Cantos\" - Asociaci\u00f3n Vicus Albus","robots":{"index":"index","follow":"follow","max-snippet":"max-snippet:-1","max-image-preview":"max-image-preview:large","max-video-preview":"max-video-preview:-1"},"canonical":"https:\/\/vicusalbus.org\/?p=44","og_locale":"es_ES","og_type":"article","og_title":"Calle de \"Los Tres Cantos\" - Asociaci\u00f3n Vicus Albus","og_description":"\u00a0 \u00a0\u00a0\u00a0 Una de las calles propuestas por esta entidad el pasado a\u00f1o, para designar una nueva calle del distrito ser\u00eda objeto de confusi\u00f3n para el \u00ed\u0081rea de Las Artes del Ayuntamiento de Madrid. Y es que, el originario Los Tres Cantos, sugerido bas\u00e1ndonos en mapas antiguos de la zona, ha terminado convirti\u00e9ndose en Calle &hellip; Leer m\u00e1s \u00abCalle de &#8220;Los Tres Cantos&#8221;\u00bb","og_url":"https:\/\/vicusalbus.org\/?p=44","og_site_name":"Asociaci\u00f3n Vicus Albus","article_published_time":"2010-08-28T14:04:25+00:00","author":"admin","twitter_card":"summary_large_image","twitter_misc":{"Escrito por":"admin","Tiempo de lectura":"1 minuto"},"schema":{"@context":"https:\/\/schema.org","@graph":[{"@type":"Article","@id":"https:\/\/vicusalbus.org\/?p=44#article","isPartOf":{"@id":"https:\/\/vicusalbus.org\/?p=44"},"author":{"name":"admin","@id":"https:\/\/vicusalbus.org\/#\/schema\/person\/fb1ad2db921f1224bf9b110df3ea0380"},"headline":"Calle de &#8220;Los Tres Cantos&#8221;","datePublished":"2010-08-28T14:04:25+00:00","mainEntityOfPage":{"@id":"https:\/\/vicusalbus.org\/?p=44"},"wordCount":237,"commentCount":0,"publisher":{"@id":"https:\/\/vicusalbus.org\/#organization"},"keywords":["Ahumaos","Ambroz","Capit\u00e1n Guiloche","cementerio m\u00e1s antiguo de Madrid","Condesa Vega del Pozo","Diaz Pimienta","Duque del Sevillano","Escarbassierre","Historia de Vic\u00e1lvaro","Juan Sevillano","La Torre","Madrid-D\u00e1vila","Santa Mar\u00eda la Antigua","Vicalvarada","Vic\u00e1lvaro","Virgen de la Antigua","Virgen de la Torre"],"articleSection":["Noticias de 2010"],"inLanguage":"es","potentialAction":[{"@type":"CommentAction","name":"Comment","target":["https:\/\/vicusalbus.org\/?p=44#respond"]}]},{"@type":"WebPage","@id":"https:\/\/vicusalbus.org\/?p=44","url":"https:\/\/vicusalbus.org\/?p=44","name":"Calle de \"Los Tres Cantos\" - Asociaci\u00f3n Vicus Albus","isPartOf":{"@id":"https:\/\/vicusalbus.org\/#website"},"datePublished":"2010-08-28T14:04:25+00:00","breadcrumb":{"@id":"https:\/\/vicusalbus.org\/?p=44#breadcrumb"},"inLanguage":"es","potentialAction":[{"@type":"ReadAction","target":["https:\/\/vicusalbus.org\/?p=44"]}]},{"@type":"BreadcrumbList","@id":"https:\/\/vicusalbus.org\/?p=44#breadcrumb","itemListElement":[{"@type":"ListItem","position":1,"name":"Portada","item":"https:\/\/vicusalbus.org\/"},{"@type":"ListItem","position":2,"name":"Calle de \u00abLos Tres Cantos\u00bb"}]},{"@type":"WebSite","@id":"https:\/\/vicusalbus.org\/#website","url":"https:\/\/vicusalbus.org\/","name":"Asociaci\u00f3n Vicus Albus","description":"","publisher":{"@id":"https:\/\/vicusalbus.org\/#organization"},"potentialAction":[{"@type":"SearchAction","target":{"@type":"EntryPoint","urlTemplate":"https:\/\/vicusalbus.org\/?s={search_term_string}"},"query-input":{"@type":"PropertyValueSpecification","valueRequired":true,"valueName":"search_term_string"}}],"inLanguage":"es"},{"@type":"Organization","@id":"https:\/\/vicusalbus.org\/#organization","name":"Asociaci\u00f3n Vicus Albus","url":"https:\/\/vicusalbus.org\/","logo":{"@type":"ImageObject","inLanguage":"es","@id":"https:\/\/vicusalbus.org\/#\/schema\/logo\/image\/","url":"https:\/\/vicusalbus.org\/wp-content\/uploads\/2024\/06\/cropped-logo_oficial_vicus.jpg","contentUrl":"https:\/\/vicusalbus.org\/wp-content\/uploads\/2024\/06\/cropped-logo_oficial_vicus.jpg","width":496,"height":100,"caption":"Asociaci\u00f3n Vicus Albus"},"image":{"@id":"https:\/\/vicusalbus.org\/#\/schema\/logo\/image\/"}},{"@type":"Person","@id":"https:\/\/vicusalbus.org\/#\/schema\/person\/fb1ad2db921f1224bf9b110df3ea0380","name":"admin","image":{"@type":"ImageObject","inLanguage":"es","@id":"https:\/\/secure.gravatar.com\/avatar\/6dad5268b41262db617445641361944c505a46b24ee0cec33d7678d3a4ef18ee?s=96&d=mm&r=g","url":"https:\/\/secure.gravatar.com\/avatar\/6dad5268b41262db617445641361944c505a46b24ee0cec33d7678d3a4ef18ee?s=96&d=mm&r=g","contentUrl":"https:\/\/secure.gravatar.com\/avatar\/6dad5268b41262db617445641361944c505a46b24ee0cec33d7678d3a4ef18ee?s=96&d=mm&r=g","caption":"admin"},"sameAs":["https:\/\/vicusalbus.org\/wordpress\/wordpress"],"url":"https:\/\/vicusalbus.org\/?author=1"}]}},"_links":{"self":[{"href":"https:\/\/vicusalbus.org\/index.php?rest_route=\/wp\/v2\/posts\/44","targetHints":{"allow":["GET"]}}],"collection":[{"href":"https:\/\/vicusalbus.org\/index.php?rest_route=\/wp\/v2\/posts"}],"about":[{"href":"https:\/\/vicusalbus.org\/index.php?rest_route=\/wp\/v2\/types\/post"}],"author":[{"embeddable":true,"href":"https:\/\/vicusalbus.org\/index.php?rest_route=\/wp\/v2\/users\/1"}],"replies":[{"embeddable":true,"href":"https:\/\/vicusalbus.org\/index.php?rest_route=%2Fwp%2Fv2%2Fcomments&post=44"}],"version-history":[{"count":0,"href":"https:\/\/vicusalbus.org\/index.php?rest_route=\/wp\/v2\/posts\/44\/revisions"}],"wp:attachment":[{"href":"https:\/\/vicusalbus.org\/index.php?rest_route=%2Fwp%2Fv2%2Fmedia&parent=44"}],"wp:term":[{"taxonomy":"category","embeddable":true,"href":"https:\/\/vicusalbus.org\/index.php?rest_route=%2Fwp%2Fv2%2Fcategories&post=44"},{"taxonomy":"post_tag","embeddable":true,"href":"https:\/\/vicusalbus.org\/index.php?rest_route=%2Fwp%2Fv2%2Ftags&post=44"}],"curies":[{"name":"wp","href":"https:\/\/api.w.org\/{rel}","templated":true}]}}