{"id":6,"date":"2019-02-10T09:57:10","date_gmt":"2019-02-10T09:57:10","guid":{"rendered":"https:\/\/vicusalbus.org\/wordpress\/?p=6"},"modified":"2024-10-04T20:47:29","modified_gmt":"2024-10-04T20:47:29","slug":"junta-directiva","status":"publish","type":"post","link":"https:\/\/vicusalbus.org\/?p=6","title":{"rendered":"Junta Directiva"},"content":{"rendered":"<p>\u00a0\u00a0\u00a0\u00a0Datos sobre los integrantes de la Junta Directiva de Vicus Albus, y breve descripci\u00f3n de las funciones <br \/>que desempe\u00f1a cada uno.<\/p>\n<p>\u00a0<\/p>\n<div class=\"row\">\n<div class=\"col-md-3\"><img decoding=\"async\" src=\"images\/presidente.jpg\" alt=\"\" border=\"0\" \/><\/div>\n<div class=\"col-md-6\"><span style=\"font-family: Arial;\"><span style=\"text-decoration: underline;\"><strong><span style=\"font-size: x-small;\">PRESIDENTE:<\/span><\/strong><\/span><span style=\"font-size: x-small;\"><br \/><\/span><\/span><span style=\"text-decoration: underline;\"><span style=\"font-family: Arial; font-size: x-small;\">Valent\u00ed\u00adn Gonz\u00e1lez G\u00e1lvez<\/span><\/span><\/p>\n<p align=\"justify\"><span style=\"font-size: x-small;\"><span style=\"font-family: Arial;\">\u00a0\u00a0\u00a0\u00a0 Desde 1982, compagina su trabajo como funcionario con la investigaci\u00f3n de la Historia de Vic\u00e1lvaro, defendiendo el patrimonio cultural de este pueblo. Ejerce el cargo de presidente desde que se fund\u00f3 la Asociaci\u00f3n en 1986. Representa a Vicus Albus ante otras instituciones y es quien coordina todas las actividades que desempe\u00f1amos, adem\u00e1s de realizar la mayor parte del trabajo. <\/span><\/span><\/p>\n<\/div>\n<\/div>\n<div class=\"row\">\n<div class=\"col-md-3\"><img loading=\"lazy\" decoding=\"async\" style=\"margin: 5px;\" src=\"images\/Vocal_inf.jpg\" alt=\"\" width=\"205\" height=\"231\" \/><\/div>\n<div class=\"col-md-6\">\n<p align=\"justify\"><span style=\"font-family: Arial;\"><span style=\"font-size: x-small;\"><strong><span style=\"text-decoration: underline;\">VICEPRESIDENTE:<\/span><\/strong><br \/><\/span><\/span><span style=\"font-family: Arial;\"><span style=\"font-size: x-small;\"><span style=\"font-size: x-small;\"><span style=\"text-decoration: underline;\">Francisco Vicente Poza<\/span><\/span><\/span><\/span><\/p>\n<p align=\"justify\"><span style=\"font-family: Arial; font-size: x-small;\">Inform\u00e1tico de profesi\u00f3n y Licenciado en Historia por la Uned. En sus ratos libres se encarga de gestionar el \u00e1rea inform\u00e1tica\u00a0de Vicus Albus, como por ejemplo la confecci\u00f3n de las bases de datos que facilitan la consulta y estudio del archivo, o el mantenimiento de esta p\u00e1gina web.<\/span><\/p>\n<\/div>\n<\/div>\n<div class=\"row\">\n<div class=\"col-md-3\"><img loading=\"lazy\" decoding=\"async\" style=\"margin: 5px;\" src=\"images\/MTSevilla.jpg\" alt=\"\" width=\"205\" height=\"201\" border=\"0\" \/><\/div>\n<div class=\"col-md-6\"><span style=\"font-family: Arial;\"><span style=\"text-decoration: underline;\"><strong><span style=\"font-size: x-small;\">SECRETARIA:<\/span><\/strong><\/span><span style=\"font-size: x-small;\"><br \/><span style=\"text-decoration: underline;\">M\u00aa Teresa Sevilla<\/span><\/span><\/span><\/p>\n<p align=\"justify\"><span style=\"font-family: Arial; font-size: x-small;\">\u00a0\u00a0\u00a0\u00a0 Su funci\u00f3n principal es levantar acta de las reuniones de socios y de la directiva. Adicionalmente colabora en otras tareas de tipo log\u00edstico en los eventos organizados por la Asociaci\u00f3n.<\/span><\/p>\n<\/div>\n<\/div>\n<div class=\"row\">\n<div class=\"col-md-3\"><img loading=\"lazy\" decoding=\"async\" style=\"margin: 5px;\" src=\"images\/jjelola.png\" width=\"205\" height=\"233\" \/><\/div>\n<div class=\"col-md-6\">\n<p><span style=\"text-decoration: underline;\"><strong><span style=\"font-size: x-small;\"><span style=\"font-family: arial, helvetica, sans-serif;\">TESORERO:<\/span><br \/><\/span><\/strong><\/span><span style=\"text-decoration: underline;\"><span style=\"font-size: x-small;\">Juan Juli\u00e1n Elola<\/span><\/span><\/p>\n<p><span style=\"font-size: x-small;\">Vicalvare\u00f1o de origen, socio entusiasta, investigador y responsable de confeccionar la efem\u00e9rides de Vic\u00e1lvaro adem\u00e1s de recopilar innumerables curiosidades acerca del pueblo. Profesionalmente es M\u00e9dico Especialista en Medicina Laboral y fue Diputado Nacional de la VIII y IX legislaturas.<\/span>\u00a0<\/p>\n<\/div>\n<\/div>\n<div class=\"row\">\n<div class=\"col-md-3\"><img decoding=\"async\" src=\"images\/vocal_MiguelGomez.jpg\" width=\"205\" \/><\/div>\n<div class=\"col-md-6\">\n<p><span style=\"font-family: tahoma, arial, helvetica, sans-serif; font-size: xx-small;\"><b><u><strong><span style=\"font-size: x-small;\">VOCAL:<br \/><\/span><\/strong><\/u><\/b><\/span><span style=\"font-family: Arial; font-size: xx-small;\"><u><span style=\"font-family: tahoma, arial, helvetica, sans-serif;\">Miguel<\/span> \u00c1ngel G\u00f3mez<\/u><\/span><\/p>\n<p><span style=\"font-family: Arial; font-size: xx-small;\">Reci\u00e9n jubilado y reci\u00e9n nombrado miembro de la Junta Directiva. Ha trabajado durante 30 a\u00f1os en el Banco de Espa\u00f1a. Vecino de Valderrivas y un admirador de la labor que hace Vicus desde hace tanto tiempo.<\/span><\/p>\n<div class=\"col-md-3\">\u00a0\u00a0<\/div>\n<\/div>\n<\/div>\n<div class=\"row\">\n<div class=\"col-md-3\"><img loading=\"lazy\" decoding=\"async\" style=\"margin: 5px;\" src=\"images\/lourd_sanch.jpg\" width=\"205\" height=\"242\" border=\"0\" \/><\/div>\n<div class=\"col-md-6\"><span style=\"text-decoration: underline;\"><span style=\"font-family: Arial;\"><strong><span style=\"font-size: x-small;\">VOCAL:<br \/><\/span><\/strong><\/span><span style=\"font-family: Arial; font-size: x-small;\">Lourdes S\u00e1nchez Dom\u00ed\u00adnguez<\/span><br \/><\/span><\/p>\n<p align=\"justify\"><span style=\"font-family: Arial; font-size: x-small;\">\u00a0 \u00a0 \u00a0Maestra,\u00a0 Licenciada en Historia del Arte, Siempre ha sido una persona muy implicada con Vicus Albus, impartiendo conferencias, y organizando actividades. Es la autora de la publicaci\u00f3n <span class=\"style2\"><em>&#8220;Un Espacio en el Tiempo&#8221;,<\/em><\/span> editado conjuntamente por Vicus Albus y la Universidad Rey Juan Carlos, y de otras publicaciones de la Asociaci\u00f3n.<br \/>\u00a0\u00a0\u00a0\u00a0 Adem\u00e1s de ser uno de los primeros integrantes de Vicus Albus, ha sido miembro de diversas juntas directivas de la Asociaci\u00f3n, en 2.010, volvi\u00f3 a serlo como vocal y entre 2.012 y 2019\u00a0fue Vicepresidenta.<\/span>\u00a0<\/p>\n<\/div>\n<\/div>\n<p align=\"justify\">\u00a0\u00a0<\/p>\n<div class=\"row\">\n<div class=\"col-md-3\">\n<p align=\"justify\"><span style=\"font-family: Arial; font-size: x-small;\"><span style=\"text-decoration: underline;\"><strong><img decoding=\"async\" src=\"images\/vocal2.jpg\" alt=\"\" \/><\/strong><\/span><\/span><\/p>\n<\/div>\n<div class=\"col-md-6\">\n<p align=\"justify\"><span style=\"font-family: Arial; font-size: x-small;\"><span style=\"font-family: arial, helvetica, sans-serif;\"><span style=\"text-decoration: underline;\"><strong>VOCAL<\/strong><\/span>:<\/span><br \/><span style=\"text-decoration: underline;\">Valent\u00edn Aranda<\/span><\/span><\/p>\n<p align=\"justify\"><span style=\"font-family: Arial; font-size: x-small;\">Experto en multimedia. Es el responsable de la conversi\u00f3n a formato digital de la documentaci\u00f3n audiovisual de nuestro archivo.<\/span><\/p>\n<\/div>\n<\/div>\n","protected":false},"excerpt":{"rendered":"<p>\u00a0\u00a0\u00a0\u00a0Datos sobre los integrantes de la Junta Directiva de Vicus Albus, y breve descripci\u00f3n de las funciones que desempe\u00f1a cada uno. \u00a0 PRESIDENTE:Valent\u00ed\u00adn Gonz\u00e1lez G\u00e1lvez \u00a0\u00a0\u00a0\u00a0 Desde 1982, compagina su trabajo como funcionario con la investigaci\u00f3n de la Historia de Vic\u00e1lvaro, defendiendo el patrimonio cultural de este pueblo. Ejerce el cargo de presidente desde que &hellip; <\/p>\n<p class=\"link-more\"><a href=\"https:\/\/vicusalbus.org\/?p=6\" class=\"more-link\">Leer m\u00e1s<span class=\"screen-reader-text\"> \u00abJunta Directiva\u00bb<\/span><\/a><\/p>\n","protected":false},"author":2,"featured_media":0,"comment_status":"open","ping_status":"open","sticky":false,"template":"","format":"standard","meta":{"two_page_speed":[],"footnotes":""},"categories":[4],"tags":[40,34,47,45,41,42,38,49,48,43,35,46,36,39,33,37,44],"class_list":["post-6","post","type-post","status-publish","format-standard","hentry","category-asociacion","tag-ahumaos","tag-ambroz","tag-capitan-guiloche","tag-cementerio-mas-antiguo-de-madrid","tag-condesa-vega-del-pozo","tag-diaz-pimienta","tag-duque-del-sevillano","tag-escarbassierre","tag-historia-de-vicalvaro","tag-juan-sevillano","tag-la-torre","tag-madrid-davila","tag-santa-maria-la-antigua","tag-vicalvarada","tag-vicalvaro","tag-virgen-de-la-antigua","tag-virgen-de-la-torre"],"yoast_head":"<!-- This site is optimized with the Yoast SEO plugin v27.5 - https:\/\/yoast.com\/product\/yoast-seo-wordpress\/ -->\n<title>Junta Directiva - Asociaci\u00f3n Vicus Albus<\/title>\n<meta name=\"robots\" content=\"index, follow, max-snippet:-1, max-image-preview:large, max-video-preview:-1\" \/>\n<link rel=\"canonical\" href=\"https:\/\/vicusalbus.org\/?p=6\" \/>\n<meta property=\"og:locale\" content=\"es_ES\" \/>\n<meta property=\"og:type\" content=\"article\" \/>\n<meta property=\"og:title\" content=\"Junta Directiva - Asociaci\u00f3n Vicus Albus\" \/>\n<meta property=\"og:description\" content=\"\u00a0\u00a0\u00a0\u00a0Datos sobre los integrantes de la Junta Directiva de Vicus Albus, y breve descripci\u00f3n de las funciones que desempe\u00f1a cada uno. \u00a0 PRESIDENTE:Valent\u00ed\u00adn Gonz\u00e1lez G\u00e1lvez \u00a0\u00a0\u00a0\u00a0 Desde 1982, compagina su trabajo como funcionario con la investigaci\u00f3n de la Historia de Vic\u00e1lvaro, defendiendo el patrimonio cultural de este pueblo. Ejerce el cargo de presidente desde que &hellip; Leer m\u00e1s \u00abJunta Directiva\u00bb\" \/>\n<meta property=\"og:url\" content=\"https:\/\/vicusalbus.org\/?p=6\" \/>\n<meta property=\"og:site_name\" content=\"Asociaci\u00f3n Vicus Albus\" \/>\n<meta property=\"article:published_time\" content=\"2019-02-10T09:57:10+00:00\" \/>\n<meta property=\"article:modified_time\" content=\"2024-10-04T20:47:29+00:00\" \/>\n<meta name=\"author\" content=\"Vicus Albus\" \/>\n<meta name=\"twitter:card\" content=\"summary_large_image\" \/>\n<meta name=\"twitter:label1\" content=\"Escrito por\" \/>\n\t<meta name=\"twitter:data1\" content=\"Vicus Albus\" \/>\n\t<meta name=\"twitter:label2\" content=\"Tiempo de lectura\" \/>\n\t<meta name=\"twitter:data2\" content=\"2 minutos\" \/>\n<script type=\"application\/ld+json\" class=\"yoast-schema-graph\">{\"@context\":\"https:\\\/\\\/schema.org\",\"@graph\":[{\"@type\":\"Article\",\"@id\":\"https:\\\/\\\/vicusalbus.org\\\/?p=6#article\",\"isPartOf\":{\"@id\":\"https:\\\/\\\/vicusalbus.org\\\/?p=6\"},\"author\":{\"name\":\"Vicus Albus\",\"@id\":\"https:\\\/\\\/vicusalbus.org\\\/#\\\/schema\\\/person\\\/0f457e642a2752fe3866b4bd8949205b\"},\"headline\":\"Junta Directiva\",\"datePublished\":\"2019-02-10T09:57:10+00:00\",\"dateModified\":\"2024-10-04T20:47:29+00:00\",\"mainEntityOfPage\":{\"@id\":\"https:\\\/\\\/vicusalbus.org\\\/?p=6\"},\"wordCount\":399,\"commentCount\":0,\"publisher\":{\"@id\":\"https:\\\/\\\/vicusalbus.org\\\/#organization\"},\"keywords\":[\"Ahumaos\",\"Ambroz\",\"Capit\u00e1n Guiloche\",\"cementerio m\u00e1s antiguo de Madrid\",\"Condesa Vega del Pozo\",\"Diaz Pimienta\",\"Duque del Sevillano\",\"Escarbassierre\",\"Historia de Vic\u00e1lvaro\",\"Juan Sevillano\",\"La Torre\",\"Madrid-D\u00e1vila\",\"Santa Mar\u00eda la Antigua\",\"Vicalvarada\",\"Vic\u00e1lvaro\",\"Virgen de la Antigua\",\"Virgen de la Torre\"],\"articleSection\":[\"Asociaci\u00f3n\"],\"inLanguage\":\"es\",\"potentialAction\":[{\"@type\":\"CommentAction\",\"name\":\"Comment\",\"target\":[\"https:\\\/\\\/vicusalbus.org\\\/?p=6#respond\"]}]},{\"@type\":\"WebPage\",\"@id\":\"https:\\\/\\\/vicusalbus.org\\\/?p=6\",\"url\":\"https:\\\/\\\/vicusalbus.org\\\/?p=6\",\"name\":\"Junta Directiva - Asociaci\u00f3n Vicus Albus\",\"isPartOf\":{\"@id\":\"https:\\\/\\\/vicusalbus.org\\\/#website\"},\"datePublished\":\"2019-02-10T09:57:10+00:00\",\"dateModified\":\"2024-10-04T20:47:29+00:00\",\"breadcrumb\":{\"@id\":\"https:\\\/\\\/vicusalbus.org\\\/?p=6#breadcrumb\"},\"inLanguage\":\"es\",\"potentialAction\":[{\"@type\":\"ReadAction\",\"target\":[\"https:\\\/\\\/vicusalbus.org\\\/?p=6\"]}]},{\"@type\":\"BreadcrumbList\",\"@id\":\"https:\\\/\\\/vicusalbus.org\\\/?p=6#breadcrumb\",\"itemListElement\":[{\"@type\":\"ListItem\",\"position\":1,\"name\":\"Portada\",\"item\":\"https:\\\/\\\/vicusalbus.org\\\/\"},{\"@type\":\"ListItem\",\"position\":2,\"name\":\"Junta Directiva\"}]},{\"@type\":\"WebSite\",\"@id\":\"https:\\\/\\\/vicusalbus.org\\\/#website\",\"url\":\"https:\\\/\\\/vicusalbus.org\\\/\",\"name\":\"Asociaci\u00f3n Vicus Albus\",\"description\":\"\",\"publisher\":{\"@id\":\"https:\\\/\\\/vicusalbus.org\\\/#organization\"},\"potentialAction\":[{\"@type\":\"SearchAction\",\"target\":{\"@type\":\"EntryPoint\",\"urlTemplate\":\"https:\\\/\\\/vicusalbus.org\\\/?s={search_term_string}\"},\"query-input\":{\"@type\":\"PropertyValueSpecification\",\"valueRequired\":true,\"valueName\":\"search_term_string\"}}],\"inLanguage\":\"es\"},{\"@type\":\"Organization\",\"@id\":\"https:\\\/\\\/vicusalbus.org\\\/#organization\",\"name\":\"Asociaci\u00f3n Vicus Albus\",\"url\":\"https:\\\/\\\/vicusalbus.org\\\/\",\"logo\":{\"@type\":\"ImageObject\",\"inLanguage\":\"es\",\"@id\":\"https:\\\/\\\/vicusalbus.org\\\/#\\\/schema\\\/logo\\\/image\\\/\",\"url\":\"https:\\\/\\\/vicusalbus.org\\\/wp-content\\\/uploads\\\/2024\\\/06\\\/cropped-logo_oficial_vicus.jpg\",\"contentUrl\":\"https:\\\/\\\/vicusalbus.org\\\/wp-content\\\/uploads\\\/2024\\\/06\\\/cropped-logo_oficial_vicus.jpg\",\"width\":496,\"height\":100,\"caption\":\"Asociaci\u00f3n Vicus Albus\"},\"image\":{\"@id\":\"https:\\\/\\\/vicusalbus.org\\\/#\\\/schema\\\/logo\\\/image\\\/\"}},{\"@type\":\"Person\",\"@id\":\"https:\\\/\\\/vicusalbus.org\\\/#\\\/schema\\\/person\\\/0f457e642a2752fe3866b4bd8949205b\",\"name\":\"Vicus Albus\",\"image\":{\"@type\":\"ImageObject\",\"inLanguage\":\"es\",\"@id\":\"https:\\\/\\\/secure.gravatar.com\\\/avatar\\\/feb2a4b4ce1c54eafcc6886aa4ecbed6f4c5da2acff48eebe049931f3265aad8?s=96&d=mm&r=g\",\"url\":\"https:\\\/\\\/secure.gravatar.com\\\/avatar\\\/feb2a4b4ce1c54eafcc6886aa4ecbed6f4c5da2acff48eebe049931f3265aad8?s=96&d=mm&r=g\",\"contentUrl\":\"https:\\\/\\\/secure.gravatar.com\\\/avatar\\\/feb2a4b4ce1c54eafcc6886aa4ecbed6f4c5da2acff48eebe049931f3265aad8?s=96&d=mm&r=g\",\"caption\":\"Vicus Albus\"},\"url\":\"https:\\\/\\\/vicusalbus.org\\\/?author=2\"}]}<\/script>\n<!-- \/ Yoast SEO plugin. -->","yoast_head_json":{"title":"Junta Directiva - Asociaci\u00f3n Vicus Albus","robots":{"index":"index","follow":"follow","max-snippet":"max-snippet:-1","max-image-preview":"max-image-preview:large","max-video-preview":"max-video-preview:-1"},"canonical":"https:\/\/vicusalbus.org\/?p=6","og_locale":"es_ES","og_type":"article","og_title":"Junta Directiva - Asociaci\u00f3n Vicus Albus","og_description":"\u00a0\u00a0\u00a0\u00a0Datos sobre los integrantes de la Junta Directiva de Vicus Albus, y breve descripci\u00f3n de las funciones que desempe\u00f1a cada uno. \u00a0 PRESIDENTE:Valent\u00ed\u00adn Gonz\u00e1lez G\u00e1lvez \u00a0\u00a0\u00a0\u00a0 Desde 1982, compagina su trabajo como funcionario con la investigaci\u00f3n de la Historia de Vic\u00e1lvaro, defendiendo el patrimonio cultural de este pueblo. Ejerce el cargo de presidente desde que &hellip; Leer m\u00e1s \u00abJunta Directiva\u00bb","og_url":"https:\/\/vicusalbus.org\/?p=6","og_site_name":"Asociaci\u00f3n Vicus Albus","article_published_time":"2019-02-10T09:57:10+00:00","article_modified_time":"2024-10-04T20:47:29+00:00","author":"Vicus Albus","twitter_card":"summary_large_image","twitter_misc":{"Escrito por":"Vicus Albus","Tiempo de lectura":"2 minutos"},"schema":{"@context":"https:\/\/schema.org","@graph":[{"@type":"Article","@id":"https:\/\/vicusalbus.org\/?p=6#article","isPartOf":{"@id":"https:\/\/vicusalbus.org\/?p=6"},"author":{"name":"Vicus Albus","@id":"https:\/\/vicusalbus.org\/#\/schema\/person\/0f457e642a2752fe3866b4bd8949205b"},"headline":"Junta Directiva","datePublished":"2019-02-10T09:57:10+00:00","dateModified":"2024-10-04T20:47:29+00:00","mainEntityOfPage":{"@id":"https:\/\/vicusalbus.org\/?p=6"},"wordCount":399,"commentCount":0,"publisher":{"@id":"https:\/\/vicusalbus.org\/#organization"},"keywords":["Ahumaos","Ambroz","Capit\u00e1n Guiloche","cementerio m\u00e1s antiguo de Madrid","Condesa Vega del Pozo","Diaz Pimienta","Duque del Sevillano","Escarbassierre","Historia de Vic\u00e1lvaro","Juan Sevillano","La Torre","Madrid-D\u00e1vila","Santa Mar\u00eda la Antigua","Vicalvarada","Vic\u00e1lvaro","Virgen de la Antigua","Virgen de la Torre"],"articleSection":["Asociaci\u00f3n"],"inLanguage":"es","potentialAction":[{"@type":"CommentAction","name":"Comment","target":["https:\/\/vicusalbus.org\/?p=6#respond"]}]},{"@type":"WebPage","@id":"https:\/\/vicusalbus.org\/?p=6","url":"https:\/\/vicusalbus.org\/?p=6","name":"Junta Directiva - Asociaci\u00f3n Vicus Albus","isPartOf":{"@id":"https:\/\/vicusalbus.org\/#website"},"datePublished":"2019-02-10T09:57:10+00:00","dateModified":"2024-10-04T20:47:29+00:00","breadcrumb":{"@id":"https:\/\/vicusalbus.org\/?p=6#breadcrumb"},"inLanguage":"es","potentialAction":[{"@type":"ReadAction","target":["https:\/\/vicusalbus.org\/?p=6"]}]},{"@type":"BreadcrumbList","@id":"https:\/\/vicusalbus.org\/?p=6#breadcrumb","itemListElement":[{"@type":"ListItem","position":1,"name":"Portada","item":"https:\/\/vicusalbus.org\/"},{"@type":"ListItem","position":2,"name":"Junta Directiva"}]},{"@type":"WebSite","@id":"https:\/\/vicusalbus.org\/#website","url":"https:\/\/vicusalbus.org\/","name":"Asociaci\u00f3n Vicus Albus","description":"","publisher":{"@id":"https:\/\/vicusalbus.org\/#organization"},"potentialAction":[{"@type":"SearchAction","target":{"@type":"EntryPoint","urlTemplate":"https:\/\/vicusalbus.org\/?s={search_term_string}"},"query-input":{"@type":"PropertyValueSpecification","valueRequired":true,"valueName":"search_term_string"}}],"inLanguage":"es"},{"@type":"Organization","@id":"https:\/\/vicusalbus.org\/#organization","name":"Asociaci\u00f3n Vicus Albus","url":"https:\/\/vicusalbus.org\/","logo":{"@type":"ImageObject","inLanguage":"es","@id":"https:\/\/vicusalbus.org\/#\/schema\/logo\/image\/","url":"https:\/\/vicusalbus.org\/wp-content\/uploads\/2024\/06\/cropped-logo_oficial_vicus.jpg","contentUrl":"https:\/\/vicusalbus.org\/wp-content\/uploads\/2024\/06\/cropped-logo_oficial_vicus.jpg","width":496,"height":100,"caption":"Asociaci\u00f3n Vicus Albus"},"image":{"@id":"https:\/\/vicusalbus.org\/#\/schema\/logo\/image\/"}},{"@type":"Person","@id":"https:\/\/vicusalbus.org\/#\/schema\/person\/0f457e642a2752fe3866b4bd8949205b","name":"Vicus Albus","image":{"@type":"ImageObject","inLanguage":"es","@id":"https:\/\/secure.gravatar.com\/avatar\/feb2a4b4ce1c54eafcc6886aa4ecbed6f4c5da2acff48eebe049931f3265aad8?s=96&d=mm&r=g","url":"https:\/\/secure.gravatar.com\/avatar\/feb2a4b4ce1c54eafcc6886aa4ecbed6f4c5da2acff48eebe049931f3265aad8?s=96&d=mm&r=g","contentUrl":"https:\/\/secure.gravatar.com\/avatar\/feb2a4b4ce1c54eafcc6886aa4ecbed6f4c5da2acff48eebe049931f3265aad8?s=96&d=mm&r=g","caption":"Vicus Albus"},"url":"https:\/\/vicusalbus.org\/?author=2"}]}},"_links":{"self":[{"href":"https:\/\/vicusalbus.org\/index.php?rest_route=\/wp\/v2\/posts\/6","targetHints":{"allow":["GET"]}}],"collection":[{"href":"https:\/\/vicusalbus.org\/index.php?rest_route=\/wp\/v2\/posts"}],"about":[{"href":"https:\/\/vicusalbus.org\/index.php?rest_route=\/wp\/v2\/types\/post"}],"author":[{"embeddable":true,"href":"https:\/\/vicusalbus.org\/index.php?rest_route=\/wp\/v2\/users\/2"}],"replies":[{"embeddable":true,"href":"https:\/\/vicusalbus.org\/index.php?rest_route=%2Fwp%2Fv2%2Fcomments&post=6"}],"version-history":[{"count":1,"href":"https:\/\/vicusalbus.org\/index.php?rest_route=\/wp\/v2\/posts\/6\/revisions"}],"predecessor-version":[{"id":1003,"href":"https:\/\/vicusalbus.org\/index.php?rest_route=\/wp\/v2\/posts\/6\/revisions\/1003"}],"wp:attachment":[{"href":"https:\/\/vicusalbus.org\/index.php?rest_route=%2Fwp%2Fv2%2Fmedia&parent=6"}],"wp:term":[{"taxonomy":"category","embeddable":true,"href":"https:\/\/vicusalbus.org\/index.php?rest_route=%2Fwp%2Fv2%2Fcategories&post=6"},{"taxonomy":"post_tag","embeddable":true,"href":"https:\/\/vicusalbus.org\/index.php?rest_route=%2Fwp%2Fv2%2Ftags&post=6"}],"curies":[{"name":"wp","href":"https:\/\/api.w.org\/{rel}","templated":true}]}}