{"id":65,"date":"2008-04-15T10:39:53","date_gmt":"2008-04-15T10:39:53","guid":{"rendered":"https:\/\/vicusalbus.org\/wordpress\/?p=65"},"modified":"2008-04-15T10:39:53","modified_gmt":"2008-04-15T10:39:53","slug":"visitas-guiadas-a-vicalvaro","status":"publish","type":"post","link":"https:\/\/vicusalbus.org\/?p=65","title":{"rendered":"Visitas guiadas a Vic\u00e1lvaro"},"content":{"rendered":"<p align=\"center\"><img loading=\"lazy\" decoding=\"async\" src=\"images\/minerva2.jpg\" alt=\"\" width=\"350\" height=\"263\" border=\"0\" \/><\/p>\n<p style=\"text-align: justify;\" align=\"center\">\u00a0\u00a0\u00a0 Como viene haci\u00e9ndose desde los primeros a\u00f1os de actividad de Vicus Albus, el presidente de Vicus Albus, Valent\u00edn Gonz\u00e1lez, ha dedicado algunas de jornadas, a que los m\u00e1s j\u00f3venes de Vic\u00e1lvaro conozcan el pasado de sus barrios y calles. Desde el d\u00eda 14 del pasado mes de abril, los alumnos han asistido a una clase acompa\u00f1ada de un pase de diapositivas, y se han realizado recorridos guiados por los monumentos y lugares m\u00e1s emblem\u00e1ticos del casco antiguo y alrededores, como son la ermita del Cristo de la Gu\u00eda, la Parroquia de Santa Mar\u00eda la Antigua, la Universidad (antiguo Cuartel de Artiller\u00eda) etc.<\/p>\n<blockquote>\n<blockquote>\n<blockquote>\n<p style=\"text-align: center;\"><img loading=\"lazy\" decoding=\"async\" src=\"images\/minerva1.jpg\" alt=\"\" width=\"300\" height=\"298\" border=\"0\" \/><\/p>\n<p style=\"text-align: center;\"><i><span style=\"font-family: Arial; font-size: 9pt;\">La publicaci\u00f3n &#8220;Gaceta Local&#8221;, se hizo eco del evento en su publicaci\u00f3n del d\u00eda 14 de abril. <\/span><\/i><\/p>\n<\/blockquote>\n<\/blockquote>\n<\/blockquote>\n<p align=\"justify\">\u00a0\u00a0\u00a0 Los alumnos de tercero, cuarto y quinto de primaria, del colegio Minerva, han disfrutado aprendiendo el pasado de los lugares que conocen actualmente, algunos gratamente sorprendidos al conocer los misterios que esconde el lugar en el que viven, llegando a sentirse entusiasmados, lo cual contribuye a despertar su aprecio por la historia y la cultura local, prueba de ello es que algunos de los primeros chavales que acudieron a estas actividades en su infancia son ahora miembros activos de Vicus Albus.<\/p>\n","protected":false},"excerpt":{"rendered":"<p>\u00a0\u00a0\u00a0 Como viene haci\u00e9ndose desde los primeros a\u00f1os de actividad de Vicus Albus, el presidente de Vicus Albus, Valent\u00edn Gonz\u00e1lez, ha dedicado algunas de jornadas, a que los m\u00e1s j\u00f3venes de Vic\u00e1lvaro conozcan el pasado de sus barrios y calles. Desde el d\u00eda 14 del pasado mes de abril, los alumnos han asistido a una &hellip; <\/p>\n<p class=\"link-more\"><a href=\"https:\/\/vicusalbus.org\/?p=65\" class=\"more-link\">Leer m\u00e1s<span class=\"screen-reader-text\"> \u00abVisitas guiadas a Vic\u00e1lvaro\u00bb<\/span><\/a><\/p>\n","protected":false},"author":1,"featured_media":0,"comment_status":"open","ping_status":"open","sticky":false,"template":"","format":"standard","meta":{"two_page_speed":[],"footnotes":""},"categories":[12],"tags":[],"class_list":["post-65","post","type-post","status-publish","format-standard","hentry","category-noticias-de-2008"],"yoast_head":"<!-- This site is optimized with the Yoast SEO plugin v27.5 - https:\/\/yoast.com\/product\/yoast-seo-wordpress\/ -->\n<title>Visitas guiadas a Vic\u00e1lvaro - Asociaci\u00f3n Vicus Albus<\/title>\n<meta name=\"robots\" content=\"index, follow, max-snippet:-1, max-image-preview:large, max-video-preview:-1\" \/>\n<link rel=\"canonical\" href=\"https:\/\/vicusalbus.org\/?p=65\" \/>\n<meta property=\"og:locale\" content=\"es_ES\" \/>\n<meta property=\"og:type\" content=\"article\" \/>\n<meta property=\"og:title\" content=\"Visitas guiadas a Vic\u00e1lvaro - Asociaci\u00f3n Vicus Albus\" \/>\n<meta property=\"og:description\" content=\"\u00a0\u00a0\u00a0 Como viene haci\u00e9ndose desde los primeros a\u00f1os de actividad de Vicus Albus, el presidente de Vicus Albus, Valent\u00edn Gonz\u00e1lez, ha dedicado algunas de jornadas, a que los m\u00e1s j\u00f3venes de Vic\u00e1lvaro conozcan el pasado de sus barrios y calles. Desde el d\u00eda 14 del pasado mes de abril, los alumnos han asistido a una &hellip; Leer m\u00e1s \u00abVisitas guiadas a Vic\u00e1lvaro\u00bb\" \/>\n<meta property=\"og:url\" content=\"https:\/\/vicusalbus.org\/?p=65\" \/>\n<meta property=\"og:site_name\" content=\"Asociaci\u00f3n Vicus Albus\" \/>\n<meta property=\"article:published_time\" content=\"2008-04-15T10:39:53+00:00\" \/>\n<meta name=\"author\" content=\"admin\" \/>\n<meta name=\"twitter:card\" content=\"summary_large_image\" \/>\n<meta name=\"twitter:label1\" content=\"Escrito por\" \/>\n\t<meta name=\"twitter:data1\" content=\"admin\" \/>\n\t<meta name=\"twitter:label2\" content=\"Tiempo de lectura\" \/>\n\t<meta name=\"twitter:data2\" content=\"1 minuto\" \/>\n<script type=\"application\/ld+json\" class=\"yoast-schema-graph\">{\"@context\":\"https:\\\/\\\/schema.org\",\"@graph\":[{\"@type\":\"Article\",\"@id\":\"https:\\\/\\\/vicusalbus.org\\\/?p=65#article\",\"isPartOf\":{\"@id\":\"https:\\\/\\\/vicusalbus.org\\\/?p=65\"},\"author\":{\"name\":\"admin\",\"@id\":\"https:\\\/\\\/vicusalbus.org\\\/#\\\/schema\\\/person\\\/fb1ad2db921f1224bf9b110df3ea0380\"},\"headline\":\"Visitas guiadas a Vic\u00e1lvaro\",\"datePublished\":\"2008-04-15T10:39:53+00:00\",\"mainEntityOfPage\":{\"@id\":\"https:\\\/\\\/vicusalbus.org\\\/?p=65\"},\"wordCount\":220,\"commentCount\":0,\"publisher\":{\"@id\":\"https:\\\/\\\/vicusalbus.org\\\/#organization\"},\"articleSection\":[\"Noticias de 2008\"],\"inLanguage\":\"es\",\"potentialAction\":[{\"@type\":\"CommentAction\",\"name\":\"Comment\",\"target\":[\"https:\\\/\\\/vicusalbus.org\\\/?p=65#respond\"]}]},{\"@type\":\"WebPage\",\"@id\":\"https:\\\/\\\/vicusalbus.org\\\/?p=65\",\"url\":\"https:\\\/\\\/vicusalbus.org\\\/?p=65\",\"name\":\"Visitas guiadas a Vic\u00e1lvaro - Asociaci\u00f3n Vicus Albus\",\"isPartOf\":{\"@id\":\"https:\\\/\\\/vicusalbus.org\\\/#website\"},\"datePublished\":\"2008-04-15T10:39:53+00:00\",\"breadcrumb\":{\"@id\":\"https:\\\/\\\/vicusalbus.org\\\/?p=65#breadcrumb\"},\"inLanguage\":\"es\",\"potentialAction\":[{\"@type\":\"ReadAction\",\"target\":[\"https:\\\/\\\/vicusalbus.org\\\/?p=65\"]}]},{\"@type\":\"BreadcrumbList\",\"@id\":\"https:\\\/\\\/vicusalbus.org\\\/?p=65#breadcrumb\",\"itemListElement\":[{\"@type\":\"ListItem\",\"position\":1,\"name\":\"Portada\",\"item\":\"https:\\\/\\\/vicusalbus.org\\\/\"},{\"@type\":\"ListItem\",\"position\":2,\"name\":\"Visitas guiadas a Vic\u00e1lvaro\"}]},{\"@type\":\"WebSite\",\"@id\":\"https:\\\/\\\/vicusalbus.org\\\/#website\",\"url\":\"https:\\\/\\\/vicusalbus.org\\\/\",\"name\":\"Asociaci\u00f3n Vicus Albus\",\"description\":\"\",\"publisher\":{\"@id\":\"https:\\\/\\\/vicusalbus.org\\\/#organization\"},\"potentialAction\":[{\"@type\":\"SearchAction\",\"target\":{\"@type\":\"EntryPoint\",\"urlTemplate\":\"https:\\\/\\\/vicusalbus.org\\\/?s={search_term_string}\"},\"query-input\":{\"@type\":\"PropertyValueSpecification\",\"valueRequired\":true,\"valueName\":\"search_term_string\"}}],\"inLanguage\":\"es\"},{\"@type\":\"Organization\",\"@id\":\"https:\\\/\\\/vicusalbus.org\\\/#organization\",\"name\":\"Asociaci\u00f3n Vicus Albus\",\"url\":\"https:\\\/\\\/vicusalbus.org\\\/\",\"logo\":{\"@type\":\"ImageObject\",\"inLanguage\":\"es\",\"@id\":\"https:\\\/\\\/vicusalbus.org\\\/#\\\/schema\\\/logo\\\/image\\\/\",\"url\":\"https:\\\/\\\/vicusalbus.org\\\/wp-content\\\/uploads\\\/2024\\\/06\\\/cropped-logo_oficial_vicus.jpg\",\"contentUrl\":\"https:\\\/\\\/vicusalbus.org\\\/wp-content\\\/uploads\\\/2024\\\/06\\\/cropped-logo_oficial_vicus.jpg\",\"width\":496,\"height\":100,\"caption\":\"Asociaci\u00f3n Vicus Albus\"},\"image\":{\"@id\":\"https:\\\/\\\/vicusalbus.org\\\/#\\\/schema\\\/logo\\\/image\\\/\"}},{\"@type\":\"Person\",\"@id\":\"https:\\\/\\\/vicusalbus.org\\\/#\\\/schema\\\/person\\\/fb1ad2db921f1224bf9b110df3ea0380\",\"name\":\"admin\",\"image\":{\"@type\":\"ImageObject\",\"inLanguage\":\"es\",\"@id\":\"https:\\\/\\\/secure.gravatar.com\\\/avatar\\\/6dad5268b41262db617445641361944c505a46b24ee0cec33d7678d3a4ef18ee?s=96&d=mm&r=g\",\"url\":\"https:\\\/\\\/secure.gravatar.com\\\/avatar\\\/6dad5268b41262db617445641361944c505a46b24ee0cec33d7678d3a4ef18ee?s=96&d=mm&r=g\",\"contentUrl\":\"https:\\\/\\\/secure.gravatar.com\\\/avatar\\\/6dad5268b41262db617445641361944c505a46b24ee0cec33d7678d3a4ef18ee?s=96&d=mm&r=g\",\"caption\":\"admin\"},\"sameAs\":[\"https:\\\/\\\/vicusalbus.org\\\/wordpress\\\/wordpress\"],\"url\":\"https:\\\/\\\/vicusalbus.org\\\/?author=1\"}]}<\/script>\n<!-- \/ Yoast SEO plugin. -->","yoast_head_json":{"title":"Visitas guiadas a Vic\u00e1lvaro - Asociaci\u00f3n Vicus Albus","robots":{"index":"index","follow":"follow","max-snippet":"max-snippet:-1","max-image-preview":"max-image-preview:large","max-video-preview":"max-video-preview:-1"},"canonical":"https:\/\/vicusalbus.org\/?p=65","og_locale":"es_ES","og_type":"article","og_title":"Visitas guiadas a Vic\u00e1lvaro - Asociaci\u00f3n Vicus Albus","og_description":"\u00a0\u00a0\u00a0 Como viene haci\u00e9ndose desde los primeros a\u00f1os de actividad de Vicus Albus, el presidente de Vicus Albus, Valent\u00edn Gonz\u00e1lez, ha dedicado algunas de jornadas, a que los m\u00e1s j\u00f3venes de Vic\u00e1lvaro conozcan el pasado de sus barrios y calles. Desde el d\u00eda 14 del pasado mes de abril, los alumnos han asistido a una &hellip; Leer m\u00e1s \u00abVisitas guiadas a Vic\u00e1lvaro\u00bb","og_url":"https:\/\/vicusalbus.org\/?p=65","og_site_name":"Asociaci\u00f3n Vicus Albus","article_published_time":"2008-04-15T10:39:53+00:00","author":"admin","twitter_card":"summary_large_image","twitter_misc":{"Escrito por":"admin","Tiempo de lectura":"1 minuto"},"schema":{"@context":"https:\/\/schema.org","@graph":[{"@type":"Article","@id":"https:\/\/vicusalbus.org\/?p=65#article","isPartOf":{"@id":"https:\/\/vicusalbus.org\/?p=65"},"author":{"name":"admin","@id":"https:\/\/vicusalbus.org\/#\/schema\/person\/fb1ad2db921f1224bf9b110df3ea0380"},"headline":"Visitas guiadas a Vic\u00e1lvaro","datePublished":"2008-04-15T10:39:53+00:00","mainEntityOfPage":{"@id":"https:\/\/vicusalbus.org\/?p=65"},"wordCount":220,"commentCount":0,"publisher":{"@id":"https:\/\/vicusalbus.org\/#organization"},"articleSection":["Noticias de 2008"],"inLanguage":"es","potentialAction":[{"@type":"CommentAction","name":"Comment","target":["https:\/\/vicusalbus.org\/?p=65#respond"]}]},{"@type":"WebPage","@id":"https:\/\/vicusalbus.org\/?p=65","url":"https:\/\/vicusalbus.org\/?p=65","name":"Visitas guiadas a Vic\u00e1lvaro - Asociaci\u00f3n Vicus Albus","isPartOf":{"@id":"https:\/\/vicusalbus.org\/#website"},"datePublished":"2008-04-15T10:39:53+00:00","breadcrumb":{"@id":"https:\/\/vicusalbus.org\/?p=65#breadcrumb"},"inLanguage":"es","potentialAction":[{"@type":"ReadAction","target":["https:\/\/vicusalbus.org\/?p=65"]}]},{"@type":"BreadcrumbList","@id":"https:\/\/vicusalbus.org\/?p=65#breadcrumb","itemListElement":[{"@type":"ListItem","position":1,"name":"Portada","item":"https:\/\/vicusalbus.org\/"},{"@type":"ListItem","position":2,"name":"Visitas guiadas a Vic\u00e1lvaro"}]},{"@type":"WebSite","@id":"https:\/\/vicusalbus.org\/#website","url":"https:\/\/vicusalbus.org\/","name":"Asociaci\u00f3n Vicus Albus","description":"","publisher":{"@id":"https:\/\/vicusalbus.org\/#organization"},"potentialAction":[{"@type":"SearchAction","target":{"@type":"EntryPoint","urlTemplate":"https:\/\/vicusalbus.org\/?s={search_term_string}"},"query-input":{"@type":"PropertyValueSpecification","valueRequired":true,"valueName":"search_term_string"}}],"inLanguage":"es"},{"@type":"Organization","@id":"https:\/\/vicusalbus.org\/#organization","name":"Asociaci\u00f3n Vicus Albus","url":"https:\/\/vicusalbus.org\/","logo":{"@type":"ImageObject","inLanguage":"es","@id":"https:\/\/vicusalbus.org\/#\/schema\/logo\/image\/","url":"https:\/\/vicusalbus.org\/wp-content\/uploads\/2024\/06\/cropped-logo_oficial_vicus.jpg","contentUrl":"https:\/\/vicusalbus.org\/wp-content\/uploads\/2024\/06\/cropped-logo_oficial_vicus.jpg","width":496,"height":100,"caption":"Asociaci\u00f3n Vicus Albus"},"image":{"@id":"https:\/\/vicusalbus.org\/#\/schema\/logo\/image\/"}},{"@type":"Person","@id":"https:\/\/vicusalbus.org\/#\/schema\/person\/fb1ad2db921f1224bf9b110df3ea0380","name":"admin","image":{"@type":"ImageObject","inLanguage":"es","@id":"https:\/\/secure.gravatar.com\/avatar\/6dad5268b41262db617445641361944c505a46b24ee0cec33d7678d3a4ef18ee?s=96&d=mm&r=g","url":"https:\/\/secure.gravatar.com\/avatar\/6dad5268b41262db617445641361944c505a46b24ee0cec33d7678d3a4ef18ee?s=96&d=mm&r=g","contentUrl":"https:\/\/secure.gravatar.com\/avatar\/6dad5268b41262db617445641361944c505a46b24ee0cec33d7678d3a4ef18ee?s=96&d=mm&r=g","caption":"admin"},"sameAs":["https:\/\/vicusalbus.org\/wordpress\/wordpress"],"url":"https:\/\/vicusalbus.org\/?author=1"}]}},"_links":{"self":[{"href":"https:\/\/vicusalbus.org\/index.php?rest_route=\/wp\/v2\/posts\/65","targetHints":{"allow":["GET"]}}],"collection":[{"href":"https:\/\/vicusalbus.org\/index.php?rest_route=\/wp\/v2\/posts"}],"about":[{"href":"https:\/\/vicusalbus.org\/index.php?rest_route=\/wp\/v2\/types\/post"}],"author":[{"embeddable":true,"href":"https:\/\/vicusalbus.org\/index.php?rest_route=\/wp\/v2\/users\/1"}],"replies":[{"embeddable":true,"href":"https:\/\/vicusalbus.org\/index.php?rest_route=%2Fwp%2Fv2%2Fcomments&post=65"}],"version-history":[{"count":0,"href":"https:\/\/vicusalbus.org\/index.php?rest_route=\/wp\/v2\/posts\/65\/revisions"}],"wp:attachment":[{"href":"https:\/\/vicusalbus.org\/index.php?rest_route=%2Fwp%2Fv2%2Fmedia&parent=65"}],"wp:term":[{"taxonomy":"category","embeddable":true,"href":"https:\/\/vicusalbus.org\/index.php?rest_route=%2Fwp%2Fv2%2Fcategories&post=65"},{"taxonomy":"post_tag","embeddable":true,"href":"https:\/\/vicusalbus.org\/index.php?rest_route=%2Fwp%2Fv2%2Ftags&post=65"}],"curies":[{"name":"wp","href":"https:\/\/api.w.org\/{rel}","templated":true}]}}