{"id":67,"date":"2007-01-01T11:09:38","date_gmt":"2007-01-01T11:09:38","guid":{"rendered":"https:\/\/vicusalbus.org\/wordpress\/?p=67"},"modified":"2007-01-01T11:09:38","modified_gmt":"2007-01-01T11:09:38","slug":"calendario-de-2007","status":"publish","type":"post","link":"https:\/\/vicusalbus.org\/?p=67","title":{"rendered":"Calendario de 2007"},"content":{"rendered":"<p align=\"center\"><img loading=\"lazy\" decoding=\"async\" src=\"images\/cal2007.jpg\" alt=\"\" width=\"300\" height=\"423\" border=\"0\" \/><\/p>\n<blockquote>\n<p align=\"justify\">Como todos los a\u00f1os, muchos vicalvare\u00f1os ya disponen del nuevo calendario de la Asociaci\u00f3n Vicus Albus, este a\u00f1o 2007, Vicus Albus celebra su vig\u00e9simo quinto aniversario, desde que antes de ser asociaci\u00f3n, sus fundadores comenzaron sus trabajos. Como novedad lo hemos realizado en color, mostrando algunos de los trabajos realizados por nosotros en este tiempo.<\/p>\n<\/blockquote>\n","protected":false},"excerpt":{"rendered":"<p>Como todos los a\u00f1os, muchos vicalvare\u00f1os ya disponen del nuevo calendario de la Asociaci\u00f3n Vicus Albus, este a\u00f1o 2007, Vicus Albus celebra su vig\u00e9simo quinto aniversario, desde que antes de ser asociaci\u00f3n, sus fundadores comenzaron sus trabajos. Como novedad lo hemos realizado en color, mostrando algunos de los trabajos realizados por nosotros en este tiempo.<\/p>\n","protected":false},"author":1,"featured_media":0,"comment_status":"open","ping_status":"open","sticky":false,"template":"","format":"standard","meta":{"two_page_speed":[],"footnotes":""},"categories":[13],"tags":[],"class_list":["post-67","post","type-post","status-publish","format-standard","hentry","category-noticias-de-2007"],"yoast_head":"<!-- This site is optimized with the Yoast SEO plugin v27.5 - https:\/\/yoast.com\/product\/yoast-seo-wordpress\/ -->\n<title>Calendario de 2007 - Asociaci\u00f3n Vicus Albus<\/title>\n<meta name=\"robots\" content=\"index, follow, max-snippet:-1, max-image-preview:large, max-video-preview:-1\" \/>\n<link rel=\"canonical\" href=\"https:\/\/vicusalbus.org\/?p=67\" \/>\n<meta property=\"og:locale\" content=\"es_ES\" \/>\n<meta property=\"og:type\" content=\"article\" \/>\n<meta property=\"og:title\" content=\"Calendario de 2007 - Asociaci\u00f3n Vicus Albus\" \/>\n<meta property=\"og:description\" content=\"Como todos los a\u00f1os, muchos vicalvare\u00f1os ya disponen del nuevo calendario de la Asociaci\u00f3n Vicus Albus, este a\u00f1o 2007, Vicus Albus celebra su vig\u00e9simo quinto aniversario, desde que antes de ser asociaci\u00f3n, sus fundadores comenzaron sus trabajos. Como novedad lo hemos realizado en color, mostrando algunos de los trabajos realizados por nosotros en este tiempo.\" \/>\n<meta property=\"og:url\" content=\"https:\/\/vicusalbus.org\/?p=67\" \/>\n<meta property=\"og:site_name\" content=\"Asociaci\u00f3n Vicus Albus\" \/>\n<meta property=\"article:published_time\" content=\"2007-01-01T11:09:38+00:00\" \/>\n<meta name=\"author\" content=\"admin\" \/>\n<meta name=\"twitter:card\" content=\"summary_large_image\" \/>\n<meta name=\"twitter:label1\" content=\"Escrito por\" \/>\n\t<meta name=\"twitter:data1\" content=\"admin\" \/>\n<script type=\"application\/ld+json\" class=\"yoast-schema-graph\">{\"@context\":\"https:\\\/\\\/schema.org\",\"@graph\":[{\"@type\":\"Article\",\"@id\":\"https:\\\/\\\/vicusalbus.org\\\/?p=67#article\",\"isPartOf\":{\"@id\":\"https:\\\/\\\/vicusalbus.org\\\/?p=67\"},\"author\":{\"name\":\"admin\",\"@id\":\"https:\\\/\\\/vicusalbus.org\\\/#\\\/schema\\\/person\\\/fb1ad2db921f1224bf9b110df3ea0380\"},\"headline\":\"Calendario de 2007\",\"datePublished\":\"2007-01-01T11:09:38+00:00\",\"mainEntityOfPage\":{\"@id\":\"https:\\\/\\\/vicusalbus.org\\\/?p=67\"},\"wordCount\":62,\"commentCount\":0,\"publisher\":{\"@id\":\"https:\\\/\\\/vicusalbus.org\\\/#organization\"},\"articleSection\":[\"Noticias de 2007\"],\"inLanguage\":\"es\",\"potentialAction\":[{\"@type\":\"CommentAction\",\"name\":\"Comment\",\"target\":[\"https:\\\/\\\/vicusalbus.org\\\/?p=67#respond\"]}]},{\"@type\":\"WebPage\",\"@id\":\"https:\\\/\\\/vicusalbus.org\\\/?p=67\",\"url\":\"https:\\\/\\\/vicusalbus.org\\\/?p=67\",\"name\":\"Calendario de 2007 - Asociaci\u00f3n Vicus Albus\",\"isPartOf\":{\"@id\":\"https:\\\/\\\/vicusalbus.org\\\/#website\"},\"datePublished\":\"2007-01-01T11:09:38+00:00\",\"breadcrumb\":{\"@id\":\"https:\\\/\\\/vicusalbus.org\\\/?p=67#breadcrumb\"},\"inLanguage\":\"es\",\"potentialAction\":[{\"@type\":\"ReadAction\",\"target\":[\"https:\\\/\\\/vicusalbus.org\\\/?p=67\"]}]},{\"@type\":\"BreadcrumbList\",\"@id\":\"https:\\\/\\\/vicusalbus.org\\\/?p=67#breadcrumb\",\"itemListElement\":[{\"@type\":\"ListItem\",\"position\":1,\"name\":\"Portada\",\"item\":\"https:\\\/\\\/vicusalbus.org\\\/\"},{\"@type\":\"ListItem\",\"position\":2,\"name\":\"Calendario de 2007\"}]},{\"@type\":\"WebSite\",\"@id\":\"https:\\\/\\\/vicusalbus.org\\\/#website\",\"url\":\"https:\\\/\\\/vicusalbus.org\\\/\",\"name\":\"Asociaci\u00f3n Vicus Albus\",\"description\":\"\",\"publisher\":{\"@id\":\"https:\\\/\\\/vicusalbus.org\\\/#organization\"},\"potentialAction\":[{\"@type\":\"SearchAction\",\"target\":{\"@type\":\"EntryPoint\",\"urlTemplate\":\"https:\\\/\\\/vicusalbus.org\\\/?s={search_term_string}\"},\"query-input\":{\"@type\":\"PropertyValueSpecification\",\"valueRequired\":true,\"valueName\":\"search_term_string\"}}],\"inLanguage\":\"es\"},{\"@type\":\"Organization\",\"@id\":\"https:\\\/\\\/vicusalbus.org\\\/#organization\",\"name\":\"Asociaci\u00f3n Vicus Albus\",\"url\":\"https:\\\/\\\/vicusalbus.org\\\/\",\"logo\":{\"@type\":\"ImageObject\",\"inLanguage\":\"es\",\"@id\":\"https:\\\/\\\/vicusalbus.org\\\/#\\\/schema\\\/logo\\\/image\\\/\",\"url\":\"https:\\\/\\\/vicusalbus.org\\\/wp-content\\\/uploads\\\/2024\\\/06\\\/cropped-logo_oficial_vicus.jpg\",\"contentUrl\":\"https:\\\/\\\/vicusalbus.org\\\/wp-content\\\/uploads\\\/2024\\\/06\\\/cropped-logo_oficial_vicus.jpg\",\"width\":496,\"height\":100,\"caption\":\"Asociaci\u00f3n Vicus Albus\"},\"image\":{\"@id\":\"https:\\\/\\\/vicusalbus.org\\\/#\\\/schema\\\/logo\\\/image\\\/\"}},{\"@type\":\"Person\",\"@id\":\"https:\\\/\\\/vicusalbus.org\\\/#\\\/schema\\\/person\\\/fb1ad2db921f1224bf9b110df3ea0380\",\"name\":\"admin\",\"image\":{\"@type\":\"ImageObject\",\"inLanguage\":\"es\",\"@id\":\"https:\\\/\\\/secure.gravatar.com\\\/avatar\\\/6dad5268b41262db617445641361944c505a46b24ee0cec33d7678d3a4ef18ee?s=96&d=mm&r=g\",\"url\":\"https:\\\/\\\/secure.gravatar.com\\\/avatar\\\/6dad5268b41262db617445641361944c505a46b24ee0cec33d7678d3a4ef18ee?s=96&d=mm&r=g\",\"contentUrl\":\"https:\\\/\\\/secure.gravatar.com\\\/avatar\\\/6dad5268b41262db617445641361944c505a46b24ee0cec33d7678d3a4ef18ee?s=96&d=mm&r=g\",\"caption\":\"admin\"},\"sameAs\":[\"https:\\\/\\\/vicusalbus.org\\\/wordpress\\\/wordpress\"],\"url\":\"https:\\\/\\\/vicusalbus.org\\\/?author=1\"}]}<\/script>\n<!-- \/ Yoast SEO plugin. -->","yoast_head_json":{"title":"Calendario de 2007 - Asociaci\u00f3n Vicus Albus","robots":{"index":"index","follow":"follow","max-snippet":"max-snippet:-1","max-image-preview":"max-image-preview:large","max-video-preview":"max-video-preview:-1"},"canonical":"https:\/\/vicusalbus.org\/?p=67","og_locale":"es_ES","og_type":"article","og_title":"Calendario de 2007 - Asociaci\u00f3n Vicus Albus","og_description":"Como todos los a\u00f1os, muchos vicalvare\u00f1os ya disponen del nuevo calendario de la Asociaci\u00f3n Vicus Albus, este a\u00f1o 2007, Vicus Albus celebra su vig\u00e9simo quinto aniversario, desde que antes de ser asociaci\u00f3n, sus fundadores comenzaron sus trabajos. Como novedad lo hemos realizado en color, mostrando algunos de los trabajos realizados por nosotros en este tiempo.","og_url":"https:\/\/vicusalbus.org\/?p=67","og_site_name":"Asociaci\u00f3n Vicus Albus","article_published_time":"2007-01-01T11:09:38+00:00","author":"admin","twitter_card":"summary_large_image","twitter_misc":{"Escrito por":"admin"},"schema":{"@context":"https:\/\/schema.org","@graph":[{"@type":"Article","@id":"https:\/\/vicusalbus.org\/?p=67#article","isPartOf":{"@id":"https:\/\/vicusalbus.org\/?p=67"},"author":{"name":"admin","@id":"https:\/\/vicusalbus.org\/#\/schema\/person\/fb1ad2db921f1224bf9b110df3ea0380"},"headline":"Calendario de 2007","datePublished":"2007-01-01T11:09:38+00:00","mainEntityOfPage":{"@id":"https:\/\/vicusalbus.org\/?p=67"},"wordCount":62,"commentCount":0,"publisher":{"@id":"https:\/\/vicusalbus.org\/#organization"},"articleSection":["Noticias de 2007"],"inLanguage":"es","potentialAction":[{"@type":"CommentAction","name":"Comment","target":["https:\/\/vicusalbus.org\/?p=67#respond"]}]},{"@type":"WebPage","@id":"https:\/\/vicusalbus.org\/?p=67","url":"https:\/\/vicusalbus.org\/?p=67","name":"Calendario de 2007 - Asociaci\u00f3n Vicus Albus","isPartOf":{"@id":"https:\/\/vicusalbus.org\/#website"},"datePublished":"2007-01-01T11:09:38+00:00","breadcrumb":{"@id":"https:\/\/vicusalbus.org\/?p=67#breadcrumb"},"inLanguage":"es","potentialAction":[{"@type":"ReadAction","target":["https:\/\/vicusalbus.org\/?p=67"]}]},{"@type":"BreadcrumbList","@id":"https:\/\/vicusalbus.org\/?p=67#breadcrumb","itemListElement":[{"@type":"ListItem","position":1,"name":"Portada","item":"https:\/\/vicusalbus.org\/"},{"@type":"ListItem","position":2,"name":"Calendario de 2007"}]},{"@type":"WebSite","@id":"https:\/\/vicusalbus.org\/#website","url":"https:\/\/vicusalbus.org\/","name":"Asociaci\u00f3n Vicus Albus","description":"","publisher":{"@id":"https:\/\/vicusalbus.org\/#organization"},"potentialAction":[{"@type":"SearchAction","target":{"@type":"EntryPoint","urlTemplate":"https:\/\/vicusalbus.org\/?s={search_term_string}"},"query-input":{"@type":"PropertyValueSpecification","valueRequired":true,"valueName":"search_term_string"}}],"inLanguage":"es"},{"@type":"Organization","@id":"https:\/\/vicusalbus.org\/#organization","name":"Asociaci\u00f3n Vicus Albus","url":"https:\/\/vicusalbus.org\/","logo":{"@type":"ImageObject","inLanguage":"es","@id":"https:\/\/vicusalbus.org\/#\/schema\/logo\/image\/","url":"https:\/\/vicusalbus.org\/wp-content\/uploads\/2024\/06\/cropped-logo_oficial_vicus.jpg","contentUrl":"https:\/\/vicusalbus.org\/wp-content\/uploads\/2024\/06\/cropped-logo_oficial_vicus.jpg","width":496,"height":100,"caption":"Asociaci\u00f3n Vicus Albus"},"image":{"@id":"https:\/\/vicusalbus.org\/#\/schema\/logo\/image\/"}},{"@type":"Person","@id":"https:\/\/vicusalbus.org\/#\/schema\/person\/fb1ad2db921f1224bf9b110df3ea0380","name":"admin","image":{"@type":"ImageObject","inLanguage":"es","@id":"https:\/\/secure.gravatar.com\/avatar\/6dad5268b41262db617445641361944c505a46b24ee0cec33d7678d3a4ef18ee?s=96&d=mm&r=g","url":"https:\/\/secure.gravatar.com\/avatar\/6dad5268b41262db617445641361944c505a46b24ee0cec33d7678d3a4ef18ee?s=96&d=mm&r=g","contentUrl":"https:\/\/secure.gravatar.com\/avatar\/6dad5268b41262db617445641361944c505a46b24ee0cec33d7678d3a4ef18ee?s=96&d=mm&r=g","caption":"admin"},"sameAs":["https:\/\/vicusalbus.org\/wordpress\/wordpress"],"url":"https:\/\/vicusalbus.org\/?author=1"}]}},"_links":{"self":[{"href":"https:\/\/vicusalbus.org\/index.php?rest_route=\/wp\/v2\/posts\/67","targetHints":{"allow":["GET"]}}],"collection":[{"href":"https:\/\/vicusalbus.org\/index.php?rest_route=\/wp\/v2\/posts"}],"about":[{"href":"https:\/\/vicusalbus.org\/index.php?rest_route=\/wp\/v2\/types\/post"}],"author":[{"embeddable":true,"href":"https:\/\/vicusalbus.org\/index.php?rest_route=\/wp\/v2\/users\/1"}],"replies":[{"embeddable":true,"href":"https:\/\/vicusalbus.org\/index.php?rest_route=%2Fwp%2Fv2%2Fcomments&post=67"}],"version-history":[{"count":0,"href":"https:\/\/vicusalbus.org\/index.php?rest_route=\/wp\/v2\/posts\/67\/revisions"}],"wp:attachment":[{"href":"https:\/\/vicusalbus.org\/index.php?rest_route=%2Fwp%2Fv2%2Fmedia&parent=67"}],"wp:term":[{"taxonomy":"category","embeddable":true,"href":"https:\/\/vicusalbus.org\/index.php?rest_route=%2Fwp%2Fv2%2Fcategories&post=67"},{"taxonomy":"post_tag","embeddable":true,"href":"https:\/\/vicusalbus.org\/index.php?rest_route=%2Fwp%2Fv2%2Ftags&post=67"}],"curies":[{"name":"wp","href":"https:\/\/api.w.org\/{rel}","templated":true}]}}