{"id":69,"date":"2007-01-19T11:16:21","date_gmt":"2007-01-19T11:16:21","guid":{"rendered":"https:\/\/vicusalbus.org\/wordpress\/?p=69"},"modified":"2007-01-19T11:16:21","modified_gmt":"2007-01-19T11:16:21","slug":"un-museo-para-vicalvaro","status":"publish","type":"post","link":"https:\/\/vicusalbus.org\/?p=69","title":{"rendered":"Un museo para Vic\u00e1lvaro"},"content":{"rendered":"<p align=\"justify\"><span style=\"font-family: Arial;\">El p<\/span>r\u00f3ximo d\u00eda 18 de enero se reunir\u00e1 el Consejo Territorial, en el que esperamos que se revelen los resultados de la Encuesta del plan de la Agenda21 en Vic\u00e1lvaro.<\/p>\n<ul>\n<li>\n<p align=\"justify\"><span style=\"font-family: Arial;\"> <a href=\"novedades_archivos\/Cuestionario_Vicalvaro.pdf\">Cuestionario Imprimible en PDF<\/a>.<\/span><\/p>\n<\/li>\n<li>\n<p align=\"justify\"><span style=\"font-family: Arial;\"> <a href=\"novedades_archivos\/agenda21.pdf\">M\u00e1s Informaci\u00f3n acerca del plan de actuaci\u00f3n &#8220;Agenda 21&#8221; en Vic\u00e1lvaro.<\/a><\/span><\/p>\n<\/li>\n<\/ul>\n<p align=\"justify\">Los resultados que ha dado el Ayuntamiento de Madrid son los siguientes;<\/p>\n<div class=\"Section1\">\n<table id=\"table2\" class=\"MsoTableGrid\" style=\"border-collapse: collapse;\" border=\"1\" cellspacing=\"0\" cellpadding=\"0\">\n<tbody>\n<tr>\n<td style=\"width: 62.6pt; border: 1pt solid windowtext; padding: 0cm 5.4pt 0cm 5.4pt;\" align=\"center\" valign=\"top\" width=\"83\"><span style=\"text-decoration: underline;\"><b>PROPUESTA<\/b><\/span><\/td>\n<td style=\"width: 225.5pt; border-left: medium none; border-right: 1pt solid windowtext; border-top: 1pt solid windowtext; border-bottom: 1pt solid windowtext; padding: 0cm 5.4pt 0cm 5.4pt;\" align=\"center\" valign=\"top\" width=\"301\">\n<p class=\"MsoNormal\"><span style=\"font-family: Arial; font-size: small;\"> <span style=\"font-size: 10pt; font-family: Arial; font-weight: bold; text-decoration: underline;\"> \u00a0DESCRIPCI\u00d3N\u00a0<\/span><\/span><\/p>\n<\/td>\n<td style=\"width: 144.1pt; border-left: medium none; border-right: 1pt solid windowtext; border-top: 1pt solid windowtext; border-bottom: 1pt solid windowtext; padding: 0cm 5.4pt 0cm 5.4pt;\" align=\"center\" valign=\"top\" width=\"192\">\n<p class=\"MsoNormal\"><span style=\"font-family: Arial; font-size: small;\"> <span style=\"font-size: 10pt; font-family: Arial; font-weight: bold; text-decoration: underline;\"> \u00a0PUNTUACI\u00d3N MEDIA<\/span><\/span><\/p>\n<\/td>\n<\/tr>\n<tr>\n<td style=\"width: 62.6pt; border-left: 1pt solid windowtext; border-right: 1pt solid windowtext; border-top: medium none; border-bottom: 1pt solid windowtext; padding: 0cm 5.4pt 0cm 5.4pt;\" valign=\"top\" width=\"83\">\n<p class=\"MsoNormal\"><span style=\"font-family: Arial; font-size: small;\"> <span style=\"font-size: 10pt; font-family: Arial;\"> A.138<\/span><\/span><\/p>\n<\/td>\n<td style=\"width: 225.5pt; border-left: medium none; border-right: 1pt solid windowtext; border-top: medium none; border-bottom: 1pt solid windowtext; padding: 0cm 5.4pt 0cm 5.4pt;\" valign=\"top\" width=\"301\">\n<p class=\"MsoNormal\"><span style=\"font-family: Arial; font-size: small;\"> <span style=\"font-size: 10pt; font-family: Arial;\"> Creaci\u00f3n de un centro de especialidades.<\/span><\/span><\/p>\n<\/td>\n<td style=\"width: 144.1pt; border-left: medium none; border-right: 1pt solid windowtext; border-top: medium none; border-bottom: 1pt solid windowtext; padding: 0cm 5.4pt 0cm 5.4pt;\" align=\"center\" width=\"192\">\n<p class=\"MsoNormal\"><span style=\"font-family: Arial; font-size: small;\"> <span style=\"font-size: 10pt; font-family: Arial;\"> 4.45<\/span><\/span><\/p>\n<\/td>\n<\/tr>\n<tr>\n<td style=\"width: 62.6pt; border-left: 1pt solid windowtext; border-right: 1pt solid windowtext; border-top: medium none; border-bottom: 1pt solid windowtext; padding: 0cm 5.4pt 0cm 5.4pt;\" valign=\"top\" width=\"83\">\n<p class=\"MsoNormal\"><span style=\"font-family: Arial; font-size: small;\"> <span style=\"font-size: 10pt; font-family: Arial;\"> A.123<\/span><\/span><\/p>\n<\/td>\n<td style=\"width: 225.5pt; border-left: medium none; border-right: 1pt solid windowtext; border-top: medium none; border-bottom: 1pt solid windowtext; padding: 0cm 5.4pt 0cm 5.4pt;\" valign=\"top\" width=\"301\">\n<p class=\"MsoNormal\"><span style=\"font-family: Arial; font-size: small;\"> <span style=\"font-size: 10pt; font-family: Arial;\"> Creaci\u00f3n de escuelas infantiles en <span class=\"GramE\">los nuevo barrios<\/span>.<\/span><\/span><\/p>\n<\/td>\n<td style=\"width: 144.1pt; border-left: medium none; border-right: 1pt solid windowtext; border-top: medium none; border-bottom: 1pt solid windowtext; padding: 0cm 5.4pt 0cm 5.4pt;\" align=\"center\" width=\"192\">\n<p class=\"MsoNormal\"><span style=\"font-family: Arial; font-size: small;\"> <span style=\"font-size: 10pt; font-family: Arial;\"> 4.39<\/span><\/span><\/p>\n<\/td>\n<\/tr>\n<tr>\n<td style=\"width: 62.6pt; border-left: 1pt solid windowtext; border-right: 1pt solid windowtext; border-top: medium none; border-bottom: 1pt solid windowtext; padding: 0cm 5.4pt 0cm 5.4pt;\" valign=\"top\" width=\"83\">\n<p class=\"MsoNormal\"><span style=\"font-family: Arial; font-size: small;\"> <span style=\"font-size: 10pt; font-family: Arial;\"> A.109<\/span><\/span><\/p>\n<\/td>\n<td style=\"width: 225.5pt; border-left: medium none; border-right: 1pt solid windowtext; border-top: medium none; border-bottom: 1pt solid windowtext; padding: 0cm 5.4pt 0cm 5.4pt;\" valign=\"top\" width=\"301\">\n<p class=\"MsoNormal\"><span style=\"font-family: Arial; font-size: small;\"> <span style=\"font-size: 10pt; font-family: Arial;\"> Soterramiento de las <span class=\"SpellE\"> l\u00edneas<\/span> de alta y media tensi\u00f3n que pasan por el distrito, e inspecci\u00f3n de las mismas<span class=\"GramE\">..<\/span><\/span><\/span><\/p>\n<\/td>\n<td style=\"width: 144.1pt; border-left: medium none; border-right: 1pt solid windowtext; border-top: medium none; border-bottom: 1pt solid windowtext; padding: 0cm 5.4pt 0cm 5.4pt;\" align=\"center\" width=\"192\">\n<p class=\"MsoNormal\"><span style=\"font-family: Arial; font-size: small;\"> <span style=\"font-size: 10pt; font-family: Arial;\"> 4.06<\/span><\/span><\/p>\n<\/td>\n<\/tr>\n<tr>\n<td style=\"width: 62.6pt; border-left: 1pt solid windowtext; border-right: 1pt solid windowtext; border-top: medium none; border-bottom: 1pt solid windowtext; padding: 0cm 5.4pt 0cm 5.4pt;\" valign=\"top\" width=\"83\">\n<p class=\"MsoNormal\"><span style=\"font-family: Arial; font-size: small;\"> <span style=\"font-size: 10pt; font-family: Arial;\"> A.165<\/span><\/span><\/p>\n<\/td>\n<td style=\"width: 225.5pt; border-left: medium none; border-right: 1pt solid windowtext; border-top: medium none; border-bottom: 1pt solid windowtext; padding: 0cm 5.4pt 0cm 5.4pt;\" valign=\"top\" width=\"301\">\n<p class=\"MsoNormal\"><span style=\"font-family: Arial; font-size: small;\"> <span style=\"font-size: 10pt; font-family: Arial;\"> Ampliaci\u00f3n de horarios en guarder\u00edas p\u00fablicas, concertadas o privadas a horario laboral y vacacional.<\/span><\/span><\/p>\n<\/td>\n<td style=\"width: 144.1pt; border-left: medium none; border-right: 1pt solid windowtext; border-top: medium none; border-bottom: 1pt solid windowtext; padding: 0cm 5.4pt 0cm 5.4pt;\" align=\"center\" width=\"192\">\n<p class=\"MsoNormal\"><span style=\"font-family: Arial; font-size: small;\"> <span style=\"font-size: 10pt; font-family: Arial;\"> 3.98<\/span><\/span><\/p>\n<\/td>\n<\/tr>\n<tr>\n<td style=\"width: 62.6pt; border-left: 1pt solid windowtext; border-right: 1pt solid windowtext; border-top: medium none; border-bottom: 1pt solid windowtext; padding: 0cm 5.4pt 0cm 5.4pt;\" valign=\"top\" width=\"83\">\n<p class=\"MsoNormal\"><span style=\"font-family: Arial; font-size: small;\"> <span style=\"font-size: 10pt; font-family: Arial;\"> A.18<\/span><\/span><\/p>\n<\/td>\n<td style=\"width: 225.5pt; border-left: medium none; border-right: 1pt solid windowtext; border-top: medium none; border-bottom: 1pt solid windowtext; padding: 0cm 5.4pt 0cm 5.4pt;\" valign=\"top\" width=\"301\">\n<p class=\"MsoNormal\"><span style=\"font-family: Arial; font-size: small;\"> <span style=\"font-size: 10pt; font-family: Arial;\"> Redimensionamiento y acondicionamiento del intercambiador de Puerta de Arganda.<\/span><\/span><\/p>\n<\/td>\n<td style=\"width: 144.1pt; border-left: medium none; border-right: 1pt solid windowtext; border-top: medium none; border-bottom: 1pt solid windowtext; padding: 0cm 5.4pt 0cm 5.4pt;\" align=\"center\" width=\"192\">\n<p class=\"MsoNormal\"><span style=\"font-family: Arial; font-size: small;\"> <span style=\"font-size: 10pt; font-family: Arial;\"> 3.93<\/span><\/span><\/p>\n<\/td>\n<\/tr>\n<tr>\n<td style=\"width: 62.6pt; border-left: 1pt solid windowtext; border-right: 1pt solid windowtext; border-top: medium none; border-bottom: 1pt solid windowtext; padding: 0cm 5.4pt 0cm 5.4pt;\" valign=\"top\" width=\"83\">\n<p class=\"MsoNormal\"><span style=\"font-family: Arial; font-size: small;\"> <span style=\"font-size: 10pt; font-family: Arial;\"> A.3<\/span><\/span><\/p>\n<\/td>\n<td style=\"width: 225.5pt; border-left: medium none; border-right: 1pt solid windowtext; border-top: medium none; border-bottom: 1pt solid windowtext; padding: 0cm 5.4pt 0cm 5.4pt;\" valign=\"top\" width=\"301\">\n<p class=\"MsoNormal\"><span style=\"font-family: Arial; font-size: small;\"> <span style=\"font-size: 10pt; font-family: Arial;\"> Eliminaci\u00f3n del Peaje de la R-3 de forma prioritaria en el tramo comprendido desde O\u2019Donell hasta la M-50.<\/span><\/span><\/p>\n<\/td>\n<td style=\"width: 144.1pt; border-left: medium none; border-right: 1pt solid windowtext; border-top: medium none; border-bottom: 1pt solid windowtext; padding: 0cm 5.4pt 0cm 5.4pt;\" align=\"center\" width=\"192\">\n<p class=\"MsoNormal\"><span style=\"font-family: Arial; font-size: small;\"> <span style=\"font-size: 10pt; font-family: Arial;\"> 3.90<\/span><\/span><\/p>\n<\/td>\n<\/tr>\n<tr>\n<td style=\"width: 62.6pt; border-left: 1pt solid windowtext; border-right: 1pt solid windowtext; border-top: medium none; border-bottom: 1pt solid windowtext; padding: 0cm 5.4pt 0cm 5.4pt;\" valign=\"top\" width=\"83\">\n<p class=\"MsoNormal\"><span style=\"font-family: Arial; font-size: small;\"> <span style=\"font-size: 10pt; font-family: Arial;\"> A.83<\/span><\/span><\/p>\n<\/td>\n<td style=\"width: 225.5pt; border-left: medium none; border-right: 1pt solid windowtext; border-top: medium none; border-bottom: 1pt solid windowtext; padding: 0cm 5.4pt 0cm 5.4pt;\" valign=\"top\" width=\"301\">\n<p class=\"MsoNormal\"><span style=\"font-family: Arial; font-size: small;\"> <span style=\"font-size: 10pt; font-family: Arial;\"> Rehabilitaci\u00f3n de la Cu\u00f1a Verde, teniendo en cuenta criterios de <span class=\"SpellE\"> sostenibilidad<\/span>.<\/span><\/span><\/p>\n<\/td>\n<td style=\"width: 144.1pt; border-left: medium none; border-right: 1pt solid windowtext; border-top: medium none; border-bottom: 1pt solid windowtext; padding: 0cm 5.4pt 0cm 5.4pt;\" align=\"center\" width=\"192\">\n<p class=\"MsoNormal\"><span style=\"font-family: Arial; font-size: small;\"> <span style=\"font-size: 10pt; font-family: Arial;\"> 3.89<\/span><\/span><\/p>\n<\/td>\n<\/tr>\n<tr>\n<td style=\"width: 62.6pt; border-left: 1pt solid windowtext; border-right: 1pt solid windowtext; border-top: medium none; border-bottom: 1pt solid windowtext; padding: 0cm 5.4pt 0cm 5.4pt;\" valign=\"top\" width=\"83\">\n<p class=\"MsoNormal\"><span style=\"font-family: Arial; font-size: small;\"> <span style=\"font-size: 10pt; font-family: Arial;\"> A.132<\/span><\/span><\/p>\n<\/td>\n<td style=\"width: 225.5pt; border-left: medium none; border-right: 1pt solid windowtext; border-top: medium none; border-bottom: 1pt solid windowtext; padding: 0cm 5.4pt 0cm 5.4pt;\" valign=\"top\" width=\"301\">\n<p class=\"MsoNormal\"><span style=\"font-family: Arial; font-size: small;\"> <span style=\"font-size: 10pt; font-family: Arial;\"> Creaci\u00f3n de Residencias para Mayores en el Distrito.<\/span><\/span><\/p>\n<\/td>\n<td style=\"width: 144.1pt; border-left: medium none; border-right: 1pt solid windowtext; border-top: medium none; border-bottom: 1pt solid windowtext; padding: 0cm 5.4pt 0cm 5.4pt;\" align=\"center\" width=\"192\">\n<p class=\"MsoNormal\"><span style=\"font-family: Arial; font-size: small;\"> <span style=\"font-size: 10pt; font-family: Arial;\"> 3.89<\/span><\/span><\/p>\n<\/td>\n<\/tr>\n<tr>\n<td style=\"width: 62.6pt; border-left: 1pt solid windowtext; border-right: 1pt solid windowtext; border-top: medium none; border-bottom: 1pt solid windowtext; padding: 0cm 5.4pt 0cm 5.4pt;\" valign=\"top\" width=\"83\">\n<p class=\"MsoNormal\"><span style=\"font-family: Arial; font-size: small;\"> <span style=\"font-size: 10pt; font-family: Arial;\"> A.10<\/span><\/span><\/p>\n<\/td>\n<td style=\"width: 225.5pt; border-left: medium none; border-right: 1pt solid windowtext; border-top: medium none; border-bottom: 1pt solid windowtext; padding: 0cm 5.4pt 0cm 5.4pt;\" valign=\"top\" width=\"301\">\n<p class=\"MsoNormal\"><span style=\"font-family: Arial; font-size: small;\"> <span style=\"font-size: 10pt; font-family: Arial;\"> Construcci\u00f3n de la 2\u00aa <span class=\"SpellE\"> Linea<\/span> circular de metro.<\/span><\/span><\/p>\n<\/td>\n<td style=\"width: 144.1pt; border-left: medium none; border-right: 1pt solid windowtext; border-top: medium none; border-bottom: 1pt solid windowtext; padding: 0cm 5.4pt 0cm 5.4pt;\" align=\"center\" width=\"192\">\n<p class=\"MsoNormal\"><span style=\"font-family: Arial; font-size: small;\"> <span style=\"font-size: 10pt; font-family: Arial;\"> 3.75<\/span><\/span><\/p>\n<\/td>\n<\/tr>\n<tr>\n<td style=\"width: 62.6pt; border-left: 1pt solid windowtext; border-right: 1pt solid windowtext; border-top: medium none; border-bottom: 1pt solid windowtext; padding: 0cm 5.4pt 0cm 5.4pt;\" valign=\"top\" width=\"83\">\n<p class=\"MsoNormal\"><span style=\"font-family: Arial; font-size: small;\"> <span style=\"font-size: 10pt; font-family: Arial;\"> A.144<\/span><\/span><\/p>\n<\/td>\n<td style=\"width: 225.5pt; border-left: medium none; border-right: 1pt solid windowtext; border-top: medium none; border-bottom: 1pt solid windowtext; padding: 0cm 5.4pt 0cm 5.4pt;\" valign=\"top\" width=\"301\">\n<p class=\"MsoNormal\"><span style=\"font-family: Arial; font-size: small;\"> <span style=\"font-size: 10pt; font-family: Arial;\"> Viviendas de alquiler para j\u00f3venes en los nuevos barrios.<\/span><\/span><\/p>\n<\/td>\n<td style=\"width: 144.1pt; border-left: medium none; border-right: 1pt solid windowtext; border-top: medium none; border-bottom: 1pt solid windowtext; padding: 0cm 5.4pt 0cm 5.4pt;\" align=\"center\" width=\"192\">\n<p class=\"MsoNormal\"><span style=\"font-family: Arial; font-size: small;\"> <span style=\"font-size: 10pt; font-family: Arial;\"> 3.69<\/span><\/span><\/p>\n<\/td>\n<\/tr>\n<tr>\n<td style=\"width: 62.6pt; border-left: 1pt solid windowtext; border-right: 1pt solid windowtext; border-top: medium none; border-bottom: 1pt solid windowtext; padding: 0cm 5.4pt 0cm 5.4pt;\" valign=\"top\" width=\"83\">\n<p class=\"MsoNormal\"><span style=\"font-family: Arial; font-size: small;\"> <span style=\"font-size: 10pt; font-family: Arial;\"> A.72<\/span><\/span><\/p>\n<\/td>\n<td style=\"width: 225.5pt; border-left: medium none; border-right: 1pt solid windowtext; border-top: medium none; border-bottom: 1pt solid windowtext; padding: 0cm 5.4pt 0cm 5.4pt;\" valign=\"top\" width=\"301\">\n<p class=\"MsoNormal\"><span style=\"font-family: Arial; font-size: small;\"> <span style=\"font-size: 10pt; font-family: Arial;\"> Campa\u00f1as vecinales para el la participaci\u00f3n en el dise\u00f1o, y cuidado de las zonas verdes.<\/span><\/span><\/p>\n<\/td>\n<td style=\"width: 144.1pt; border-left: medium none; border-right: 1pt solid windowtext; border-top: medium none; border-bottom: 1pt solid windowtext; padding: 0cm 5.4pt 0cm 5.4pt;\" align=\"center\" width=\"192\">\n<p class=\"MsoNormal\"><span style=\"font-family: Arial; font-size: small;\"> <span style=\"font-size: 10pt; font-family: Arial;\"> 3.56<\/span><\/span><\/p>\n<\/td>\n<\/tr>\n<tr>\n<td style=\"width: 62.6pt; border-left: 1pt solid windowtext; border-right: 1pt solid windowtext; border-top: medium none; border-bottom: 1pt solid windowtext; padding: 0cm 5.4pt 0cm 5.4pt;\" valign=\"top\" width=\"83\">\n<p class=\"MsoNormal\"><span style=\"font-family: Arial; font-size: small;\"> <span style=\"font-size: 10pt; font-family: Arial;\"> A.58<\/span><\/span><\/p>\n<\/td>\n<td style=\"width: 225.5pt; border-left: medium none; border-right: 1pt solid windowtext; border-top: medium none; border-bottom: 1pt solid windowtext; padding: 0cm 5.4pt 0cm 5.4pt;\" valign=\"top\" width=\"301\">\n<p class=\"MsoNormal\"><span class=\"SpellE\"> <span style=\"font-family: Arial; font-size: small;\"> <span style=\"font-size: 10pt; font-family: Arial;\"> Acrtuaciones<\/span><\/span><\/span><span style=\"font-family: Arial; font-size: small;\"><span style=\"font-size: 10pt; font-family: Arial;\"> para dar protagonismo a las PYMES comerciales del distrito.<\/span><\/span><\/p>\n<\/td>\n<td style=\"width: 144.1pt; border-left: medium none; border-right: 1pt solid windowtext; border-top: medium none; border-bottom: 1pt solid windowtext; padding: 0cm 5.4pt 0cm 5.4pt;\" align=\"center\" width=\"192\">\n<p class=\"MsoNormal\"><span style=\"font-family: Arial; font-size: small;\"> <span style=\"font-size: 10pt; font-family: Arial;\"> 3.47<\/span><\/span><\/p>\n<\/td>\n<\/tr>\n<tr>\n<td style=\"width: 62.6pt; border-left: 1pt solid windowtext; border-right: 1pt solid windowtext; border-top: medium none; border-bottom: 1pt solid windowtext; padding: 0cm 5.4pt 0cm 5.4pt;\" valign=\"top\" width=\"83\">\n<p class=\"MsoNormal\"><span style=\"font-family: Arial; font-size: small;\"> <span style=\"font-size: 10pt; font-family: Arial; font-weight: bold;\"> A.152<\/span><\/span><\/p>\n<\/td>\n<td style=\"width: 225.5pt; border-left: medium none; border-right: 1pt solid windowtext; border-top: medium none; border-bottom: 1pt solid windowtext; padding: 0cm 5.4pt 0cm 5.4pt;\" valign=\"top\" width=\"301\">\n<p class=\"MsoNormal\"><span style=\"font-size: small;\"> <span style=\"font-weight: bold;\">Creaci\u00f3n de un <\/span><\/span> <span style=\"font-family: Arial; font-size: small;\"> <span style=\"font-size: 10pt; font-family: Arial; font-weight: bold;\"> Museo Archivo para Vic\u00e1lvaro.<\/span><\/span><\/p>\n<\/td>\n<td style=\"width: 144.1pt; border-left: medium none; border-right: 1pt solid windowtext; border-top: medium none; border-bottom: 1pt solid windowtext; padding: 0cm 5.4pt 0cm 5.4pt;\" align=\"center\" width=\"192\">\n<p class=\"MsoNormal\"><span style=\"font-family: Arial; font-size: small;\"> <span style=\"font-size: 10pt; font-family: Arial; font-weight: bold;\"> 3.42<\/span><\/span><\/p>\n<\/td>\n<\/tr>\n<tr>\n<td style=\"width: 62.6pt; border-left: 1pt solid windowtext; border-right: 1pt solid windowtext; border-top: medium none; border-bottom: 1pt solid windowtext; padding: 0cm 5.4pt 0cm 5.4pt;\" valign=\"top\" width=\"83\">\n<p class=\"MsoNormal\"><span style=\"font-family: Arial; font-size: small;\"> <span style=\"font-size: 10pt; font-family: Arial;\"> A.33<\/span><\/span><\/p>\n<\/td>\n<td style=\"width: 225.5pt; border-left: medium none; border-right: 1pt solid windowtext; border-top: medium none; border-bottom: 1pt solid windowtext; padding: 0cm 5.4pt 0cm 5.4pt;\" valign=\"top\" width=\"301\">\n<p class=\"MsoNormal\"><span style=\"font-family: Arial; font-size: small;\"> <span style=\"font-size: 10pt; font-family: Arial;\"> Sustituir Sem\u00e1foros por Rotondas, en los lugares donde sea posible.<\/span><\/span><\/p>\n<\/td>\n<td style=\"width: 144.1pt; border-left: medium none; border-right: 1pt solid windowtext; border-top: medium none; border-bottom: 1pt solid windowtext; padding: 0cm 5.4pt 0cm 5.4pt;\" align=\"center\" width=\"192\">\n<p class=\"MsoNormal\"><span style=\"font-family: Arial; font-size: small;\"> <span style=\"font-size: 10pt; font-family: Arial;\"> 2.89<\/span><\/span><\/p>\n<\/td>\n<\/tr>\n<tr>\n<td style=\"width: 62.6pt; border-left: 1pt solid windowtext; border-right: 1pt solid windowtext; border-top: medium none; border-bottom: 1pt solid windowtext; padding: 0cm 5.4pt 0cm 5.4pt;\" valign=\"top\" width=\"83\">\n<p class=\"MsoNormal\"><span style=\"font-family: Arial; font-size: small;\"> <span style=\"font-size: 10pt; font-family: Arial;\"> A.52<\/span><\/span><\/p>\n<\/td>\n<td style=\"width: 225.5pt; border-left: medium none; border-right: 1pt solid windowtext; border-top: medium none; border-bottom: 1pt solid windowtext; padding: 0cm 5.4pt 0cm 5.4pt;\" valign=\"top\" width=\"301\">\n<p class=\"MsoNormal\"><span style=\"font-family: Arial; font-size: small;\"> <span style=\"font-size: 10pt; font-family: Arial;\"> Establecimiento de un centro de difusi\u00f3n tecnol\u00f3gica.<\/span><\/span><\/p>\n<\/td>\n<td style=\"width: 144.1pt; border-left: medium none; border-right: 1pt solid windowtext; border-top: medium none; border-bottom: 1pt solid windowtext; padding: 0cm 5.4pt 0cm 5.4pt;\" align=\"center\" width=\"192\">\n<p class=\"MsoNormal\"><span style=\"font-family: Arial; font-size: small;\"> <span style=\"font-size: 10pt; font-family: Arial;\"> 2.87<\/span><\/span><\/p>\n<\/td>\n<\/tr>\n<\/tbody>\n<\/table>\n<\/div>\n","protected":false},"excerpt":{"rendered":"<p>El pr\u00f3ximo d\u00eda 18 de enero se reunir\u00e1 el Consejo Territorial, en el que esperamos que se revelen los resultados de la Encuesta del plan de la Agenda21 en Vic\u00e1lvaro. Cuestionario Imprimible en PDF. M\u00e1s Informaci\u00f3n acerca del plan de actuaci\u00f3n &#8220;Agenda 21&#8221; en Vic\u00e1lvaro. Los resultados que ha dado el Ayuntamiento de Madrid son &hellip; <\/p>\n<p class=\"link-more\"><a href=\"https:\/\/vicusalbus.org\/?p=69\" class=\"more-link\">Leer m\u00e1s<span class=\"screen-reader-text\"> \u00abUn museo para Vic\u00e1lvaro\u00bb<\/span><\/a><\/p>\n","protected":false},"author":1,"featured_media":0,"comment_status":"open","ping_status":"open","sticky":false,"template":"","format":"standard","meta":{"two_page_speed":[],"footnotes":""},"categories":[13],"tags":[],"class_list":["post-69","post","type-post","status-publish","format-standard","hentry","category-noticias-de-2007"],"yoast_head":"<!-- This site is optimized with the Yoast SEO plugin v27.5 - https:\/\/yoast.com\/product\/yoast-seo-wordpress\/ -->\n<title>Un museo para Vic\u00e1lvaro - Asociaci\u00f3n Vicus Albus<\/title>\n<meta name=\"robots\" content=\"index, follow, max-snippet:-1, max-image-preview:large, max-video-preview:-1\" \/>\n<link rel=\"canonical\" href=\"https:\/\/vicusalbus.org\/?p=69\" \/>\n<meta property=\"og:locale\" content=\"es_ES\" \/>\n<meta property=\"og:type\" content=\"article\" \/>\n<meta property=\"og:title\" content=\"Un museo para Vic\u00e1lvaro - Asociaci\u00f3n Vicus Albus\" \/>\n<meta property=\"og:description\" content=\"El pr\u00f3ximo d\u00eda 18 de enero se reunir\u00e1 el Consejo Territorial, en el que esperamos que se revelen los resultados de la Encuesta del plan de la Agenda21 en Vic\u00e1lvaro. Cuestionario Imprimible en PDF. M\u00e1s Informaci\u00f3n acerca del plan de actuaci\u00f3n &#8220;Agenda 21&#8221; en Vic\u00e1lvaro. Los resultados que ha dado el Ayuntamiento de Madrid son &hellip; Leer m\u00e1s \u00abUn museo para Vic\u00e1lvaro\u00bb\" \/>\n<meta property=\"og:url\" content=\"https:\/\/vicusalbus.org\/?p=69\" \/>\n<meta property=\"og:site_name\" content=\"Asociaci\u00f3n Vicus Albus\" \/>\n<meta property=\"article:published_time\" content=\"2007-01-19T11:16:21+00:00\" \/>\n<meta name=\"author\" content=\"admin\" \/>\n<meta name=\"twitter:card\" content=\"summary_large_image\" \/>\n<meta name=\"twitter:label1\" content=\"Escrito por\" \/>\n\t<meta name=\"twitter:data1\" content=\"admin\" \/>\n\t<meta name=\"twitter:label2\" content=\"Tiempo de lectura\" \/>\n\t<meta name=\"twitter:data2\" content=\"1 minuto\" \/>\n<script type=\"application\/ld+json\" class=\"yoast-schema-graph\">{\"@context\":\"https:\\\/\\\/schema.org\",\"@graph\":[{\"@type\":\"Article\",\"@id\":\"https:\\\/\\\/vicusalbus.org\\\/?p=69#article\",\"isPartOf\":{\"@id\":\"https:\\\/\\\/vicusalbus.org\\\/?p=69\"},\"author\":{\"name\":\"admin\",\"@id\":\"https:\\\/\\\/vicusalbus.org\\\/#\\\/schema\\\/person\\\/fb1ad2db921f1224bf9b110df3ea0380\"},\"headline\":\"Un museo para Vic\u00e1lvaro\",\"datePublished\":\"2007-01-19T11:16:21+00:00\",\"mainEntityOfPage\":{\"@id\":\"https:\\\/\\\/vicusalbus.org\\\/?p=69\"},\"wordCount\":269,\"commentCount\":0,\"publisher\":{\"@id\":\"https:\\\/\\\/vicusalbus.org\\\/#organization\"},\"articleSection\":[\"Noticias de 2007\"],\"inLanguage\":\"es\",\"potentialAction\":[{\"@type\":\"CommentAction\",\"name\":\"Comment\",\"target\":[\"https:\\\/\\\/vicusalbus.org\\\/?p=69#respond\"]}]},{\"@type\":\"WebPage\",\"@id\":\"https:\\\/\\\/vicusalbus.org\\\/?p=69\",\"url\":\"https:\\\/\\\/vicusalbus.org\\\/?p=69\",\"name\":\"Un museo para Vic\u00e1lvaro - Asociaci\u00f3n Vicus Albus\",\"isPartOf\":{\"@id\":\"https:\\\/\\\/vicusalbus.org\\\/#website\"},\"datePublished\":\"2007-01-19T11:16:21+00:00\",\"breadcrumb\":{\"@id\":\"https:\\\/\\\/vicusalbus.org\\\/?p=69#breadcrumb\"},\"inLanguage\":\"es\",\"potentialAction\":[{\"@type\":\"ReadAction\",\"target\":[\"https:\\\/\\\/vicusalbus.org\\\/?p=69\"]}]},{\"@type\":\"BreadcrumbList\",\"@id\":\"https:\\\/\\\/vicusalbus.org\\\/?p=69#breadcrumb\",\"itemListElement\":[{\"@type\":\"ListItem\",\"position\":1,\"name\":\"Portada\",\"item\":\"https:\\\/\\\/vicusalbus.org\\\/\"},{\"@type\":\"ListItem\",\"position\":2,\"name\":\"Un museo para Vic\u00e1lvaro\"}]},{\"@type\":\"WebSite\",\"@id\":\"https:\\\/\\\/vicusalbus.org\\\/#website\",\"url\":\"https:\\\/\\\/vicusalbus.org\\\/\",\"name\":\"Asociaci\u00f3n Vicus Albus\",\"description\":\"\",\"publisher\":{\"@id\":\"https:\\\/\\\/vicusalbus.org\\\/#organization\"},\"potentialAction\":[{\"@type\":\"SearchAction\",\"target\":{\"@type\":\"EntryPoint\",\"urlTemplate\":\"https:\\\/\\\/vicusalbus.org\\\/?s={search_term_string}\"},\"query-input\":{\"@type\":\"PropertyValueSpecification\",\"valueRequired\":true,\"valueName\":\"search_term_string\"}}],\"inLanguage\":\"es\"},{\"@type\":\"Organization\",\"@id\":\"https:\\\/\\\/vicusalbus.org\\\/#organization\",\"name\":\"Asociaci\u00f3n Vicus Albus\",\"url\":\"https:\\\/\\\/vicusalbus.org\\\/\",\"logo\":{\"@type\":\"ImageObject\",\"inLanguage\":\"es\",\"@id\":\"https:\\\/\\\/vicusalbus.org\\\/#\\\/schema\\\/logo\\\/image\\\/\",\"url\":\"https:\\\/\\\/vicusalbus.org\\\/wp-content\\\/uploads\\\/2024\\\/06\\\/cropped-logo_oficial_vicus.jpg\",\"contentUrl\":\"https:\\\/\\\/vicusalbus.org\\\/wp-content\\\/uploads\\\/2024\\\/06\\\/cropped-logo_oficial_vicus.jpg\",\"width\":496,\"height\":100,\"caption\":\"Asociaci\u00f3n Vicus Albus\"},\"image\":{\"@id\":\"https:\\\/\\\/vicusalbus.org\\\/#\\\/schema\\\/logo\\\/image\\\/\"}},{\"@type\":\"Person\",\"@id\":\"https:\\\/\\\/vicusalbus.org\\\/#\\\/schema\\\/person\\\/fb1ad2db921f1224bf9b110df3ea0380\",\"name\":\"admin\",\"image\":{\"@type\":\"ImageObject\",\"inLanguage\":\"es\",\"@id\":\"https:\\\/\\\/secure.gravatar.com\\\/avatar\\\/6dad5268b41262db617445641361944c505a46b24ee0cec33d7678d3a4ef18ee?s=96&d=mm&r=g\",\"url\":\"https:\\\/\\\/secure.gravatar.com\\\/avatar\\\/6dad5268b41262db617445641361944c505a46b24ee0cec33d7678d3a4ef18ee?s=96&d=mm&r=g\",\"contentUrl\":\"https:\\\/\\\/secure.gravatar.com\\\/avatar\\\/6dad5268b41262db617445641361944c505a46b24ee0cec33d7678d3a4ef18ee?s=96&d=mm&r=g\",\"caption\":\"admin\"},\"sameAs\":[\"https:\\\/\\\/vicusalbus.org\\\/wordpress\\\/wordpress\"],\"url\":\"https:\\\/\\\/vicusalbus.org\\\/?author=1\"}]}<\/script>\n<!-- \/ Yoast SEO plugin. -->","yoast_head_json":{"title":"Un museo para Vic\u00e1lvaro - Asociaci\u00f3n Vicus Albus","robots":{"index":"index","follow":"follow","max-snippet":"max-snippet:-1","max-image-preview":"max-image-preview:large","max-video-preview":"max-video-preview:-1"},"canonical":"https:\/\/vicusalbus.org\/?p=69","og_locale":"es_ES","og_type":"article","og_title":"Un museo para Vic\u00e1lvaro - Asociaci\u00f3n Vicus Albus","og_description":"El pr\u00f3ximo d\u00eda 18 de enero se reunir\u00e1 el Consejo Territorial, en el que esperamos que se revelen los resultados de la Encuesta del plan de la Agenda21 en Vic\u00e1lvaro. Cuestionario Imprimible en PDF. M\u00e1s Informaci\u00f3n acerca del plan de actuaci\u00f3n &#8220;Agenda 21&#8221; en Vic\u00e1lvaro. Los resultados que ha dado el Ayuntamiento de Madrid son &hellip; Leer m\u00e1s \u00abUn museo para Vic\u00e1lvaro\u00bb","og_url":"https:\/\/vicusalbus.org\/?p=69","og_site_name":"Asociaci\u00f3n Vicus Albus","article_published_time":"2007-01-19T11:16:21+00:00","author":"admin","twitter_card":"summary_large_image","twitter_misc":{"Escrito por":"admin","Tiempo de lectura":"1 minuto"},"schema":{"@context":"https:\/\/schema.org","@graph":[{"@type":"Article","@id":"https:\/\/vicusalbus.org\/?p=69#article","isPartOf":{"@id":"https:\/\/vicusalbus.org\/?p=69"},"author":{"name":"admin","@id":"https:\/\/vicusalbus.org\/#\/schema\/person\/fb1ad2db921f1224bf9b110df3ea0380"},"headline":"Un museo para Vic\u00e1lvaro","datePublished":"2007-01-19T11:16:21+00:00","mainEntityOfPage":{"@id":"https:\/\/vicusalbus.org\/?p=69"},"wordCount":269,"commentCount":0,"publisher":{"@id":"https:\/\/vicusalbus.org\/#organization"},"articleSection":["Noticias de 2007"],"inLanguage":"es","potentialAction":[{"@type":"CommentAction","name":"Comment","target":["https:\/\/vicusalbus.org\/?p=69#respond"]}]},{"@type":"WebPage","@id":"https:\/\/vicusalbus.org\/?p=69","url":"https:\/\/vicusalbus.org\/?p=69","name":"Un museo para Vic\u00e1lvaro - Asociaci\u00f3n Vicus Albus","isPartOf":{"@id":"https:\/\/vicusalbus.org\/#website"},"datePublished":"2007-01-19T11:16:21+00:00","breadcrumb":{"@id":"https:\/\/vicusalbus.org\/?p=69#breadcrumb"},"inLanguage":"es","potentialAction":[{"@type":"ReadAction","target":["https:\/\/vicusalbus.org\/?p=69"]}]},{"@type":"BreadcrumbList","@id":"https:\/\/vicusalbus.org\/?p=69#breadcrumb","itemListElement":[{"@type":"ListItem","position":1,"name":"Portada","item":"https:\/\/vicusalbus.org\/"},{"@type":"ListItem","position":2,"name":"Un museo para Vic\u00e1lvaro"}]},{"@type":"WebSite","@id":"https:\/\/vicusalbus.org\/#website","url":"https:\/\/vicusalbus.org\/","name":"Asociaci\u00f3n Vicus Albus","description":"","publisher":{"@id":"https:\/\/vicusalbus.org\/#organization"},"potentialAction":[{"@type":"SearchAction","target":{"@type":"EntryPoint","urlTemplate":"https:\/\/vicusalbus.org\/?s={search_term_string}"},"query-input":{"@type":"PropertyValueSpecification","valueRequired":true,"valueName":"search_term_string"}}],"inLanguage":"es"},{"@type":"Organization","@id":"https:\/\/vicusalbus.org\/#organization","name":"Asociaci\u00f3n Vicus Albus","url":"https:\/\/vicusalbus.org\/","logo":{"@type":"ImageObject","inLanguage":"es","@id":"https:\/\/vicusalbus.org\/#\/schema\/logo\/image\/","url":"https:\/\/vicusalbus.org\/wp-content\/uploads\/2024\/06\/cropped-logo_oficial_vicus.jpg","contentUrl":"https:\/\/vicusalbus.org\/wp-content\/uploads\/2024\/06\/cropped-logo_oficial_vicus.jpg","width":496,"height":100,"caption":"Asociaci\u00f3n Vicus Albus"},"image":{"@id":"https:\/\/vicusalbus.org\/#\/schema\/logo\/image\/"}},{"@type":"Person","@id":"https:\/\/vicusalbus.org\/#\/schema\/person\/fb1ad2db921f1224bf9b110df3ea0380","name":"admin","image":{"@type":"ImageObject","inLanguage":"es","@id":"https:\/\/secure.gravatar.com\/avatar\/6dad5268b41262db617445641361944c505a46b24ee0cec33d7678d3a4ef18ee?s=96&d=mm&r=g","url":"https:\/\/secure.gravatar.com\/avatar\/6dad5268b41262db617445641361944c505a46b24ee0cec33d7678d3a4ef18ee?s=96&d=mm&r=g","contentUrl":"https:\/\/secure.gravatar.com\/avatar\/6dad5268b41262db617445641361944c505a46b24ee0cec33d7678d3a4ef18ee?s=96&d=mm&r=g","caption":"admin"},"sameAs":["https:\/\/vicusalbus.org\/wordpress\/wordpress"],"url":"https:\/\/vicusalbus.org\/?author=1"}]}},"_links":{"self":[{"href":"https:\/\/vicusalbus.org\/index.php?rest_route=\/wp\/v2\/posts\/69","targetHints":{"allow":["GET"]}}],"collection":[{"href":"https:\/\/vicusalbus.org\/index.php?rest_route=\/wp\/v2\/posts"}],"about":[{"href":"https:\/\/vicusalbus.org\/index.php?rest_route=\/wp\/v2\/types\/post"}],"author":[{"embeddable":true,"href":"https:\/\/vicusalbus.org\/index.php?rest_route=\/wp\/v2\/users\/1"}],"replies":[{"embeddable":true,"href":"https:\/\/vicusalbus.org\/index.php?rest_route=%2Fwp%2Fv2%2Fcomments&post=69"}],"version-history":[{"count":0,"href":"https:\/\/vicusalbus.org\/index.php?rest_route=\/wp\/v2\/posts\/69\/revisions"}],"wp:attachment":[{"href":"https:\/\/vicusalbus.org\/index.php?rest_route=%2Fwp%2Fv2%2Fmedia&parent=69"}],"wp:term":[{"taxonomy":"category","embeddable":true,"href":"https:\/\/vicusalbus.org\/index.php?rest_route=%2Fwp%2Fv2%2Fcategories&post=69"},{"taxonomy":"post_tag","embeddable":true,"href":"https:\/\/vicusalbus.org\/index.php?rest_route=%2Fwp%2Fv2%2Ftags&post=69"}],"curies":[{"name":"wp","href":"https:\/\/api.w.org\/{rel}","templated":true}]}}