{"id":70,"date":"2007-03-22T11:22:49","date_gmt":"2007-03-22T11:22:49","guid":{"rendered":"https:\/\/vicusalbus.org\/wordpress\/?p=70"},"modified":"2007-03-22T11:22:49","modified_gmt":"2007-03-22T11:22:49","slug":"fuente-de-eolo-en-vicalvaro","status":"publish","type":"post","link":"https:\/\/vicusalbus.org\/?p=70","title":{"rendered":"Fuente de Eolo en Vic\u00e1lvaro"},"content":{"rendered":"<p align=\"justify\">\u00a0\u00a0\u00a0\u00a0 La Asociaci\u00f3n Vicus Albus ha pedido explicaciones ante el Consejo Territorial, debido a la negativa del Ayuntamiento de Madrid, para instalar una fuente del Dios Eolo en la Avenida de la Democracia.<\/p>\n<p align=\"justify\">\u00a0\u00a0\u00a0 \u00a0Dicha fuente ha sido realizada en los talleres de la Casa de Campo, tiene una envergadura de 50 toneladas y 7 metros de alto, esta compuesta por 75 sillares y su construcci\u00f3n ha tardado 8 a\u00f1os.<\/p>\n<p align=\"justify\">\u00a0\u00a0\u00a0\u00a0 Inicialmente iba a instalarse en la plaza de Cuatro Caminos, pero su tama\u00f1o la hacia inapropiada por razones de seguridad. Fue entonces cuando se pens\u00f3 que podr\u00eda ser instalada en el distrito de Vic\u00e1lvaro en la rotonda que da acceso a Faunia desde la citada avenida. Sin embargo el Ayuntamiento alega que que\u00a0 bajo la fuente no hay suelo firmes suficientemente\u00a0 estable, por tratarse material echadizo. Pero esta Asociaci\u00f3n piensa que hoy d\u00eda hay t\u00e9cnicas sobradamente fiables y no demasiado costosas para realizar una buena cimentaci\u00f3n, por lo que exigiremos que se revoque la decisi\u00f3n.<\/p>\n<p align=\"center\"><img loading=\"lazy\" decoding=\"async\" src=\"images\/eolo.jpg\" alt=\"\" width=\"300\" height=\"272\" border=\"0\" \/><\/p>\n<p align=\"center\">Imagen del Diario &#8220;El PA\u00cdS&#8221;, 22 de marzo de 2007.<\/p>\n","protected":false},"excerpt":{"rendered":"<p>\u00a0\u00a0\u00a0\u00a0 La Asociaci\u00f3n Vicus Albus ha pedido explicaciones ante el Consejo Territorial, debido a la negativa del Ayuntamiento de Madrid, para instalar una fuente del Dios Eolo en la Avenida de la Democracia. \u00a0\u00a0\u00a0 \u00a0Dicha fuente ha sido realizada en los talleres de la Casa de Campo, tiene una envergadura de 50 toneladas y 7 &hellip; <\/p>\n<p class=\"link-more\"><a href=\"https:\/\/vicusalbus.org\/?p=70\" class=\"more-link\">Leer m\u00e1s<span class=\"screen-reader-text\"> \u00abFuente de Eolo en Vic\u00e1lvaro\u00bb<\/span><\/a><\/p>\n","protected":false},"author":1,"featured_media":0,"comment_status":"open","ping_status":"open","sticky":false,"template":"","format":"standard","meta":{"two_page_speed":[],"footnotes":""},"categories":[13],"tags":[],"class_list":["post-70","post","type-post","status-publish","format-standard","hentry","category-noticias-de-2007"],"yoast_head":"<!-- This site is optimized with the Yoast SEO plugin v27.5 - https:\/\/yoast.com\/product\/yoast-seo-wordpress\/ -->\n<title>Fuente de Eolo en Vic\u00e1lvaro - Asociaci\u00f3n Vicus Albus<\/title>\n<meta name=\"robots\" content=\"index, follow, max-snippet:-1, max-image-preview:large, max-video-preview:-1\" \/>\n<link rel=\"canonical\" href=\"https:\/\/vicusalbus.org\/?p=70\" \/>\n<meta property=\"og:locale\" content=\"es_ES\" \/>\n<meta property=\"og:type\" content=\"article\" \/>\n<meta property=\"og:title\" content=\"Fuente de Eolo en Vic\u00e1lvaro - Asociaci\u00f3n Vicus Albus\" \/>\n<meta property=\"og:description\" content=\"\u00a0\u00a0\u00a0\u00a0 La Asociaci\u00f3n Vicus Albus ha pedido explicaciones ante el Consejo Territorial, debido a la negativa del Ayuntamiento de Madrid, para instalar una fuente del Dios Eolo en la Avenida de la Democracia. \u00a0\u00a0\u00a0 \u00a0Dicha fuente ha sido realizada en los talleres de la Casa de Campo, tiene una envergadura de 50 toneladas y 7 &hellip; Leer m\u00e1s \u00abFuente de Eolo en Vic\u00e1lvaro\u00bb\" \/>\n<meta property=\"og:url\" content=\"https:\/\/vicusalbus.org\/?p=70\" \/>\n<meta property=\"og:site_name\" content=\"Asociaci\u00f3n Vicus Albus\" \/>\n<meta property=\"article:published_time\" content=\"2007-03-22T11:22:49+00:00\" \/>\n<meta name=\"author\" content=\"admin\" \/>\n<meta name=\"twitter:card\" content=\"summary_large_image\" \/>\n<meta name=\"twitter:label1\" content=\"Escrito por\" \/>\n\t<meta name=\"twitter:data1\" content=\"admin\" \/>\n\t<meta name=\"twitter:label2\" content=\"Tiempo de lectura\" \/>\n\t<meta name=\"twitter:data2\" content=\"1 minuto\" \/>\n<script type=\"application\/ld+json\" class=\"yoast-schema-graph\">{\"@context\":\"https:\\\/\\\/schema.org\",\"@graph\":[{\"@type\":\"Article\",\"@id\":\"https:\\\/\\\/vicusalbus.org\\\/?p=70#article\",\"isPartOf\":{\"@id\":\"https:\\\/\\\/vicusalbus.org\\\/?p=70\"},\"author\":{\"name\":\"admin\",\"@id\":\"https:\\\/\\\/vicusalbus.org\\\/#\\\/schema\\\/person\\\/fb1ad2db921f1224bf9b110df3ea0380\"},\"headline\":\"Fuente de Eolo en Vic\u00e1lvaro\",\"datePublished\":\"2007-03-22T11:22:49+00:00\",\"mainEntityOfPage\":{\"@id\":\"https:\\\/\\\/vicusalbus.org\\\/?p=70\"},\"wordCount\":185,\"commentCount\":0,\"publisher\":{\"@id\":\"https:\\\/\\\/vicusalbus.org\\\/#organization\"},\"articleSection\":[\"Noticias de 2007\"],\"inLanguage\":\"es\",\"potentialAction\":[{\"@type\":\"CommentAction\",\"name\":\"Comment\",\"target\":[\"https:\\\/\\\/vicusalbus.org\\\/?p=70#respond\"]}]},{\"@type\":\"WebPage\",\"@id\":\"https:\\\/\\\/vicusalbus.org\\\/?p=70\",\"url\":\"https:\\\/\\\/vicusalbus.org\\\/?p=70\",\"name\":\"Fuente de Eolo en Vic\u00e1lvaro - Asociaci\u00f3n Vicus Albus\",\"isPartOf\":{\"@id\":\"https:\\\/\\\/vicusalbus.org\\\/#website\"},\"datePublished\":\"2007-03-22T11:22:49+00:00\",\"breadcrumb\":{\"@id\":\"https:\\\/\\\/vicusalbus.org\\\/?p=70#breadcrumb\"},\"inLanguage\":\"es\",\"potentialAction\":[{\"@type\":\"ReadAction\",\"target\":[\"https:\\\/\\\/vicusalbus.org\\\/?p=70\"]}]},{\"@type\":\"BreadcrumbList\",\"@id\":\"https:\\\/\\\/vicusalbus.org\\\/?p=70#breadcrumb\",\"itemListElement\":[{\"@type\":\"ListItem\",\"position\":1,\"name\":\"Portada\",\"item\":\"https:\\\/\\\/vicusalbus.org\\\/\"},{\"@type\":\"ListItem\",\"position\":2,\"name\":\"Fuente de Eolo en Vic\u00e1lvaro\"}]},{\"@type\":\"WebSite\",\"@id\":\"https:\\\/\\\/vicusalbus.org\\\/#website\",\"url\":\"https:\\\/\\\/vicusalbus.org\\\/\",\"name\":\"Asociaci\u00f3n Vicus Albus\",\"description\":\"\",\"publisher\":{\"@id\":\"https:\\\/\\\/vicusalbus.org\\\/#organization\"},\"potentialAction\":[{\"@type\":\"SearchAction\",\"target\":{\"@type\":\"EntryPoint\",\"urlTemplate\":\"https:\\\/\\\/vicusalbus.org\\\/?s={search_term_string}\"},\"query-input\":{\"@type\":\"PropertyValueSpecification\",\"valueRequired\":true,\"valueName\":\"search_term_string\"}}],\"inLanguage\":\"es\"},{\"@type\":\"Organization\",\"@id\":\"https:\\\/\\\/vicusalbus.org\\\/#organization\",\"name\":\"Asociaci\u00f3n Vicus Albus\",\"url\":\"https:\\\/\\\/vicusalbus.org\\\/\",\"logo\":{\"@type\":\"ImageObject\",\"inLanguage\":\"es\",\"@id\":\"https:\\\/\\\/vicusalbus.org\\\/#\\\/schema\\\/logo\\\/image\\\/\",\"url\":\"https:\\\/\\\/vicusalbus.org\\\/wp-content\\\/uploads\\\/2024\\\/06\\\/cropped-logo_oficial_vicus.jpg\",\"contentUrl\":\"https:\\\/\\\/vicusalbus.org\\\/wp-content\\\/uploads\\\/2024\\\/06\\\/cropped-logo_oficial_vicus.jpg\",\"width\":496,\"height\":100,\"caption\":\"Asociaci\u00f3n Vicus Albus\"},\"image\":{\"@id\":\"https:\\\/\\\/vicusalbus.org\\\/#\\\/schema\\\/logo\\\/image\\\/\"}},{\"@type\":\"Person\",\"@id\":\"https:\\\/\\\/vicusalbus.org\\\/#\\\/schema\\\/person\\\/fb1ad2db921f1224bf9b110df3ea0380\",\"name\":\"admin\",\"image\":{\"@type\":\"ImageObject\",\"inLanguage\":\"es\",\"@id\":\"https:\\\/\\\/secure.gravatar.com\\\/avatar\\\/6dad5268b41262db617445641361944c505a46b24ee0cec33d7678d3a4ef18ee?s=96&d=mm&r=g\",\"url\":\"https:\\\/\\\/secure.gravatar.com\\\/avatar\\\/6dad5268b41262db617445641361944c505a46b24ee0cec33d7678d3a4ef18ee?s=96&d=mm&r=g\",\"contentUrl\":\"https:\\\/\\\/secure.gravatar.com\\\/avatar\\\/6dad5268b41262db617445641361944c505a46b24ee0cec33d7678d3a4ef18ee?s=96&d=mm&r=g\",\"caption\":\"admin\"},\"sameAs\":[\"https:\\\/\\\/vicusalbus.org\\\/wordpress\\\/wordpress\"],\"url\":\"https:\\\/\\\/vicusalbus.org\\\/?author=1\"}]}<\/script>\n<!-- \/ Yoast SEO plugin. -->","yoast_head_json":{"title":"Fuente de Eolo en Vic\u00e1lvaro - Asociaci\u00f3n Vicus Albus","robots":{"index":"index","follow":"follow","max-snippet":"max-snippet:-1","max-image-preview":"max-image-preview:large","max-video-preview":"max-video-preview:-1"},"canonical":"https:\/\/vicusalbus.org\/?p=70","og_locale":"es_ES","og_type":"article","og_title":"Fuente de Eolo en Vic\u00e1lvaro - Asociaci\u00f3n Vicus Albus","og_description":"\u00a0\u00a0\u00a0\u00a0 La Asociaci\u00f3n Vicus Albus ha pedido explicaciones ante el Consejo Territorial, debido a la negativa del Ayuntamiento de Madrid, para instalar una fuente del Dios Eolo en la Avenida de la Democracia. \u00a0\u00a0\u00a0 \u00a0Dicha fuente ha sido realizada en los talleres de la Casa de Campo, tiene una envergadura de 50 toneladas y 7 &hellip; Leer m\u00e1s \u00abFuente de Eolo en Vic\u00e1lvaro\u00bb","og_url":"https:\/\/vicusalbus.org\/?p=70","og_site_name":"Asociaci\u00f3n Vicus Albus","article_published_time":"2007-03-22T11:22:49+00:00","author":"admin","twitter_card":"summary_large_image","twitter_misc":{"Escrito por":"admin","Tiempo de lectura":"1 minuto"},"schema":{"@context":"https:\/\/schema.org","@graph":[{"@type":"Article","@id":"https:\/\/vicusalbus.org\/?p=70#article","isPartOf":{"@id":"https:\/\/vicusalbus.org\/?p=70"},"author":{"name":"admin","@id":"https:\/\/vicusalbus.org\/#\/schema\/person\/fb1ad2db921f1224bf9b110df3ea0380"},"headline":"Fuente de Eolo en Vic\u00e1lvaro","datePublished":"2007-03-22T11:22:49+00:00","mainEntityOfPage":{"@id":"https:\/\/vicusalbus.org\/?p=70"},"wordCount":185,"commentCount":0,"publisher":{"@id":"https:\/\/vicusalbus.org\/#organization"},"articleSection":["Noticias de 2007"],"inLanguage":"es","potentialAction":[{"@type":"CommentAction","name":"Comment","target":["https:\/\/vicusalbus.org\/?p=70#respond"]}]},{"@type":"WebPage","@id":"https:\/\/vicusalbus.org\/?p=70","url":"https:\/\/vicusalbus.org\/?p=70","name":"Fuente de Eolo en Vic\u00e1lvaro - Asociaci\u00f3n Vicus Albus","isPartOf":{"@id":"https:\/\/vicusalbus.org\/#website"},"datePublished":"2007-03-22T11:22:49+00:00","breadcrumb":{"@id":"https:\/\/vicusalbus.org\/?p=70#breadcrumb"},"inLanguage":"es","potentialAction":[{"@type":"ReadAction","target":["https:\/\/vicusalbus.org\/?p=70"]}]},{"@type":"BreadcrumbList","@id":"https:\/\/vicusalbus.org\/?p=70#breadcrumb","itemListElement":[{"@type":"ListItem","position":1,"name":"Portada","item":"https:\/\/vicusalbus.org\/"},{"@type":"ListItem","position":2,"name":"Fuente de Eolo en Vic\u00e1lvaro"}]},{"@type":"WebSite","@id":"https:\/\/vicusalbus.org\/#website","url":"https:\/\/vicusalbus.org\/","name":"Asociaci\u00f3n Vicus Albus","description":"","publisher":{"@id":"https:\/\/vicusalbus.org\/#organization"},"potentialAction":[{"@type":"SearchAction","target":{"@type":"EntryPoint","urlTemplate":"https:\/\/vicusalbus.org\/?s={search_term_string}"},"query-input":{"@type":"PropertyValueSpecification","valueRequired":true,"valueName":"search_term_string"}}],"inLanguage":"es"},{"@type":"Organization","@id":"https:\/\/vicusalbus.org\/#organization","name":"Asociaci\u00f3n Vicus Albus","url":"https:\/\/vicusalbus.org\/","logo":{"@type":"ImageObject","inLanguage":"es","@id":"https:\/\/vicusalbus.org\/#\/schema\/logo\/image\/","url":"https:\/\/vicusalbus.org\/wp-content\/uploads\/2024\/06\/cropped-logo_oficial_vicus.jpg","contentUrl":"https:\/\/vicusalbus.org\/wp-content\/uploads\/2024\/06\/cropped-logo_oficial_vicus.jpg","width":496,"height":100,"caption":"Asociaci\u00f3n Vicus Albus"},"image":{"@id":"https:\/\/vicusalbus.org\/#\/schema\/logo\/image\/"}},{"@type":"Person","@id":"https:\/\/vicusalbus.org\/#\/schema\/person\/fb1ad2db921f1224bf9b110df3ea0380","name":"admin","image":{"@type":"ImageObject","inLanguage":"es","@id":"https:\/\/secure.gravatar.com\/avatar\/6dad5268b41262db617445641361944c505a46b24ee0cec33d7678d3a4ef18ee?s=96&d=mm&r=g","url":"https:\/\/secure.gravatar.com\/avatar\/6dad5268b41262db617445641361944c505a46b24ee0cec33d7678d3a4ef18ee?s=96&d=mm&r=g","contentUrl":"https:\/\/secure.gravatar.com\/avatar\/6dad5268b41262db617445641361944c505a46b24ee0cec33d7678d3a4ef18ee?s=96&d=mm&r=g","caption":"admin"},"sameAs":["https:\/\/vicusalbus.org\/wordpress\/wordpress"],"url":"https:\/\/vicusalbus.org\/?author=1"}]}},"_links":{"self":[{"href":"https:\/\/vicusalbus.org\/index.php?rest_route=\/wp\/v2\/posts\/70","targetHints":{"allow":["GET"]}}],"collection":[{"href":"https:\/\/vicusalbus.org\/index.php?rest_route=\/wp\/v2\/posts"}],"about":[{"href":"https:\/\/vicusalbus.org\/index.php?rest_route=\/wp\/v2\/types\/post"}],"author":[{"embeddable":true,"href":"https:\/\/vicusalbus.org\/index.php?rest_route=\/wp\/v2\/users\/1"}],"replies":[{"embeddable":true,"href":"https:\/\/vicusalbus.org\/index.php?rest_route=%2Fwp%2Fv2%2Fcomments&post=70"}],"version-history":[{"count":0,"href":"https:\/\/vicusalbus.org\/index.php?rest_route=\/wp\/v2\/posts\/70\/revisions"}],"wp:attachment":[{"href":"https:\/\/vicusalbus.org\/index.php?rest_route=%2Fwp%2Fv2%2Fmedia&parent=70"}],"wp:term":[{"taxonomy":"category","embeddable":true,"href":"https:\/\/vicusalbus.org\/index.php?rest_route=%2Fwp%2Fv2%2Fcategories&post=70"},{"taxonomy":"post_tag","embeddable":true,"href":"https:\/\/vicusalbus.org\/index.php?rest_route=%2Fwp%2Fv2%2Ftags&post=70"}],"curies":[{"name":"wp","href":"https:\/\/api.w.org\/{rel}","templated":true}]}}