{"id":71,"date":"2007-06-10T11:25:59","date_gmt":"2007-06-10T11:25:59","guid":{"rendered":"https:\/\/vicusalbus.org\/wordpress\/?p=71"},"modified":"2007-06-10T11:25:59","modified_gmt":"2007-06-10T11:25:59","slug":"celebracion-del-xxv-aniversario-de-vicus-albus","status":"publish","type":"post","link":"https:\/\/vicusalbus.org\/?p=71","title":{"rendered":"Celebraci\u00f3n del XXV aniversario de Vicus Albus"},"content":{"rendered":"<p align=\"center\"><img loading=\"lazy\" decoding=\"async\" src=\"images\/f07_a.jpg\" alt=\"\" width=\"300\" height=\"225\" border=\"0\" \/><\/p>\n<blockquote>\n<p align=\"justify\">\u00a0\u00a0\u00a0 El pasado d\u00eda 9 de junio de 2007, la Asociaci\u00f3n Vicus Albus, celebro un acto con sus socios, colaboradores y algunos simpatizantes, con los que se festej\u00f3 la labor de esta entidad durante los \u00faltimos 25 a\u00f1os. La participaci\u00f3n en fue un \u00e9xito de participaci\u00f3n, donde rein\u00f3 un alegre ambiente festivo.<\/p>\n<p align=\"justify\">\u00a0<\/p>\n<p align=\"center\"><img loading=\"lazy\" decoding=\"async\" src=\"images\/f07_b.jpg\" alt=\"\" width=\"300\" height=\"225\" border=\"0\" \/><\/p>\n<p align=\"center\"><img loading=\"lazy\" decoding=\"async\" src=\"images\/f07_e.jpg\" alt=\"\" width=\"300\" height=\"156\" border=\"0\" \/><\/p>\n<p align=\"center\"><img loading=\"lazy\" decoding=\"async\" src=\"images\/f07_d.jpg\" alt=\"\" width=\"300\" height=\"156\" border=\"0\" \/><\/p>\n<p align=\"justify\">\u00a0\u00a0\u00a0\u00a0\u00a0 Un grupo de socios, aprovech\u00f3 el acto, para homenajear al presidente, Valent\u00edn Gonz\u00e1lez, que ha sido el motor de la asociaci\u00f3n desde que comenz\u00f3 a trabajar en 1982, haci\u00e9ndole entrega de una placa conmemorativa, dedicada a \u00e9l en nombre de todos los socios.<\/p>\n<p align=\"center\"><img loading=\"lazy\" decoding=\"async\" src=\"images\/f07jmd.jpg\" alt=\"\" width=\"300\" height=\"237\" border=\"0\" \/><\/p>\n<p align=\"center\"><img loading=\"lazy\" decoding=\"async\" src=\"images\/f07soc.jpg\" alt=\"\" width=\"300\" height=\"204\" border=\"0\" \/><\/p>\n<p align=\"justify\">\u00a0\u00a0\u00a0 Al acto acudi\u00f3 la Concejala del Distrito, Do\u00f1a Carmen Torralba, quien tambi\u00e9n entreg\u00f3 una placa al presidente en nombre de la Junta Municipal del Distrito,\u00a0 como s\u00edmbolo de reconocimiento a la asociaci\u00f3n por su trabajo en beneficio de Vic\u00e1lvaro y sus gentes.\u00a0<\/p>\n<p align=\"center\"><img loading=\"lazy\" decoding=\"async\" src=\"images\/f07_c.jpg\" alt=\"\" width=\"300\" height=\"225\" border=\"0\" \/><\/p>\n<\/blockquote>\n","protected":false},"excerpt":{"rendered":"<p>\u00a0\u00a0\u00a0 El pasado d\u00eda 9 de junio de 2007, la Asociaci\u00f3n Vicus Albus, celebro un acto con sus socios, colaboradores y algunos simpatizantes, con los que se festej\u00f3 la labor de esta entidad durante los \u00faltimos 25 a\u00f1os. La participaci\u00f3n en fue un \u00e9xito de participaci\u00f3n, donde rein\u00f3 un alegre ambiente festivo. \u00a0 \u00a0\u00a0\u00a0\u00a0\u00a0 Un &hellip; <\/p>\n<p class=\"link-more\"><a href=\"https:\/\/vicusalbus.org\/?p=71\" class=\"more-link\">Leer m\u00e1s<span class=\"screen-reader-text\"> \u00abCelebraci\u00f3n del XXV aniversario de Vicus Albus\u00bb<\/span><\/a><\/p>\n","protected":false},"author":1,"featured_media":0,"comment_status":"open","ping_status":"open","sticky":false,"template":"","format":"standard","meta":{"two_page_speed":[],"footnotes":""},"categories":[13],"tags":[],"class_list":["post-71","post","type-post","status-publish","format-standard","hentry","category-noticias-de-2007"],"yoast_head":"<!-- This site is optimized with the Yoast SEO plugin v27.5 - https:\/\/yoast.com\/product\/yoast-seo-wordpress\/ -->\n<title>Celebraci\u00f3n del XXV aniversario de Vicus Albus - Asociaci\u00f3n Vicus Albus<\/title>\n<meta name=\"robots\" content=\"index, follow, max-snippet:-1, max-image-preview:large, max-video-preview:-1\" \/>\n<link rel=\"canonical\" href=\"https:\/\/vicusalbus.org\/?p=71\" \/>\n<meta property=\"og:locale\" content=\"es_ES\" \/>\n<meta property=\"og:type\" content=\"article\" \/>\n<meta property=\"og:title\" content=\"Celebraci\u00f3n del XXV aniversario de Vicus Albus - Asociaci\u00f3n Vicus Albus\" \/>\n<meta property=\"og:description\" content=\"\u00a0\u00a0\u00a0 El pasado d\u00eda 9 de junio de 2007, la Asociaci\u00f3n Vicus Albus, celebro un acto con sus socios, colaboradores y algunos simpatizantes, con los que se festej\u00f3 la labor de esta entidad durante los \u00faltimos 25 a\u00f1os. La participaci\u00f3n en fue un \u00e9xito de participaci\u00f3n, donde rein\u00f3 un alegre ambiente festivo. \u00a0 \u00a0\u00a0\u00a0\u00a0\u00a0 Un &hellip; Leer m\u00e1s \u00abCelebraci\u00f3n del XXV aniversario de Vicus Albus\u00bb\" \/>\n<meta property=\"og:url\" content=\"https:\/\/vicusalbus.org\/?p=71\" \/>\n<meta property=\"og:site_name\" content=\"Asociaci\u00f3n Vicus Albus\" \/>\n<meta property=\"article:published_time\" content=\"2007-06-10T11:25:59+00:00\" \/>\n<meta name=\"author\" content=\"admin\" \/>\n<meta name=\"twitter:card\" content=\"summary_large_image\" \/>\n<meta name=\"twitter:label1\" content=\"Escrito por\" \/>\n\t<meta name=\"twitter:data1\" content=\"admin\" \/>\n\t<meta name=\"twitter:label2\" content=\"Tiempo de lectura\" \/>\n\t<meta name=\"twitter:data2\" content=\"1 minuto\" \/>\n<script type=\"application\/ld+json\" class=\"yoast-schema-graph\">{\"@context\":\"https:\\\/\\\/schema.org\",\"@graph\":[{\"@type\":\"Article\",\"@id\":\"https:\\\/\\\/vicusalbus.org\\\/?p=71#article\",\"isPartOf\":{\"@id\":\"https:\\\/\\\/vicusalbus.org\\\/?p=71\"},\"author\":{\"name\":\"admin\",\"@id\":\"https:\\\/\\\/vicusalbus.org\\\/#\\\/schema\\\/person\\\/fb1ad2db921f1224bf9b110df3ea0380\"},\"headline\":\"Celebraci\u00f3n del XXV aniversario de Vicus Albus\",\"datePublished\":\"2007-06-10T11:25:59+00:00\",\"mainEntityOfPage\":{\"@id\":\"https:\\\/\\\/vicusalbus.org\\\/?p=71\"},\"wordCount\":154,\"commentCount\":0,\"publisher\":{\"@id\":\"https:\\\/\\\/vicusalbus.org\\\/#organization\"},\"articleSection\":[\"Noticias de 2007\"],\"inLanguage\":\"es\",\"potentialAction\":[{\"@type\":\"CommentAction\",\"name\":\"Comment\",\"target\":[\"https:\\\/\\\/vicusalbus.org\\\/?p=71#respond\"]}]},{\"@type\":\"WebPage\",\"@id\":\"https:\\\/\\\/vicusalbus.org\\\/?p=71\",\"url\":\"https:\\\/\\\/vicusalbus.org\\\/?p=71\",\"name\":\"Celebraci\u00f3n del XXV aniversario de Vicus Albus - Asociaci\u00f3n Vicus Albus\",\"isPartOf\":{\"@id\":\"https:\\\/\\\/vicusalbus.org\\\/#website\"},\"datePublished\":\"2007-06-10T11:25:59+00:00\",\"breadcrumb\":{\"@id\":\"https:\\\/\\\/vicusalbus.org\\\/?p=71#breadcrumb\"},\"inLanguage\":\"es\",\"potentialAction\":[{\"@type\":\"ReadAction\",\"target\":[\"https:\\\/\\\/vicusalbus.org\\\/?p=71\"]}]},{\"@type\":\"BreadcrumbList\",\"@id\":\"https:\\\/\\\/vicusalbus.org\\\/?p=71#breadcrumb\",\"itemListElement\":[{\"@type\":\"ListItem\",\"position\":1,\"name\":\"Portada\",\"item\":\"https:\\\/\\\/vicusalbus.org\\\/\"},{\"@type\":\"ListItem\",\"position\":2,\"name\":\"Celebraci\u00f3n del XXV aniversario de Vicus Albus\"}]},{\"@type\":\"WebSite\",\"@id\":\"https:\\\/\\\/vicusalbus.org\\\/#website\",\"url\":\"https:\\\/\\\/vicusalbus.org\\\/\",\"name\":\"Asociaci\u00f3n Vicus Albus\",\"description\":\"\",\"publisher\":{\"@id\":\"https:\\\/\\\/vicusalbus.org\\\/#organization\"},\"potentialAction\":[{\"@type\":\"SearchAction\",\"target\":{\"@type\":\"EntryPoint\",\"urlTemplate\":\"https:\\\/\\\/vicusalbus.org\\\/?s={search_term_string}\"},\"query-input\":{\"@type\":\"PropertyValueSpecification\",\"valueRequired\":true,\"valueName\":\"search_term_string\"}}],\"inLanguage\":\"es\"},{\"@type\":\"Organization\",\"@id\":\"https:\\\/\\\/vicusalbus.org\\\/#organization\",\"name\":\"Asociaci\u00f3n Vicus Albus\",\"url\":\"https:\\\/\\\/vicusalbus.org\\\/\",\"logo\":{\"@type\":\"ImageObject\",\"inLanguage\":\"es\",\"@id\":\"https:\\\/\\\/vicusalbus.org\\\/#\\\/schema\\\/logo\\\/image\\\/\",\"url\":\"https:\\\/\\\/vicusalbus.org\\\/wp-content\\\/uploads\\\/2024\\\/06\\\/cropped-logo_oficial_vicus.jpg\",\"contentUrl\":\"https:\\\/\\\/vicusalbus.org\\\/wp-content\\\/uploads\\\/2024\\\/06\\\/cropped-logo_oficial_vicus.jpg\",\"width\":496,\"height\":100,\"caption\":\"Asociaci\u00f3n Vicus Albus\"},\"image\":{\"@id\":\"https:\\\/\\\/vicusalbus.org\\\/#\\\/schema\\\/logo\\\/image\\\/\"}},{\"@type\":\"Person\",\"@id\":\"https:\\\/\\\/vicusalbus.org\\\/#\\\/schema\\\/person\\\/fb1ad2db921f1224bf9b110df3ea0380\",\"name\":\"admin\",\"image\":{\"@type\":\"ImageObject\",\"inLanguage\":\"es\",\"@id\":\"https:\\\/\\\/secure.gravatar.com\\\/avatar\\\/6dad5268b41262db617445641361944c505a46b24ee0cec33d7678d3a4ef18ee?s=96&d=mm&r=g\",\"url\":\"https:\\\/\\\/secure.gravatar.com\\\/avatar\\\/6dad5268b41262db617445641361944c505a46b24ee0cec33d7678d3a4ef18ee?s=96&d=mm&r=g\",\"contentUrl\":\"https:\\\/\\\/secure.gravatar.com\\\/avatar\\\/6dad5268b41262db617445641361944c505a46b24ee0cec33d7678d3a4ef18ee?s=96&d=mm&r=g\",\"caption\":\"admin\"},\"sameAs\":[\"https:\\\/\\\/vicusalbus.org\\\/wordpress\\\/wordpress\"],\"url\":\"https:\\\/\\\/vicusalbus.org\\\/?author=1\"}]}<\/script>\n<!-- \/ Yoast SEO plugin. -->","yoast_head_json":{"title":"Celebraci\u00f3n del XXV aniversario de Vicus Albus - Asociaci\u00f3n Vicus Albus","robots":{"index":"index","follow":"follow","max-snippet":"max-snippet:-1","max-image-preview":"max-image-preview:large","max-video-preview":"max-video-preview:-1"},"canonical":"https:\/\/vicusalbus.org\/?p=71","og_locale":"es_ES","og_type":"article","og_title":"Celebraci\u00f3n del XXV aniversario de Vicus Albus - Asociaci\u00f3n Vicus Albus","og_description":"\u00a0\u00a0\u00a0 El pasado d\u00eda 9 de junio de 2007, la Asociaci\u00f3n Vicus Albus, celebro un acto con sus socios, colaboradores y algunos simpatizantes, con los que se festej\u00f3 la labor de esta entidad durante los \u00faltimos 25 a\u00f1os. La participaci\u00f3n en fue un \u00e9xito de participaci\u00f3n, donde rein\u00f3 un alegre ambiente festivo. \u00a0 \u00a0\u00a0\u00a0\u00a0\u00a0 Un &hellip; Leer m\u00e1s \u00abCelebraci\u00f3n del XXV aniversario de Vicus Albus\u00bb","og_url":"https:\/\/vicusalbus.org\/?p=71","og_site_name":"Asociaci\u00f3n Vicus Albus","article_published_time":"2007-06-10T11:25:59+00:00","author":"admin","twitter_card":"summary_large_image","twitter_misc":{"Escrito por":"admin","Tiempo de lectura":"1 minuto"},"schema":{"@context":"https:\/\/schema.org","@graph":[{"@type":"Article","@id":"https:\/\/vicusalbus.org\/?p=71#article","isPartOf":{"@id":"https:\/\/vicusalbus.org\/?p=71"},"author":{"name":"admin","@id":"https:\/\/vicusalbus.org\/#\/schema\/person\/fb1ad2db921f1224bf9b110df3ea0380"},"headline":"Celebraci\u00f3n del XXV aniversario de Vicus Albus","datePublished":"2007-06-10T11:25:59+00:00","mainEntityOfPage":{"@id":"https:\/\/vicusalbus.org\/?p=71"},"wordCount":154,"commentCount":0,"publisher":{"@id":"https:\/\/vicusalbus.org\/#organization"},"articleSection":["Noticias de 2007"],"inLanguage":"es","potentialAction":[{"@type":"CommentAction","name":"Comment","target":["https:\/\/vicusalbus.org\/?p=71#respond"]}]},{"@type":"WebPage","@id":"https:\/\/vicusalbus.org\/?p=71","url":"https:\/\/vicusalbus.org\/?p=71","name":"Celebraci\u00f3n del XXV aniversario de Vicus Albus - Asociaci\u00f3n Vicus Albus","isPartOf":{"@id":"https:\/\/vicusalbus.org\/#website"},"datePublished":"2007-06-10T11:25:59+00:00","breadcrumb":{"@id":"https:\/\/vicusalbus.org\/?p=71#breadcrumb"},"inLanguage":"es","potentialAction":[{"@type":"ReadAction","target":["https:\/\/vicusalbus.org\/?p=71"]}]},{"@type":"BreadcrumbList","@id":"https:\/\/vicusalbus.org\/?p=71#breadcrumb","itemListElement":[{"@type":"ListItem","position":1,"name":"Portada","item":"https:\/\/vicusalbus.org\/"},{"@type":"ListItem","position":2,"name":"Celebraci\u00f3n del XXV aniversario de Vicus Albus"}]},{"@type":"WebSite","@id":"https:\/\/vicusalbus.org\/#website","url":"https:\/\/vicusalbus.org\/","name":"Asociaci\u00f3n Vicus Albus","description":"","publisher":{"@id":"https:\/\/vicusalbus.org\/#organization"},"potentialAction":[{"@type":"SearchAction","target":{"@type":"EntryPoint","urlTemplate":"https:\/\/vicusalbus.org\/?s={search_term_string}"},"query-input":{"@type":"PropertyValueSpecification","valueRequired":true,"valueName":"search_term_string"}}],"inLanguage":"es"},{"@type":"Organization","@id":"https:\/\/vicusalbus.org\/#organization","name":"Asociaci\u00f3n Vicus Albus","url":"https:\/\/vicusalbus.org\/","logo":{"@type":"ImageObject","inLanguage":"es","@id":"https:\/\/vicusalbus.org\/#\/schema\/logo\/image\/","url":"https:\/\/vicusalbus.org\/wp-content\/uploads\/2024\/06\/cropped-logo_oficial_vicus.jpg","contentUrl":"https:\/\/vicusalbus.org\/wp-content\/uploads\/2024\/06\/cropped-logo_oficial_vicus.jpg","width":496,"height":100,"caption":"Asociaci\u00f3n Vicus Albus"},"image":{"@id":"https:\/\/vicusalbus.org\/#\/schema\/logo\/image\/"}},{"@type":"Person","@id":"https:\/\/vicusalbus.org\/#\/schema\/person\/fb1ad2db921f1224bf9b110df3ea0380","name":"admin","image":{"@type":"ImageObject","inLanguage":"es","@id":"https:\/\/secure.gravatar.com\/avatar\/6dad5268b41262db617445641361944c505a46b24ee0cec33d7678d3a4ef18ee?s=96&d=mm&r=g","url":"https:\/\/secure.gravatar.com\/avatar\/6dad5268b41262db617445641361944c505a46b24ee0cec33d7678d3a4ef18ee?s=96&d=mm&r=g","contentUrl":"https:\/\/secure.gravatar.com\/avatar\/6dad5268b41262db617445641361944c505a46b24ee0cec33d7678d3a4ef18ee?s=96&d=mm&r=g","caption":"admin"},"sameAs":["https:\/\/vicusalbus.org\/wordpress\/wordpress"],"url":"https:\/\/vicusalbus.org\/?author=1"}]}},"_links":{"self":[{"href":"https:\/\/vicusalbus.org\/index.php?rest_route=\/wp\/v2\/posts\/71","targetHints":{"allow":["GET"]}}],"collection":[{"href":"https:\/\/vicusalbus.org\/index.php?rest_route=\/wp\/v2\/posts"}],"about":[{"href":"https:\/\/vicusalbus.org\/index.php?rest_route=\/wp\/v2\/types\/post"}],"author":[{"embeddable":true,"href":"https:\/\/vicusalbus.org\/index.php?rest_route=\/wp\/v2\/users\/1"}],"replies":[{"embeddable":true,"href":"https:\/\/vicusalbus.org\/index.php?rest_route=%2Fwp%2Fv2%2Fcomments&post=71"}],"version-history":[{"count":0,"href":"https:\/\/vicusalbus.org\/index.php?rest_route=\/wp\/v2\/posts\/71\/revisions"}],"wp:attachment":[{"href":"https:\/\/vicusalbus.org\/index.php?rest_route=%2Fwp%2Fv2%2Fmedia&parent=71"}],"wp:term":[{"taxonomy":"category","embeddable":true,"href":"https:\/\/vicusalbus.org\/index.php?rest_route=%2Fwp%2Fv2%2Fcategories&post=71"},{"taxonomy":"post_tag","embeddable":true,"href":"https:\/\/vicusalbus.org\/index.php?rest_route=%2Fwp%2Fv2%2Ftags&post=71"}],"curies":[{"name":"wp","href":"https:\/\/api.w.org\/{rel}","templated":true}]}}