{"id":8,"date":"2005-05-05T00:00:00","date_gmt":"2005-05-05T00:00:00","guid":{"rendered":"https:\/\/vicusalbus.org\/wordpress\/?p=8"},"modified":"2005-05-05T00:00:00","modified_gmt":"2005-05-05T00:00:00","slug":"el-temblor-de-tierra-grande","status":"publish","type":"post","link":"https:\/\/vicusalbus.org\/?p=8","title":{"rendered":"El Temblor de Tierra Grande"},"content":{"rendered":"<p>\u00a0<\/p>\n<table id=\"AutoNumber1\" style=\"border-collapse: collapse;\" border=\"0\" width=\"50%\" cellspacing=\"3\" cellpadding=\"0\">\n<tbody>\n<tr>\n<td>\n<p style=\"text-align: center;\" align=\"justify\"><span style=\"font-family: Arial;\"><img loading=\"lazy\" decoding=\"async\" src=\"images\/temblor.jpg\" alt=\"\" width=\"456\" height=\"180\" border=\"0\" \/><\/span><\/p>\n<p align=\"justify\"><span style=\"font-family: Arial;\">\u00a0\u00a0\u00a0\u00a0 Vicus Albus investiga en distintos archivos para redescubrir el pasado de Vic\u00e1lvaro. Una de nuestras fuentes m\u00e1s comunes es el archivo parroquial de Santa Mar\u00eda la Antigua, que atesora documentos\u00a0 de este pueblo desde hace m\u00e1s de cuatro siglos.<\/span><\/p>\n<p align=\"justify\"><span style=\"font-family: Arial;\">\u00a0\u00a0\u00a0\u00a0 Recientemente, leyendo uno de estos libros apareci\u00f3 la curiosa nota de la imagen anterior que dice: <i> &#8220;Fernando S\u00e1nchez Sarmiento que estaba casado con Mar\u00eda Jerbasa Blanco que muri\u00f3 el <span style=\"text-decoration: underline;\">a\u00f1o del temblor de tierra grande<\/span> de el d\u00eda de todos los santos&#8230;&#8221;<br \/><\/i><\/span><\/p>\n<p align=\"justify\"><span style=\"font-family: Arial;\">\u00a0\u00a0\u00a0 En seguida nos preguntamos a qu\u00e9 se referir\u00edan con este &#8220;temblor&#8221;, quiz\u00e1s a un terremoto. Esto hace a Valent\u00edn Gonz\u00e1lez acudir a los buscadores de Internet en busca de alg\u00fan terremoto ocurrido en Espa\u00f1a a mediados del siglo XVIII, encontrando uno, en 1755, con epicentro en Lisboa, datado por el Instituto de Sismolog\u00eda, por lo tanto era casi seguro que el hecho aqu\u00ed reflejado es el que se conoci\u00f3 como t<i>erremoto de Lisboa<\/i>.<\/span><\/p>\n<p align=\"justify\"><span style=\"font-family: Arial;\">\u00a0\u00a0\u00a0 Pero la curiosidad no acaba aqu\u00ed, y buscando m\u00e1s informaci\u00f3n acerca de este terremoto, aparece un libro de reciente publicaci\u00f3n titulado <i><b>&#8220;Los efectos en Espa\u00f1a del Terremoto de Lisboa (1 de Noviembre de 1755)&#8221;<\/b> <\/i>de D. Jos\u00e9 Manuel Martinez Solares quien, al contactar con \u00e9l, regal\u00f3 un ejemplar del libro a la Asociaci\u00f3n. Al consultar el libro, la casualidad nos lleva a la trascripci\u00f3n de una carta, conservada en el Archivo Hist\u00f3rico Nacional, del alcalde de Vic\u00e1lvaro, dando parte de lo sucedido al corregidor de Madrid, que trascribimos a continuaci\u00f3n por si alguien tiene curiosidad en leerla:<\/span><\/p>\n<p style=\"padding-left: 60px;\" align=\"justify\"><span style=\"font-family: Arial;\"><i>&#8220;Vic\u00e1lvaro, 17 de noviembre de 1.755.<br \/>Los alcaldes.<br \/>Se\u00f1or:<br \/> En Cumplimiento de lo que V.S. previene en su carta del 10 del corriente, y de la Real Orden comunicada a V.I. por el ilustr\u00edsimo Se\u00f1or Gobernador del Consejo, que en esta se inserta, para que noticiemos lo que en este lugar aceci\u00f3 el d\u00eda 1\u00ba de este mismo mes, con motivo del terremoto que sucedi\u00f3, queremos exponer a V. S. que siendo como la hora de las diez y cuarto de la ma\u00f1ana del propio d\u00eda, estando la mayor parte del las familias de distinci\u00f3n, y otras muchas de todas clases, congregadas en la Iglesia parroquial de este lugar, asistiendo a la misa mayor que celebraba su cura Don Carlos Antonio Puertas, y asisti\u00e9ndole como di\u00e1conos Don Blas P\u00e9rez y Don Celestino P\u00e9res Mayor, y estando tambi\u00e9n presentes\u00a0 nosotros, y como alcaldes ordinarios en nuestros respectivos asientos, al tiempo que se estaba cantando el gloria de la citada misa conventual, sin que precediere se\u00f1al alguna, notaron algunos de los concurrentes que las im\u00e1genes de los Altares y l\u00e1mparas, se mov\u00edan regularmente, y en especial\u00a0 la milagros\u00edsima Imagen de Nuestra se\u00f1ora de la Antigua, patrona tutelar, que est\u00e1 colocada en altar mayor.<\/i><\/span><\/p>\n<p style=\"padding-left: 60px;\" align=\"justify\"><span style=\"font-family: Arial;\"><i>Otros, que en el suelo de dicha iglesia, igualmente se mov\u00edan los bancos. Otros que estaban arrimados a las paredes, notaron que estas les daban vaivenes como que iban y que ven\u00edan hacia ellos. Otros percib\u00edan un gran ruido al modo de cuando pasa un coche corriendo, que se oye algo distante, o est\u00e1 a demasiada altura de f\u00e1brica de la persona que lo oye.<\/i><\/span><\/p>\n<p style=\"padding-left: 60px;\" align=\"justify\"><span style=\"font-family: Arial;\"><i>Y todos sin discrepar\u00a0 interiormente se persuad\u00edan les daba alg\u00fan accidente, porque en este mismo tiempo experimentaban da\u00f1osa novedad, en s\u00ed mismos, especialmente en cabezas y est\u00f3magos.<\/i><\/span><\/p>\n<p style=\"padding-left: 60px;\" align=\"justify\"><span style=\"font-family: Arial;\"><i>En esta confusi\u00f3n de dudas, y estando todos indeterminados, as\u00ed hombres como mujeres, prosiguiese la misa, hasta que uno de los que la o\u00edan dijo en voz alta: &#8220;\u00a1Qu\u00e9 se hunde la iglesia!&#8221; que con este nuevo motivo de aflicci\u00f3n, y con haberse desprendido algunos fragmentos del arco de la capilla mayor, se suspendi\u00f3 el Santo Sacrificio, y todos indistintamente buscaban el asilo de la puerta para salir cuanto antes, en que no hubo poca confusi\u00f3n, y tropel, aunque se ejecut\u00f3 sin desgracia de nadie, siendo cierto que dicho temblor, o terremoto dur\u00f3 m\u00e1s de cinco minutos.<\/i><\/span><\/p>\n<p style=\"padding-left: 60px;\" align=\"justify\"><i><span style=\"font-family: Arial;\">Y estando todos ya fuera , unos en las calles y plaza, otros en sus respectivas casas, y todos con el sobresalto que es regular, nos informamos de personas fidelignas que la torre de la citada Iglesia se hab\u00eda cimbrado al mismo tiempo del terremoto, con tan r\u00e1pido movimiento, que las campanas en su impulso tocaron varias veces.<\/span><\/i><\/p>\n<p style=\"padding-left: 60px;\" align=\"justify\"><i><span style=\"font-family: Arial;\">Que la Casa del Ayuntamiento, que es la m\u00e1s fuerte y con unos postes robustos de piedra de siller\u00eda, toda se estremeci\u00f3 y meneaban con gran violencia, y que igualmente en todas las casas del pueblo experimentaron lo mismo del propio tiempo, y con la misma duraci\u00f3n, pero sin aber ocasionado (a Dios gracias) ruina alguna, en ninguna persona ni animal, edificio ni fuente, en que no se ha experimentado tampoco novedad.<\/span><\/i><\/p>\n<p style=\"padding-left: 60px;\" align=\"justify\"><i><span style=\"font-family: Arial;\">Por lo que lleno de fe todo el pueblo, poniendo su confianza en su Patrona Nuestra Se\u00f1ora de la Antigua, con suma compunci\u00f3n y repitiendo actos de gratitud, inmediatamente se entreg\u00f3 bajo el Patrocinio de esta Se\u00f1ora y se volvi\u00f3 a congrega en la misma Iglesia, donde por su citado cura, se prosigui\u00f3 y feneci\u00f3 la principiada misa, cantando la salve a esta Gran Reina en acci\u00f3n de gracias de habernos librado del manifiesto peligro que nos amenaz\u00f3, esorzando este acto de devoci\u00f3n dicho cura, con una oraci\u00f3n, infundiendo los \u00e1nimos al arrpentimiento de las ofensas de su majestad y enmiendas de ellas en adelante.<\/span><\/i><\/p>\n<p style=\"padding-left: 60px;\" align=\"justify\"><i><span style=\"font-family: Arial;\">Y para conseguirlo as\u00ed, e implorar para s\u00ed el auxilio divino, a expensas del citado eclesi\u00e1stico, se est\u00e1 actualmente celebrando un novenario a Nuestra Se\u00f1ora, con una misa cantada y letan\u00eda, y por las tardes su novena de Dolores, y quieran recibir los santos sacramentos de la Penitencia y Eucarist\u00eda.<\/span><\/i><\/p>\n<p style=\"padding-left: 60px;\" align=\"justify\"><i><span style=\"font-family: Arial;\">Y despu\u00e9s por ese Ayuntamiento se ha determinado tambi\u00e9n dar principio a oro novenario en igual forma, el d\u00eda de San Andr\u00e9s Ap\u00f3stol, y finalizado, el d\u00eda de la Concepci\u00f3n, en el cual, si el tiempo lo permite, saldr\u00e1 procesionalmente Nuestra Se\u00f1ora de la Antigua, y en su defecto formado el rosario por las calles como es costumbre.<\/span><\/i><\/p>\n<p style=\"padding-left: 60px;\" align=\"justify\"><i><span style=\"font-family: Arial;\">Que es lo que podemos informar a V.I., cuya vida guarde Dios muchos a\u00f1os como deseamos.<\/span><\/i><\/p>\n<p style=\"padding-left: 60px;\" align=\"justify\"><i><span style=\"font-family: Arial;\">Vic\u00e1lvaro, y Noviembre 17 de 1755.<\/span><\/i><\/p>\n<p style=\"padding-left: 60px;\" align=\"justify\"><i><span style=\"font-family: Arial;\">Doctor Andr\u00e9s D\u00e1vila, Manuel Mozety.<\/span><\/i><\/p>\n<p style=\"padding-left: 60px;\" align=\"justify\"><i><span style=\"font-family: Arial;\">A Don Juan Francisco de Luj\u00e1n y Arce [Corregidor de la villa y Corte de Madrid]&#8221;<\/span><\/i><\/p>\n<blockquote>\n<p align=\"justify\"><span style=\"font-family: Arial;\">La alianza de las cl\u00e1sicas fuentes antiguas con la moderna tecnolog\u00eda nos ha llevado a un nuevo hallazgo para el archivo de la historia de Vic\u00e1lvaro.<\/span><\/p>\n<\/blockquote>\n<\/td>\n<\/tr>\n<\/tbody>\n<\/table>\n","protected":false},"excerpt":{"rendered":"<p>\u00a0 \u00a0\u00a0\u00a0\u00a0 Vicus Albus investiga en distintos archivos para redescubrir el pasado de Vic\u00e1lvaro. Una de nuestras fuentes m\u00e1s comunes es el archivo parroquial de Santa Mar\u00eda la Antigua, que atesora documentos\u00a0 de este pueblo desde hace m\u00e1s de cuatro siglos. \u00a0\u00a0\u00a0\u00a0 Recientemente, leyendo uno de estos libros apareci\u00f3 la curiosa nota de la imagen &hellip; <\/p>\n<p class=\"link-more\"><a href=\"https:\/\/vicusalbus.org\/?p=8\" class=\"more-link\">Leer m\u00e1s<span class=\"screen-reader-text\"> \u00abEl Temblor de Tierra Grande\u00bb<\/span><\/a><\/p>\n","protected":false},"author":1,"featured_media":0,"comment_status":"open","ping_status":"open","sticky":false,"template":"","format":"standard","meta":{"two_page_speed":[],"footnotes":""},"categories":[17],"tags":[40,34,47,45,41,42,38,49,48,43,35,46,36,39,33,37,44],"class_list":["post-8","post","type-post","status-publish","format-standard","hentry","category-articulos","tag-ahumaos","tag-ambroz","tag-capitan-guiloche","tag-cementerio-mas-antiguo-de-madrid","tag-condesa-vega-del-pozo","tag-diaz-pimienta","tag-duque-del-sevillano","tag-escarbassierre","tag-historia-de-vicalvaro","tag-juan-sevillano","tag-la-torre","tag-madrid-davila","tag-santa-maria-la-antigua","tag-vicalvarada","tag-vicalvaro","tag-virgen-de-la-antigua","tag-virgen-de-la-torre"],"yoast_head":"<!-- This site is optimized with the Yoast SEO plugin v27.5 - https:\/\/yoast.com\/product\/yoast-seo-wordpress\/ -->\n<title>El Temblor de Tierra Grande - Asociaci\u00f3n Vicus Albus<\/title>\n<meta name=\"robots\" content=\"index, follow, max-snippet:-1, max-image-preview:large, max-video-preview:-1\" \/>\n<link rel=\"canonical\" href=\"https:\/\/vicusalbus.org\/?p=8\" \/>\n<meta property=\"og:locale\" content=\"es_ES\" \/>\n<meta property=\"og:type\" content=\"article\" \/>\n<meta property=\"og:title\" content=\"El Temblor de Tierra Grande - Asociaci\u00f3n Vicus Albus\" \/>\n<meta property=\"og:description\" content=\"\u00a0 \u00a0\u00a0\u00a0\u00a0 Vicus Albus investiga en distintos archivos para redescubrir el pasado de Vic\u00e1lvaro. Una de nuestras fuentes m\u00e1s comunes es el archivo parroquial de Santa Mar\u00eda la Antigua, que atesora documentos\u00a0 de este pueblo desde hace m\u00e1s de cuatro siglos. \u00a0\u00a0\u00a0\u00a0 Recientemente, leyendo uno de estos libros apareci\u00f3 la curiosa nota de la imagen &hellip; Leer m\u00e1s \u00abEl Temblor de Tierra Grande\u00bb\" \/>\n<meta property=\"og:url\" content=\"https:\/\/vicusalbus.org\/?p=8\" \/>\n<meta property=\"og:site_name\" content=\"Asociaci\u00f3n Vicus Albus\" \/>\n<meta property=\"article:published_time\" content=\"2005-05-05T00:00:00+00:00\" \/>\n<meta name=\"author\" content=\"admin\" \/>\n<meta name=\"twitter:card\" content=\"summary_large_image\" \/>\n<meta name=\"twitter:label1\" content=\"Escrito por\" \/>\n\t<meta name=\"twitter:data1\" content=\"admin\" \/>\n\t<meta name=\"twitter:label2\" content=\"Tiempo de lectura\" \/>\n\t<meta name=\"twitter:data2\" content=\"6 minutos\" \/>\n<script type=\"application\/ld+json\" class=\"yoast-schema-graph\">{\"@context\":\"https:\\\/\\\/schema.org\",\"@graph\":[{\"@type\":\"Article\",\"@id\":\"https:\\\/\\\/vicusalbus.org\\\/?p=8#article\",\"isPartOf\":{\"@id\":\"https:\\\/\\\/vicusalbus.org\\\/?p=8\"},\"author\":{\"name\":\"admin\",\"@id\":\"https:\\\/\\\/vicusalbus.org\\\/#\\\/schema\\\/person\\\/fb1ad2db921f1224bf9b110df3ea0380\"},\"headline\":\"El Temblor de Tierra Grande\",\"datePublished\":\"2005-05-05T00:00:00+00:00\",\"mainEntityOfPage\":{\"@id\":\"https:\\\/\\\/vicusalbus.org\\\/?p=8\"},\"wordCount\":1138,\"commentCount\":0,\"publisher\":{\"@id\":\"https:\\\/\\\/vicusalbus.org\\\/#organization\"},\"keywords\":[\"Ahumaos\",\"Ambroz\",\"Capit\u00e1n Guiloche\",\"cementerio m\u00e1s antiguo de Madrid\",\"Condesa Vega del Pozo\",\"Diaz Pimienta\",\"Duque del Sevillano\",\"Escarbassierre\",\"Historia de Vic\u00e1lvaro\",\"Juan Sevillano\",\"La Torre\",\"Madrid-D\u00e1vila\",\"Santa Mar\u00eda la Antigua\",\"Vicalvarada\",\"Vic\u00e1lvaro\",\"Virgen de la Antigua\",\"Virgen de la Torre\"],\"articleSection\":[\"Art\u00edculos\"],\"inLanguage\":\"es\",\"potentialAction\":[{\"@type\":\"CommentAction\",\"name\":\"Comment\",\"target\":[\"https:\\\/\\\/vicusalbus.org\\\/?p=8#respond\"]}]},{\"@type\":\"WebPage\",\"@id\":\"https:\\\/\\\/vicusalbus.org\\\/?p=8\",\"url\":\"https:\\\/\\\/vicusalbus.org\\\/?p=8\",\"name\":\"El Temblor de Tierra Grande - Asociaci\u00f3n Vicus Albus\",\"isPartOf\":{\"@id\":\"https:\\\/\\\/vicusalbus.org\\\/#website\"},\"datePublished\":\"2005-05-05T00:00:00+00:00\",\"breadcrumb\":{\"@id\":\"https:\\\/\\\/vicusalbus.org\\\/?p=8#breadcrumb\"},\"inLanguage\":\"es\",\"potentialAction\":[{\"@type\":\"ReadAction\",\"target\":[\"https:\\\/\\\/vicusalbus.org\\\/?p=8\"]}]},{\"@type\":\"BreadcrumbList\",\"@id\":\"https:\\\/\\\/vicusalbus.org\\\/?p=8#breadcrumb\",\"itemListElement\":[{\"@type\":\"ListItem\",\"position\":1,\"name\":\"Portada\",\"item\":\"https:\\\/\\\/vicusalbus.org\\\/\"},{\"@type\":\"ListItem\",\"position\":2,\"name\":\"El Temblor de Tierra Grande\"}]},{\"@type\":\"WebSite\",\"@id\":\"https:\\\/\\\/vicusalbus.org\\\/#website\",\"url\":\"https:\\\/\\\/vicusalbus.org\\\/\",\"name\":\"Asociaci\u00f3n Vicus Albus\",\"description\":\"\",\"publisher\":{\"@id\":\"https:\\\/\\\/vicusalbus.org\\\/#organization\"},\"potentialAction\":[{\"@type\":\"SearchAction\",\"target\":{\"@type\":\"EntryPoint\",\"urlTemplate\":\"https:\\\/\\\/vicusalbus.org\\\/?s={search_term_string}\"},\"query-input\":{\"@type\":\"PropertyValueSpecification\",\"valueRequired\":true,\"valueName\":\"search_term_string\"}}],\"inLanguage\":\"es\"},{\"@type\":\"Organization\",\"@id\":\"https:\\\/\\\/vicusalbus.org\\\/#organization\",\"name\":\"Asociaci\u00f3n Vicus Albus\",\"url\":\"https:\\\/\\\/vicusalbus.org\\\/\",\"logo\":{\"@type\":\"ImageObject\",\"inLanguage\":\"es\",\"@id\":\"https:\\\/\\\/vicusalbus.org\\\/#\\\/schema\\\/logo\\\/image\\\/\",\"url\":\"https:\\\/\\\/vicusalbus.org\\\/wp-content\\\/uploads\\\/2024\\\/06\\\/cropped-logo_oficial_vicus.jpg\",\"contentUrl\":\"https:\\\/\\\/vicusalbus.org\\\/wp-content\\\/uploads\\\/2024\\\/06\\\/cropped-logo_oficial_vicus.jpg\",\"width\":496,\"height\":100,\"caption\":\"Asociaci\u00f3n Vicus Albus\"},\"image\":{\"@id\":\"https:\\\/\\\/vicusalbus.org\\\/#\\\/schema\\\/logo\\\/image\\\/\"}},{\"@type\":\"Person\",\"@id\":\"https:\\\/\\\/vicusalbus.org\\\/#\\\/schema\\\/person\\\/fb1ad2db921f1224bf9b110df3ea0380\",\"name\":\"admin\",\"image\":{\"@type\":\"ImageObject\",\"inLanguage\":\"es\",\"@id\":\"https:\\\/\\\/secure.gravatar.com\\\/avatar\\\/6dad5268b41262db617445641361944c505a46b24ee0cec33d7678d3a4ef18ee?s=96&d=mm&r=g\",\"url\":\"https:\\\/\\\/secure.gravatar.com\\\/avatar\\\/6dad5268b41262db617445641361944c505a46b24ee0cec33d7678d3a4ef18ee?s=96&d=mm&r=g\",\"contentUrl\":\"https:\\\/\\\/secure.gravatar.com\\\/avatar\\\/6dad5268b41262db617445641361944c505a46b24ee0cec33d7678d3a4ef18ee?s=96&d=mm&r=g\",\"caption\":\"admin\"},\"sameAs\":[\"https:\\\/\\\/vicusalbus.org\\\/wordpress\\\/wordpress\"],\"url\":\"https:\\\/\\\/vicusalbus.org\\\/?author=1\"}]}<\/script>\n<!-- \/ Yoast SEO plugin. -->","yoast_head_json":{"title":"El Temblor de Tierra Grande - Asociaci\u00f3n Vicus Albus","robots":{"index":"index","follow":"follow","max-snippet":"max-snippet:-1","max-image-preview":"max-image-preview:large","max-video-preview":"max-video-preview:-1"},"canonical":"https:\/\/vicusalbus.org\/?p=8","og_locale":"es_ES","og_type":"article","og_title":"El Temblor de Tierra Grande - Asociaci\u00f3n Vicus Albus","og_description":"\u00a0 \u00a0\u00a0\u00a0\u00a0 Vicus Albus investiga en distintos archivos para redescubrir el pasado de Vic\u00e1lvaro. Una de nuestras fuentes m\u00e1s comunes es el archivo parroquial de Santa Mar\u00eda la Antigua, que atesora documentos\u00a0 de este pueblo desde hace m\u00e1s de cuatro siglos. \u00a0\u00a0\u00a0\u00a0 Recientemente, leyendo uno de estos libros apareci\u00f3 la curiosa nota de la imagen &hellip; Leer m\u00e1s \u00abEl Temblor de Tierra Grande\u00bb","og_url":"https:\/\/vicusalbus.org\/?p=8","og_site_name":"Asociaci\u00f3n Vicus Albus","article_published_time":"2005-05-05T00:00:00+00:00","author":"admin","twitter_card":"summary_large_image","twitter_misc":{"Escrito por":"admin","Tiempo de lectura":"6 minutos"},"schema":{"@context":"https:\/\/schema.org","@graph":[{"@type":"Article","@id":"https:\/\/vicusalbus.org\/?p=8#article","isPartOf":{"@id":"https:\/\/vicusalbus.org\/?p=8"},"author":{"name":"admin","@id":"https:\/\/vicusalbus.org\/#\/schema\/person\/fb1ad2db921f1224bf9b110df3ea0380"},"headline":"El Temblor de Tierra Grande","datePublished":"2005-05-05T00:00:00+00:00","mainEntityOfPage":{"@id":"https:\/\/vicusalbus.org\/?p=8"},"wordCount":1138,"commentCount":0,"publisher":{"@id":"https:\/\/vicusalbus.org\/#organization"},"keywords":["Ahumaos","Ambroz","Capit\u00e1n Guiloche","cementerio m\u00e1s antiguo de Madrid","Condesa Vega del Pozo","Diaz Pimienta","Duque del Sevillano","Escarbassierre","Historia de Vic\u00e1lvaro","Juan Sevillano","La Torre","Madrid-D\u00e1vila","Santa Mar\u00eda la Antigua","Vicalvarada","Vic\u00e1lvaro","Virgen de la Antigua","Virgen de la Torre"],"articleSection":["Art\u00edculos"],"inLanguage":"es","potentialAction":[{"@type":"CommentAction","name":"Comment","target":["https:\/\/vicusalbus.org\/?p=8#respond"]}]},{"@type":"WebPage","@id":"https:\/\/vicusalbus.org\/?p=8","url":"https:\/\/vicusalbus.org\/?p=8","name":"El Temblor de Tierra Grande - Asociaci\u00f3n Vicus Albus","isPartOf":{"@id":"https:\/\/vicusalbus.org\/#website"},"datePublished":"2005-05-05T00:00:00+00:00","breadcrumb":{"@id":"https:\/\/vicusalbus.org\/?p=8#breadcrumb"},"inLanguage":"es","potentialAction":[{"@type":"ReadAction","target":["https:\/\/vicusalbus.org\/?p=8"]}]},{"@type":"BreadcrumbList","@id":"https:\/\/vicusalbus.org\/?p=8#breadcrumb","itemListElement":[{"@type":"ListItem","position":1,"name":"Portada","item":"https:\/\/vicusalbus.org\/"},{"@type":"ListItem","position":2,"name":"El Temblor de Tierra Grande"}]},{"@type":"WebSite","@id":"https:\/\/vicusalbus.org\/#website","url":"https:\/\/vicusalbus.org\/","name":"Asociaci\u00f3n Vicus Albus","description":"","publisher":{"@id":"https:\/\/vicusalbus.org\/#organization"},"potentialAction":[{"@type":"SearchAction","target":{"@type":"EntryPoint","urlTemplate":"https:\/\/vicusalbus.org\/?s={search_term_string}"},"query-input":{"@type":"PropertyValueSpecification","valueRequired":true,"valueName":"search_term_string"}}],"inLanguage":"es"},{"@type":"Organization","@id":"https:\/\/vicusalbus.org\/#organization","name":"Asociaci\u00f3n Vicus Albus","url":"https:\/\/vicusalbus.org\/","logo":{"@type":"ImageObject","inLanguage":"es","@id":"https:\/\/vicusalbus.org\/#\/schema\/logo\/image\/","url":"https:\/\/vicusalbus.org\/wp-content\/uploads\/2024\/06\/cropped-logo_oficial_vicus.jpg","contentUrl":"https:\/\/vicusalbus.org\/wp-content\/uploads\/2024\/06\/cropped-logo_oficial_vicus.jpg","width":496,"height":100,"caption":"Asociaci\u00f3n Vicus Albus"},"image":{"@id":"https:\/\/vicusalbus.org\/#\/schema\/logo\/image\/"}},{"@type":"Person","@id":"https:\/\/vicusalbus.org\/#\/schema\/person\/fb1ad2db921f1224bf9b110df3ea0380","name":"admin","image":{"@type":"ImageObject","inLanguage":"es","@id":"https:\/\/secure.gravatar.com\/avatar\/6dad5268b41262db617445641361944c505a46b24ee0cec33d7678d3a4ef18ee?s=96&d=mm&r=g","url":"https:\/\/secure.gravatar.com\/avatar\/6dad5268b41262db617445641361944c505a46b24ee0cec33d7678d3a4ef18ee?s=96&d=mm&r=g","contentUrl":"https:\/\/secure.gravatar.com\/avatar\/6dad5268b41262db617445641361944c505a46b24ee0cec33d7678d3a4ef18ee?s=96&d=mm&r=g","caption":"admin"},"sameAs":["https:\/\/vicusalbus.org\/wordpress\/wordpress"],"url":"https:\/\/vicusalbus.org\/?author=1"}]}},"_links":{"self":[{"href":"https:\/\/vicusalbus.org\/index.php?rest_route=\/wp\/v2\/posts\/8","targetHints":{"allow":["GET"]}}],"collection":[{"href":"https:\/\/vicusalbus.org\/index.php?rest_route=\/wp\/v2\/posts"}],"about":[{"href":"https:\/\/vicusalbus.org\/index.php?rest_route=\/wp\/v2\/types\/post"}],"author":[{"embeddable":true,"href":"https:\/\/vicusalbus.org\/index.php?rest_route=\/wp\/v2\/users\/1"}],"replies":[{"embeddable":true,"href":"https:\/\/vicusalbus.org\/index.php?rest_route=%2Fwp%2Fv2%2Fcomments&post=8"}],"version-history":[{"count":0,"href":"https:\/\/vicusalbus.org\/index.php?rest_route=\/wp\/v2\/posts\/8\/revisions"}],"wp:attachment":[{"href":"https:\/\/vicusalbus.org\/index.php?rest_route=%2Fwp%2Fv2%2Fmedia&parent=8"}],"wp:term":[{"taxonomy":"category","embeddable":true,"href":"https:\/\/vicusalbus.org\/index.php?rest_route=%2Fwp%2Fv2%2Fcategories&post=8"},{"taxonomy":"post_tag","embeddable":true,"href":"https:\/\/vicusalbus.org\/index.php?rest_route=%2Fwp%2Fv2%2Ftags&post=8"}],"curies":[{"name":"wp","href":"https:\/\/api.w.org\/{rel}","templated":true}]}}