{"id":85,"date":"2005-08-07T11:00:17","date_gmt":"2005-08-07T11:00:17","guid":{"rendered":"https:\/\/vicusalbus.org\/wordpress\/?p=85"},"modified":"2005-08-07T11:00:17","modified_gmt":"2005-08-07T11:00:17","slug":"la-avenida-de-daroca-salvada","status":"publish","type":"post","link":"https:\/\/vicusalbus.org\/?p=85","title":{"rendered":"La Avenida de Daroca Salvada"},"content":{"rendered":"<table width=\"600\">\n<tbody>\n<tr>\n<td colspan=\"3\">\n<p align=\"justify\">\u00a0\u00a0\u00a0\u00a0 Las protestas vecinales, y la acci\u00f3n conjunta de varios colectivos del barrio hacen que el Ministerio de Fomento, apruebe un plan para reabrir esta v\u00eda.<\/p>\n<\/td>\n<\/tr>\n<\/tbody>\n<\/table>\n<table>\n<tbody>\n<tr>\n<td align=\"justify\" valign=\"top\" width=\"210\" height=\"643\">\n<p align=\"justify\">\u00a0<\/p>\n<p align=\"justify\"><span style=\"font-family: Arial;\">Desde Febrero de 2003 esta v\u00eda permanece cortada al tr\u00e1fico. El motivo inicial fue la construcci\u00f3n de la nueva R-3, por ello se supon\u00eda que era un corte temporal por obras, puesto que hac\u00eda pocos a\u00f1os que se hab\u00edan acometido importantes obras de acondicionamiento en esta carretera que nos llevaba directamente al eje de O&#8217;Donell.\u00a0 La sorpresa vino cuando al terminarse las obras el corte tom\u00f3 un car\u00e1cter definitivo. En mayo de 2003 distintas organizaciones vecinales convocaron la primera concentraci\u00f3n de protesta, debido al perjuicio evidente causado a los vecinos del barrio, al sustituir una importante salida por una autopista de peaje. El 23 de febrero de 2004, se convoca una manifestaci\u00f3n a la que acuden cerca de <b>6000 personas<\/b> seg\u00fan algunos medios, bajo el lema <i><b>&#8220;Golpe a la Radial 3&#8221;<\/b><\/i>, en alusi\u00f3n a la fecha que fue convocada. Sin embargo el ministerio de Fomento de entonces hace caso omiso a las protestas.<\/span><\/p>\n<\/td>\n<td width=\"22\" height=\"643\">\u00a0<\/td>\n<td align=\"justify\" valign=\"top\" width=\"295\" height=\"643\">\n<p align=\"justify\"><span style=\"font-family: Arial;\">Pero el 14 de marzo se produce el casi inesperado cambio de gobierno, y la plataforma &#8220;Salvemos la avenida de Daroca&#8221; escribe una carta a la nueva ministra, que es contestada de inmediato. Una vez constituido el nuevo gobierno de la naci\u00f3n, se produce la primera reuni\u00f3n entre t\u00e9cnicos de Fomento y la plataforma vecinal en 2004, sucedi\u00e9ndose una nueva reuni\u00f3n en octubre, y otra en noviembre. En febrero de 2005 en una nueva reuni\u00f3n se presentan varias propuestas de soluci\u00f3n al problema por parte de la plataforma vecinal. Como resultado se aprueba la construcci\u00f3n de 7 nuevas salidas desde Vic\u00e1lvaro a la M-40 (una de ellas reabriendo la Avenida de Daroca).<\/span><\/p>\n<p align=\"justify\"><span style=\"font-family: Arial;\">\u00a0Finalmente se demorar\u00e1n las obras m\u00e1s de lo esperado, y no se efectuar\u00e1n seg\u00fan todos los acuerdos alcanzados entre la plataforma y el Ministerio de Fomento.<\/span><\/p>\n<\/td>\n<\/tr>\n<\/tbody>\n<\/table>\n<p>\u00a0<\/p>\n","protected":false},"excerpt":{"rendered":"<p>\u00a0\u00a0\u00a0\u00a0 Las protestas vecinales, y la acci\u00f3n conjunta de varios colectivos del barrio hacen que el Ministerio de Fomento, apruebe un plan para reabrir esta v\u00eda. \u00a0 Desde Febrero de 2003 esta v\u00eda permanece cortada al tr\u00e1fico. El motivo inicial fue la construcci\u00f3n de la nueva R-3, por ello se supon\u00eda que era un corte &hellip; <\/p>\n<p class=\"link-more\"><a href=\"https:\/\/vicusalbus.org\/?p=85\" class=\"more-link\">Leer m\u00e1s<span class=\"screen-reader-text\"> \u00abLa Avenida de Daroca Salvada\u00bb<\/span><\/a><\/p>\n","protected":false},"author":1,"featured_media":0,"comment_status":"open","ping_status":"open","sticky":false,"template":"","format":"standard","meta":{"two_page_speed":[],"footnotes":""},"categories":[15],"tags":[],"class_list":["post-85","post","type-post","status-publish","format-standard","hentry","category-noticias-de-2005"],"yoast_head":"<!-- This site is optimized with the Yoast SEO plugin v27.4 - https:\/\/yoast.com\/product\/yoast-seo-wordpress\/ -->\n<title>La Avenida de Daroca Salvada - Asociaci\u00f3n Vicus Albus<\/title>\n<meta name=\"robots\" content=\"index, follow, max-snippet:-1, max-image-preview:large, max-video-preview:-1\" \/>\n<link rel=\"canonical\" href=\"https:\/\/vicusalbus.org\/?p=85\" \/>\n<meta property=\"og:locale\" content=\"es_ES\" \/>\n<meta property=\"og:type\" content=\"article\" \/>\n<meta property=\"og:title\" content=\"La Avenida de Daroca Salvada - Asociaci\u00f3n Vicus Albus\" \/>\n<meta property=\"og:description\" content=\"\u00a0\u00a0\u00a0\u00a0 Las protestas vecinales, y la acci\u00f3n conjunta de varios colectivos del barrio hacen que el Ministerio de Fomento, apruebe un plan para reabrir esta v\u00eda. \u00a0 Desde Febrero de 2003 esta v\u00eda permanece cortada al tr\u00e1fico. El motivo inicial fue la construcci\u00f3n de la nueva R-3, por ello se supon\u00eda que era un corte &hellip; Leer m\u00e1s \u00abLa Avenida de Daroca Salvada\u00bb\" \/>\n<meta property=\"og:url\" content=\"https:\/\/vicusalbus.org\/?p=85\" \/>\n<meta property=\"og:site_name\" content=\"Asociaci\u00f3n Vicus Albus\" \/>\n<meta property=\"article:published_time\" content=\"2005-08-07T11:00:17+00:00\" \/>\n<meta name=\"author\" content=\"admin\" \/>\n<meta name=\"twitter:card\" content=\"summary_large_image\" \/>\n<meta name=\"twitter:label1\" content=\"Escrito por\" \/>\n\t<meta name=\"twitter:data1\" content=\"admin\" \/>\n\t<meta name=\"twitter:label2\" content=\"Tiempo de lectura\" \/>\n\t<meta name=\"twitter:data2\" content=\"2 minutos\" \/>\n<script type=\"application\/ld+json\" class=\"yoast-schema-graph\">{\"@context\":\"https:\\\/\\\/schema.org\",\"@graph\":[{\"@type\":\"Article\",\"@id\":\"https:\\\/\\\/vicusalbus.org\\\/?p=85#article\",\"isPartOf\":{\"@id\":\"https:\\\/\\\/vicusalbus.org\\\/?p=85\"},\"author\":{\"name\":\"admin\",\"@id\":\"https:\\\/\\\/vicusalbus.org\\\/#\\\/schema\\\/person\\\/fb1ad2db921f1224bf9b110df3ea0380\"},\"headline\":\"La Avenida de Daroca Salvada\",\"datePublished\":\"2005-08-07T11:00:17+00:00\",\"mainEntityOfPage\":{\"@id\":\"https:\\\/\\\/vicusalbus.org\\\/?p=85\"},\"wordCount\":339,\"commentCount\":0,\"publisher\":{\"@id\":\"https:\\\/\\\/vicusalbus.org\\\/#organization\"},\"articleSection\":[\"Noticias de 2005\"],\"inLanguage\":\"es\",\"potentialAction\":[{\"@type\":\"CommentAction\",\"name\":\"Comment\",\"target\":[\"https:\\\/\\\/vicusalbus.org\\\/?p=85#respond\"]}]},{\"@type\":\"WebPage\",\"@id\":\"https:\\\/\\\/vicusalbus.org\\\/?p=85\",\"url\":\"https:\\\/\\\/vicusalbus.org\\\/?p=85\",\"name\":\"La Avenida de Daroca Salvada - Asociaci\u00f3n Vicus Albus\",\"isPartOf\":{\"@id\":\"https:\\\/\\\/vicusalbus.org\\\/#website\"},\"datePublished\":\"2005-08-07T11:00:17+00:00\",\"breadcrumb\":{\"@id\":\"https:\\\/\\\/vicusalbus.org\\\/?p=85#breadcrumb\"},\"inLanguage\":\"es\",\"potentialAction\":[{\"@type\":\"ReadAction\",\"target\":[\"https:\\\/\\\/vicusalbus.org\\\/?p=85\"]}]},{\"@type\":\"BreadcrumbList\",\"@id\":\"https:\\\/\\\/vicusalbus.org\\\/?p=85#breadcrumb\",\"itemListElement\":[{\"@type\":\"ListItem\",\"position\":1,\"name\":\"Portada\",\"item\":\"https:\\\/\\\/vicusalbus.org\\\/\"},{\"@type\":\"ListItem\",\"position\":2,\"name\":\"La Avenida de Daroca Salvada\"}]},{\"@type\":\"WebSite\",\"@id\":\"https:\\\/\\\/vicusalbus.org\\\/#website\",\"url\":\"https:\\\/\\\/vicusalbus.org\\\/\",\"name\":\"Asociaci\u00f3n Vicus Albus\",\"description\":\"\",\"publisher\":{\"@id\":\"https:\\\/\\\/vicusalbus.org\\\/#organization\"},\"potentialAction\":[{\"@type\":\"SearchAction\",\"target\":{\"@type\":\"EntryPoint\",\"urlTemplate\":\"https:\\\/\\\/vicusalbus.org\\\/?s={search_term_string}\"},\"query-input\":{\"@type\":\"PropertyValueSpecification\",\"valueRequired\":true,\"valueName\":\"search_term_string\"}}],\"inLanguage\":\"es\"},{\"@type\":\"Organization\",\"@id\":\"https:\\\/\\\/vicusalbus.org\\\/#organization\",\"name\":\"Asociaci\u00f3n Vicus Albus\",\"url\":\"https:\\\/\\\/vicusalbus.org\\\/\",\"logo\":{\"@type\":\"ImageObject\",\"inLanguage\":\"es\",\"@id\":\"https:\\\/\\\/vicusalbus.org\\\/#\\\/schema\\\/logo\\\/image\\\/\",\"url\":\"https:\\\/\\\/vicusalbus.org\\\/wp-content\\\/uploads\\\/2024\\\/06\\\/cropped-logo_oficial_vicus.jpg\",\"contentUrl\":\"https:\\\/\\\/vicusalbus.org\\\/wp-content\\\/uploads\\\/2024\\\/06\\\/cropped-logo_oficial_vicus.jpg\",\"width\":496,\"height\":100,\"caption\":\"Asociaci\u00f3n Vicus Albus\"},\"image\":{\"@id\":\"https:\\\/\\\/vicusalbus.org\\\/#\\\/schema\\\/logo\\\/image\\\/\"}},{\"@type\":\"Person\",\"@id\":\"https:\\\/\\\/vicusalbus.org\\\/#\\\/schema\\\/person\\\/fb1ad2db921f1224bf9b110df3ea0380\",\"name\":\"admin\",\"image\":{\"@type\":\"ImageObject\",\"inLanguage\":\"es\",\"@id\":\"https:\\\/\\\/secure.gravatar.com\\\/avatar\\\/6dad5268b41262db617445641361944c505a46b24ee0cec33d7678d3a4ef18ee?s=96&d=mm&r=g\",\"url\":\"https:\\\/\\\/secure.gravatar.com\\\/avatar\\\/6dad5268b41262db617445641361944c505a46b24ee0cec33d7678d3a4ef18ee?s=96&d=mm&r=g\",\"contentUrl\":\"https:\\\/\\\/secure.gravatar.com\\\/avatar\\\/6dad5268b41262db617445641361944c505a46b24ee0cec33d7678d3a4ef18ee?s=96&d=mm&r=g\",\"caption\":\"admin\"},\"sameAs\":[\"https:\\\/\\\/vicusalbus.org\\\/wordpress\\\/wordpress\"],\"url\":\"https:\\\/\\\/vicusalbus.org\\\/?author=1\"}]}<\/script>\n<!-- \/ Yoast SEO plugin. -->","yoast_head_json":{"title":"La Avenida de Daroca Salvada - Asociaci\u00f3n Vicus Albus","robots":{"index":"index","follow":"follow","max-snippet":"max-snippet:-1","max-image-preview":"max-image-preview:large","max-video-preview":"max-video-preview:-1"},"canonical":"https:\/\/vicusalbus.org\/?p=85","og_locale":"es_ES","og_type":"article","og_title":"La Avenida de Daroca Salvada - Asociaci\u00f3n Vicus Albus","og_description":"\u00a0\u00a0\u00a0\u00a0 Las protestas vecinales, y la acci\u00f3n conjunta de varios colectivos del barrio hacen que el Ministerio de Fomento, apruebe un plan para reabrir esta v\u00eda. \u00a0 Desde Febrero de 2003 esta v\u00eda permanece cortada al tr\u00e1fico. El motivo inicial fue la construcci\u00f3n de la nueva R-3, por ello se supon\u00eda que era un corte &hellip; Leer m\u00e1s \u00abLa Avenida de Daroca Salvada\u00bb","og_url":"https:\/\/vicusalbus.org\/?p=85","og_site_name":"Asociaci\u00f3n Vicus Albus","article_published_time":"2005-08-07T11:00:17+00:00","author":"admin","twitter_card":"summary_large_image","twitter_misc":{"Escrito por":"admin","Tiempo de lectura":"2 minutos"},"schema":{"@context":"https:\/\/schema.org","@graph":[{"@type":"Article","@id":"https:\/\/vicusalbus.org\/?p=85#article","isPartOf":{"@id":"https:\/\/vicusalbus.org\/?p=85"},"author":{"name":"admin","@id":"https:\/\/vicusalbus.org\/#\/schema\/person\/fb1ad2db921f1224bf9b110df3ea0380"},"headline":"La Avenida de Daroca Salvada","datePublished":"2005-08-07T11:00:17+00:00","mainEntityOfPage":{"@id":"https:\/\/vicusalbus.org\/?p=85"},"wordCount":339,"commentCount":0,"publisher":{"@id":"https:\/\/vicusalbus.org\/#organization"},"articleSection":["Noticias de 2005"],"inLanguage":"es","potentialAction":[{"@type":"CommentAction","name":"Comment","target":["https:\/\/vicusalbus.org\/?p=85#respond"]}]},{"@type":"WebPage","@id":"https:\/\/vicusalbus.org\/?p=85","url":"https:\/\/vicusalbus.org\/?p=85","name":"La Avenida de Daroca Salvada - Asociaci\u00f3n Vicus Albus","isPartOf":{"@id":"https:\/\/vicusalbus.org\/#website"},"datePublished":"2005-08-07T11:00:17+00:00","breadcrumb":{"@id":"https:\/\/vicusalbus.org\/?p=85#breadcrumb"},"inLanguage":"es","potentialAction":[{"@type":"ReadAction","target":["https:\/\/vicusalbus.org\/?p=85"]}]},{"@type":"BreadcrumbList","@id":"https:\/\/vicusalbus.org\/?p=85#breadcrumb","itemListElement":[{"@type":"ListItem","position":1,"name":"Portada","item":"https:\/\/vicusalbus.org\/"},{"@type":"ListItem","position":2,"name":"La Avenida de Daroca Salvada"}]},{"@type":"WebSite","@id":"https:\/\/vicusalbus.org\/#website","url":"https:\/\/vicusalbus.org\/","name":"Asociaci\u00f3n Vicus Albus","description":"","publisher":{"@id":"https:\/\/vicusalbus.org\/#organization"},"potentialAction":[{"@type":"SearchAction","target":{"@type":"EntryPoint","urlTemplate":"https:\/\/vicusalbus.org\/?s={search_term_string}"},"query-input":{"@type":"PropertyValueSpecification","valueRequired":true,"valueName":"search_term_string"}}],"inLanguage":"es"},{"@type":"Organization","@id":"https:\/\/vicusalbus.org\/#organization","name":"Asociaci\u00f3n Vicus Albus","url":"https:\/\/vicusalbus.org\/","logo":{"@type":"ImageObject","inLanguage":"es","@id":"https:\/\/vicusalbus.org\/#\/schema\/logo\/image\/","url":"https:\/\/vicusalbus.org\/wp-content\/uploads\/2024\/06\/cropped-logo_oficial_vicus.jpg","contentUrl":"https:\/\/vicusalbus.org\/wp-content\/uploads\/2024\/06\/cropped-logo_oficial_vicus.jpg","width":496,"height":100,"caption":"Asociaci\u00f3n Vicus Albus"},"image":{"@id":"https:\/\/vicusalbus.org\/#\/schema\/logo\/image\/"}},{"@type":"Person","@id":"https:\/\/vicusalbus.org\/#\/schema\/person\/fb1ad2db921f1224bf9b110df3ea0380","name":"admin","image":{"@type":"ImageObject","inLanguage":"es","@id":"https:\/\/secure.gravatar.com\/avatar\/6dad5268b41262db617445641361944c505a46b24ee0cec33d7678d3a4ef18ee?s=96&d=mm&r=g","url":"https:\/\/secure.gravatar.com\/avatar\/6dad5268b41262db617445641361944c505a46b24ee0cec33d7678d3a4ef18ee?s=96&d=mm&r=g","contentUrl":"https:\/\/secure.gravatar.com\/avatar\/6dad5268b41262db617445641361944c505a46b24ee0cec33d7678d3a4ef18ee?s=96&d=mm&r=g","caption":"admin"},"sameAs":["https:\/\/vicusalbus.org\/wordpress\/wordpress"],"url":"https:\/\/vicusalbus.org\/?author=1"}]}},"_links":{"self":[{"href":"https:\/\/vicusalbus.org\/index.php?rest_route=\/wp\/v2\/posts\/85","targetHints":{"allow":["GET"]}}],"collection":[{"href":"https:\/\/vicusalbus.org\/index.php?rest_route=\/wp\/v2\/posts"}],"about":[{"href":"https:\/\/vicusalbus.org\/index.php?rest_route=\/wp\/v2\/types\/post"}],"author":[{"embeddable":true,"href":"https:\/\/vicusalbus.org\/index.php?rest_route=\/wp\/v2\/users\/1"}],"replies":[{"embeddable":true,"href":"https:\/\/vicusalbus.org\/index.php?rest_route=%2Fwp%2Fv2%2Fcomments&post=85"}],"version-history":[{"count":0,"href":"https:\/\/vicusalbus.org\/index.php?rest_route=\/wp\/v2\/posts\/85\/revisions"}],"wp:attachment":[{"href":"https:\/\/vicusalbus.org\/index.php?rest_route=%2Fwp%2Fv2%2Fmedia&parent=85"}],"wp:term":[{"taxonomy":"category","embeddable":true,"href":"https:\/\/vicusalbus.org\/index.php?rest_route=%2Fwp%2Fv2%2Fcategories&post=85"},{"taxonomy":"post_tag","embeddable":true,"href":"https:\/\/vicusalbus.org\/index.php?rest_route=%2Fwp%2Fv2%2Ftags&post=85"}],"curies":[{"name":"wp","href":"https:\/\/api.w.org\/{rel}","templated":true}]}}